{"id":44117,"date":"2014-01-10T00:00:00","date_gmt":"2014-01-09T23:00:00","guid":{"rendered":"https:\/\/www.gossip.it\/senza-categoria\/salvatore-angelucci-la-barba-e-un-po-bianca\/"},"modified":"2014-01-10T00:00:00","modified_gmt":"2014-01-09T23:00:00","slug":"salvatore-angelucci-la-barba-e-un-po-bianca","status":"publish","type":"post","link":"https:\/\/www.gossip.it\/news\/salvatore-angelucci-la-barba-e-un-po-bianca\/","title":{"rendered":"Salvatore Angelucci, la barba \u00e8 un po' bianca"},"content":{"rendered":"<p>La barba \u00e8 sempre pi\u00f9 lunga e ci sono anche parecchi fili bianchi. <a href=\"http:\/\/www.gossip.it\/news\/monografia.php?keyword=Sas\u00e0 Angelucci\">Sas\u00e0 Angelucci<\/a> ormai questo nuovo <b>look<\/b> non lo molla pi\u00f9, il rasoio del barbiere sembra proprio essere diventata una possibilit\u00e0 remota. Si piace cos\u00ec l<b>'ex tronista<\/b>, orma lanciassimo <b>dj<\/b>, e sul social posta un suo primo piano un po' corrucciato (<a href=\"http:\/\/www.gossip.it\/news\/asc_showfoto.php?ID=1389368507\"><b><u>clicca qui per ingrandire<\/u><\/b><\/a>).<\/p>\n<p>Sas\u00e0 ha trascorso le festivit\u00e0 di Natale insieme alla figlia <b>Ginevra<\/b> e alla sua ex compagna <a href=\"http:\/\/www.gossip.it\/news\/monografia.php?keyword=Karina Cascella\">Karina Cascella<\/a>. Qualcuno ha persino parlato di ritorno di fiamma, invece la bella bionda, stando agli ultimi gossip, sarebbe caduta tra le braccia di <a href=\"http:\/\/www.gossip.it\/news\/monografia.php?keyword=Alessandro Fogacci\">Alessandro Fogacci<\/a>, il calciatore che fino a poco tempo fa faceva coppia con l'ex velina <a href=\"http:\/\/www.gossip.it\/news\/monografia.php?keyword=Costanza Caracciolo\">Costanza Caracciolo<\/a>. Quest'ultima, invece, il sorriso pare averlo ritrovato grazie all'attore <a href=\"http:\/\/www.gossip.it\/news\/monografia.php?keyword=Primo Reggiani\">Primo Reggiani<\/a>. E in questi girotondi amorosi, Sas\u00e0 ci si ritrova in mezzo suo malgrado. Ma lui non sembra esserne scalfito e il suo aspetto barbuto lo rende ancora pi\u00f9 impenetrabile.<\/p>\n","protected":false},"excerpt":{"rendered":"<p>La barba \u00e8 sempre pi\u00f9 lunga e ci sono anche parecchi fili bianchi. Sas\u00e0 Angelucci ormai questo nuovo look non lo molla pi\u00f9, il rasoio del barbiere sembra proprio essere diventata una possibilit\u00e0 remota. Si piace cos\u00ec l'ex tronista, orma lanciassimo dj, e sul social posta un suo primo piano un po' corrucciato (clicca qui [&hellip;]<\/p>\n","protected":false},"author":1,"featured_media":100163,"comment_status":"closed","ping_status":"closed","sticky":false,"template":"","format":"standard","meta":{"footnotes":""},"categories":[54],"tags":[18357,47529,1880,7192,8727,46644,8726,1923],"vip":[261,532,1038,1525,1644],"class_list":["post-44117","post","type-post","status-publish","format-standard","has-post-thumbnail","hentry","category-news","tag-adii","tag-barbra","tag-coppia","tag-ginevra","tag-ginny","tag-instagram-figli","tag-sasa-angelucci","tag-social","vip-alessandro_fogacci","vip-costanza_caracciolo","vip-karina_cascella","vip-primo_reggiani","vip-salvatore_angelucci"],"yoast_head":"<title>Salvatore Angelucci, la barba \u00e8 un po&#039; bianca - Gossip.it | News sul Gossip e VIP<\/title>\n<meta name=\"description\" content=\"La barba \u00e8 sempre pi\u00f9 lunga e ci sono anche parecchi fili bianchi. Sas\u00e0 Angelucci ormai questo nuovo look non lo molla pi\u00f9, il rasoio del barbiere sembra\" \/>\n<meta name=\"robots\" content=\"index, follow, max-snippet:-1, max-image-preview:large, max-video-preview:-1\" \/>\n<link rel=\"canonical\" href=\"https:\/\/www.gossip.it\/news\/salvatore-angelucci-la-barba-e-un-po-bianca\/\" \/>\n<meta property=\"og:locale\" content=\"it_IT\" \/>\n<meta property=\"og:type\" content=\"article\" \/>\n<meta property=\"og:title\" content=\"Salvatore Angelucci, la barba \u00e8 un po&#039; bianca - Gossip.it | News sul Gossip e VIP\" \/>\n<meta property=\"og:description\" content=\"La barba \u00e8 sempre pi\u00f9 lunga e ci sono anche parecchi fili bianchi. Sas\u00e0 Angelucci ormai questo nuovo look non lo molla pi\u00f9, il rasoio del barbiere sembra\" \/>\n<meta property=\"og:url\" content=\"https:\/\/www.gossip.it\/news\/salvatore-angelucci-la-barba-e-un-po-bianca\/\" \/>\n<meta property=\"og:site_name\" content=\"Gossip.it | News sul Gossip e VIP\" \/>\n<meta property=\"article:publisher\" content=\"https:\/\/www.facebook.com\/GossipIT\" \/>\n<meta property=\"article:published_time\" content=\"2014-01-09T23:00:00+00:00\" \/>\n<meta property=\"og:image\" content=\"http:\/\/www.gossip.it\/images5\/1389368507_.jpg\" \/>\n<meta name=\"author\" content=\"La Redazione\" \/>\n<meta name=\"twitter:card\" content=\"summary_large_image\" \/>\n<meta name=\"twitter:image\" content=\"http:\/\/www.gossip.it\/images5\/1389368507_.jpg\" \/>\n<meta name=\"twitter:creator\" content=\"@gossinews_it\" \/>\n<meta name=\"twitter:site\" content=\"@gossinews_it\" \/>\n<meta name=\"twitter:label1\" content=\"Scritto da\" \/>\n\t<meta name=\"twitter:data1\" content=\"Francesca Romana Domenici\" \/>\n\t<meta name=\"twitter:label2\" content=\"Tempo di lettura stimato\" \/>\n\t<meta name=\"twitter:data2\" content=\"1 minuto\" \/>","yoast_head_json":{"title":"Salvatore Angelucci, la barba \u00e8 un po' bianca - Gossip.it | News sul Gossip e VIP","description":"La barba \u00e8 sempre pi\u00f9 lunga e ci sono anche parecchi fili bianchi. Sas\u00e0 Angelucci ormai questo nuovo look non lo molla pi\u00f9, il rasoio del barbiere sembra","robots":{"index":"index","follow":"follow","max-snippet":"max-snippet:-1","max-image-preview":"max-image-preview:large","max-video-preview":"max-video-preview:-1"},"canonical":"https:\/\/www.gossip.it\/news\/salvatore-angelucci-la-barba-e-un-po-bianca\/","og_locale":"it_IT","og_type":"article","og_title":"Salvatore Angelucci, la barba \u00e8 un po' bianca - Gossip.it | News sul Gossip e VIP","og_description":"La barba \u00e8 sempre pi\u00f9 lunga e ci sono anche parecchi fili bianchi. Sas\u00e0 Angelucci ormai questo nuovo look non lo molla pi\u00f9, il rasoio del barbiere sembra","og_url":"https:\/\/www.gossip.it\/news\/salvatore-angelucci-la-barba-e-un-po-bianca\/","og_site_name":"Gossip.it | News sul Gossip e VIP","article_publisher":"https:\/\/www.facebook.com\/GossipIT","article_published_time":"2014-01-09T23:00:00+00:00","og_image":[{"url":"http:\/\/www.gossip.it\/images5\/1389368507_.jpg"}],"author":"La Redazione","twitter_card":"summary_large_image","twitter_image":"http:\/\/www.gossip.it\/images5\/1389368507_.jpg","twitter_creator":"@gossinews_it","twitter_site":"@gossinews_it","twitter_misc":{"Scritto da":"Francesca Romana Domenici","Tempo di lettura stimato":"1 minuto"},"schema":{"@context":"https:\/\/schema.org","@graph":[{"@type":"Article","@id":"https:\/\/www.gossip.it\/news\/salvatore-angelucci-la-barba-e-un-po-bianca\/#article","isPartOf":{"@id":"https:\/\/www.gossip.it\/news\/salvatore-angelucci-la-barba-e-un-po-bianca\/"},"author":{"name":"La Redazione","@id":"https:\/\/www.gossip.it\/#\/schema\/person\/488896f75158bff1cc83c6c39d141110"},"headline":"Salvatore Angelucci, la barba \u00e8 un po' bianca","datePublished":"2014-01-09T23:00:00+00:00","dateModified":"2014-01-09T23:00:00+00:00","mainEntityOfPage":{"@id":"https:\/\/www.gossip.it\/news\/salvatore-angelucci-la-barba-e-un-po-bianca\/"},"wordCount":164,"publisher":{"@id":"https:\/\/www.gossip.it\/#organization"},"image":{"@id":"https:\/\/www.gossip.it\/news\/salvatore-angelucci-la-barba-e-un-po-bianca\/#primaryimage"},"thumbnailUrl":"http:\/\/www.gossip.it\/images5\/1389368507_.jpg","keywords":["adii","barbra","coppia","ginevra","ginny","instagram figli","sas\u00e0 angelucci","social"],"articleSection":["News"],"inLanguage":"it-IT"},{"@type":"WebPage","@id":"https:\/\/www.gossip.it\/news\/salvatore-angelucci-la-barba-e-un-po-bianca\/","url":"https:\/\/www.gossip.it\/news\/salvatore-angelucci-la-barba-e-un-po-bianca\/","name":"Salvatore Angelucci, la barba \u00e8 un po' bianca - Gossip.it | News sul Gossip e VIP","isPartOf":{"@id":"https:\/\/www.gossip.it\/#website"},"primaryImageOfPage":{"@id":"https:\/\/www.gossip.it\/news\/salvatore-angelucci-la-barba-e-un-po-bianca\/#primaryimage"},"image":{"@id":"https:\/\/www.gossip.it\/news\/salvatore-angelucci-la-barba-e-un-po-bianca\/#primaryimage"},"thumbnailUrl":"http:\/\/www.gossip.it\/images5\/1389368507_.jpg","datePublished":"2014-01-09T23:00:00+00:00","dateModified":"2014-01-09T23:00:00+00:00","description":"La barba \u00e8 sempre pi\u00f9 lunga e ci sono anche parecchi fili bianchi. Sas\u00e0 Angelucci ormai questo nuovo look non lo molla pi\u00f9, il rasoio del barbiere sembra","breadcrumb":{"@id":"https:\/\/www.gossip.it\/news\/salvatore-angelucci-la-barba-e-un-po-bianca\/#breadcrumb"},"inLanguage":"it-IT","potentialAction":[{"@type":"ReadAction","target":["https:\/\/www.gossip.it\/news\/salvatore-angelucci-la-barba-e-un-po-bianca\/"]}]},{"@type":"ImageObject","inLanguage":"it-IT","@id":"https:\/\/www.gossip.it\/news\/salvatore-angelucci-la-barba-e-un-po-bianca\/#primaryimage","url":"http:\/\/www.gossip.it\/images5\/1389368507_.jpg","contentUrl":"http:\/\/www.gossip.it\/images5\/1389368507_.jpg"},{"@type":"BreadcrumbList","@id":"https:\/\/www.gossip.it\/news\/salvatore-angelucci-la-barba-e-un-po-bianca\/#breadcrumb","itemListElement":[{"@type":"ListItem","position":1,"name":"Home","item":"https:\/\/www.gossip.it\/"},{"@type":"ListItem","position":2,"name":"Salvatore Angelucci, la barba \u00e8 un po' bianca"}]},{"@type":"WebSite","@id":"https:\/\/www.gossip.it\/#website","url":"https:\/\/www.gossip.it\/","name":"Gossip and VIP News","description":"Quotidiano di cronaca rosa, costume e societ\u00e0","publisher":{"@id":"https:\/\/www.gossip.it\/#organization"},"alternateName":"Gossip and VIP News","potentialAction":[{"@type":"SearchAction","target":{"@type":"EntryPoint","urlTemplate":"https:\/\/www.gossip.it\/?s={search_term_string}"},"query-input":{"@type":"PropertyValueSpecification","valueRequired":true,"valueName":"search_term_string"}}],"inLanguage":"it-IT"},{"@type":"Organization","@id":"https:\/\/www.gossip.it\/#organization","name":"Gossip and VIP News","alternateName":"Gossip News","url":"https:\/\/www.gossip.it\/","logo":{"@type":"ImageObject","inLanguage":"it-IT","@id":"https:\/\/www.gossip.it\/#\/schema\/logo\/image\/","url":"https:\/\/www.gossip.it\/wp-content\/uploads\/2022\/04\/cropped-corna-alta-tiny.png","contentUrl":"https:\/\/www.gossip.it\/wp-content\/uploads\/2022\/04\/cropped-corna-alta-tiny.png","width":512,"height":512,"caption":"Gossip and VIP News"},"image":{"@id":"https:\/\/www.gossip.it\/#\/schema\/logo\/image\/"},"sameAs":["https:\/\/www.facebook.com\/GossipIT","https:\/\/x.com\/gossinews_it","https:\/\/instagram.com\/gossip_it"]},{"@type":"Person","@id":"https:\/\/www.gossip.it\/#\/schema\/person\/488896f75158bff1cc83c6c39d141110","name":"La Redazione","image":{"@type":"ImageObject","inLanguage":"it-IT","@id":"https:\/\/www.gossip.it\/#\/schema\/person\/image\/","url":"https:\/\/secure.gravatar.com\/avatar\/5a5f5c6fa3e6700e4249abdad0263a1e94e927d9e0499b1cb09c1cd29c044d80?s=96&d=mm&r=g","contentUrl":"https:\/\/secure.gravatar.com\/avatar\/5a5f5c6fa3e6700e4249abdad0263a1e94e927d9e0499b1cb09c1cd29c044d80?s=96&d=mm&r=g","caption":"La Redazione"},"sameAs":["https:\/\/www.gossip.it"]}]}},"amp_enabled":true,"_links":{"self":[{"href":"https:\/\/www.gossip.it\/api\/wp\/v2\/posts\/44117","targetHints":{"allow":["GET"]}}],"collection":[{"href":"https:\/\/www.gossip.it\/api\/wp\/v2\/posts"}],"about":[{"href":"https:\/\/www.gossip.it\/api\/wp\/v2\/types\/post"}],"author":[{"embeddable":true,"href":"https:\/\/www.gossip.it\/api\/wp\/v2\/users\/1"}],"replies":[{"embeddable":true,"href":"https:\/\/www.gossip.it\/api\/wp\/v2\/comments?post=44117"}],"version-history":[{"count":0,"href":"https:\/\/www.gossip.it\/api\/wp\/v2\/posts\/44117\/revisions"}],"wp:featuredmedia":[{"embeddable":true,"href":"https:\/\/www.gossip.it\/api\/wp\/v2\/media\/100163"}],"wp:attachment":[{"href":"https:\/\/www.gossip.it\/api\/wp\/v2\/media?parent=44117"}],"wp:term":[{"taxonomy":"category","embeddable":true,"href":"https:\/\/www.gossip.it\/api\/wp\/v2\/categories?post=44117"},{"taxonomy":"post_tag","embeddable":true,"href":"https:\/\/www.gossip.it\/api\/wp\/v2\/tags?post=44117"},{"taxonomy":"vip","embeddable":true,"href":"https:\/\/www.gossip.it\/api\/wp\/v2\/vip?post=44117"}],"curies":[{"name":"wp","href":"https:\/\/api.w.org\/{rel}","templated":true}]}}