{"id":44527,"date":"2014-01-29T00:00:00","date_gmt":"2014-01-28T23:00:00","guid":{"rendered":"https:\/\/www.gossip.it\/senza-categoria\/gigi-e-alena-e-buffon-a-dire-di-no\/"},"modified":"2014-01-29T00:00:00","modified_gmt":"2014-01-28T23:00:00","slug":"gigi-e-alena-e-buffon-a-dire-di-no","status":"publish","type":"post","link":"https:\/\/www.gossip.it\/news\/gigi-e-alena-e-buffon-a-dire-di-no\/","title":{"rendered":"Gigi e Alena: \u00e8 Buffon a dire di no"},"content":{"rendered":"<p>Le nuvole rimangono nere, \u00e8 tempo di bufera. Il presunto crack tra <a href=\"http:\/\/www.gossip.it\/news\/monografia.php?keyword=Alena Seredova\">Alena Seredova<\/a> e <a href=\"http:\/\/www.gossip.it\/news\/monografia.php?keyword=Gigi Buffon\">Gigi Buffon<\/a> continua a far discutere. <em>Chi<\/em>, che tramite il suo direttore, <a href=\"http:\/\/www.gossip.it\/news\/monografia.php?keyword=Alfonso Signorini\">Alfonso Signorini<\/a>, ha scatenato i rumor, non fa passi indietro. Il settimanale ha contattato il portiere della <em>Juventus<\/em>.<\/p>\n<figure class=\"caption\"><img decoding=\"async\" alt=\"\" width=\"620\" height=\"450\" src=\"http:\/\/files.gossip.it\/immagini_news\/2014\/01\/1390993622_buffon-seredova.jpg\" \/><figcaption>Alena Seredova e Gigi Buffon<\/figcaption><\/figure>\n<p>Il numero 1 della nazionale ha risposto con un <strong>sms<\/strong>. <em>\"Ho sentito che in questo periodo sono in auge...<\/em> - ha scritto Buffon - <em>Ma ho un difetto grande, sono sempre stato per le gesta sportive quindi non voglio e non devo confordermi con tutto ci\u00f2 che riguarda il privato, anche perch\u00e8 \u00e8 privato. La mia vita decido io come, quando e perch\u00e9 metterla in piazza. Tanto ho visto che la fantasia per scherzarci su non manca, scegliendo anche personaggi e ruoli che stimolano le pi\u00f9 variegate immaginazioni, tra <strong>macellai<\/strong>, idraulici e nani di corte pronti a consolare <strong>regine orfane di re<\/strong>\"<\/em>.<\/p>\n<p>Il giornale ha cercato anche di parlare con la Seredova, che, lapidaria, ha detto: <em>\"Chi mi conosce sa che per prima proteggo la nostra famiglia senza dare spettacolo. Grazie\"<\/em>.<br \/><strong>La crisi tra i due nasce da lontano<\/strong>. Chi ricostruisce i fatti di cui sarebbe venuto a conoscenza.\u00a0A Capodanno 2011, solo <strong>pochi mesi dopo le nozze<\/strong> a Praga, la Seredova \u00e8 partita per la Repubblica Ceca con i due figli, <strong>Louis Thomas<\/strong>, nato il 28 dicembre 2007, e <strong>David Lee<\/strong>, nato il 31 ottobre 2009. Buffon l'avrebbe raggiunta per un solo giorno. Secondo ben informati, il calciatore gi\u00e0 all'epoca si 'incontrava' con una bella ragazza spagnola, fisico al top e capelli biondi. Lei gli avrebbe pure dedicato un brano musicale, prontamente rimosso da <em>YouTube<\/em>.<\/p>\n<figure class=\"caption\"><img decoding=\"async\" alt=\"\" width=\"620\" height=\"400\" src=\"http:\/\/files.gossip.it\/immagini_news\/2014\/01\/1390994235_buffon_seredova2.jpg\" \/><figcaption>Alena Seredova e Gigi Buffon in una paparazzata d'archivio<\/figcaption><\/figure>\n<p>Tanti <strong>schricchiolii<\/strong>... Poi, l'estate scorsa, per la <em>Confederation Cup<\/em>, Alena ha deciso di seguire Gigi in <strong>Brasile<\/strong>. Tutto perfetto? No, le altre wags presenti avrebbero raccontato di <strong>liti furibonde<\/strong> tra i due. Al ritorno, una vacanza per cercare di aggiustare le cose in Sudamerica. Gi\u00e0 in autunno, per\u00f2, \u00e8 <strong>vita separata<\/strong>, con la Seredova spesso in viaggio insieme ai pargoli. Il settimanale parla di una donna 'isolata', dedita solo ai figli, al cane e al 'tato' Adry.\u00a0I primi di gennaio Gigi viene invitato a \"<em>Tiki Taka<\/em>\", il programma condotto da <a href=\"http:\/\/www.gossip.it\/news\/monografia.php?keyword=Pierluigi Pardo\">Pierluigi Pardo<\/a> su <em>Italia1<\/em>. La redazione vuole regalargli un <strong>videomessaggio<\/strong> di Alena da mandare in onda: la showgirl sarebbe disponibile, ma Buffon lo blocca, <strong>non lo vuole<\/strong>. L'addio sembra sempre pi\u00f9 certo. In questa altalena sentimentale entra in gioco <a href=\"http:\/\/www.gossip.it\/news\/monografia.php?keyword=Ilaria D'Amico\">Ilaria D'Amico<\/a>, dal settembre scorso <strong>tornata single<\/strong>.<\/p>\n<figure class=\"caption\"><img decoding=\"async\" alt=\"\" width=\"620\" height=\"400\" src=\"http:\/\/files.gossip.it\/immagini_news\/2014\/01\/1390993846_damico.jpg\" \/><figcaption>Ilaria D'Amico<\/figcaption><\/figure>\n<p>La conduttrice di <em>Sky Sport<\/em> ha concluso il legame con <a href=\"http:\/\/www.gossip.it\/news\/monografia.php?keyword=Rocco Attisani\">Rocco Attisani<\/a>, padre di suo figlio Pietro. I rapporti tra i due sono ottimi. Il regista ha preso un appartamento in centro a <strong>Milano<\/strong> vicino a Ilaria e vive una nuova storia d'amore con la<strong> ballerina argentina<\/strong> Haridian Benavente. La D'Amico incontra Buffon a una serata benefica a ottobre, promossa ada <em>Amo la vita onlus<\/em>. Sembra che proprio l\u00ec scocchi la <strong>scintilla<\/strong>. Da Torino arriva un 'boato': il calciatore bianconero si starebbe facendo arredare una nuova casa in cui campeggierebbero le foto della mora, avrebbe quindi letteralmente perso la testa per lei.<\/p>\n<p>Si arriva ai giorni scorsi, con il gossip diventato di dominio pubblico. La D'Amico, per calmarsi e riflettere sul <strong>polverone<\/strong>, avrebbe cercato conforto dal suo manager, <strong>Beppe Caschetto<\/strong>. Buffon, a cui Alena al telefono non avrebbe riservato parole dolci, avrebbe ammesso di aver incontrato Ilaria per sole due volte, non chiarendo bene il motivo. I 'no comment' e i sussurri non si placano. Quello che pare pi\u00f9 portato all'addio, sembrerebbe, per\u00f2, proprio Gigi. I 'macellai' c'entrano davvero poco.<\/p>\n<p>\u00a0<\/p>\n<p>\u00a0<\/p>\n","protected":false},"excerpt":{"rendered":"<p>Le nuvole rimangono nere, \u00e8 tempo di bufera. Il presunto crack tra Alena Seredova e Gigi Buffon continua a far discutere. Chi, che tramite il suo direttore, Alfonso Signorini, ha scatenato i rumor, non fa passi indietro. Il settimanale ha contattato il portiere della Juventus. Alena Seredova e Gigi Buffon Il numero 1 della nazionale [&hellip;]<\/p>\n","protected":false},"author":1,"featured_media":100573,"comment_status":"closed","ping_status":"closed","sticky":false,"template":"","format":"standard","meta":{"footnotes":""},"categories":[54],"tags":[2104,3957,6407,13310],"vip":[246,946,1597],"class_list":["post-44527","post","type-post","status-publish","format-standard","has-post-thumbnail","hentry","category-news","tag-chi","tag-gigi-buffon","tag-pietro","tag-rotture","vip-alena_seredova","vip-ilaria_damico","vip-rocco_attisani"],"yoast_head":"<title>Gigi e Alena: \u00e8 Buffon a dire di no - Gossip.it | News sul Gossip e VIP<\/title>\n<meta name=\"description\" content=\"Le nuvole rimangono nere, \u00e8 tempo di bufera. Il presunto crack tra Alena Seredova e Gigi Buffon continua a far discutere. Chi, che tramite il suo\" \/>\n<meta name=\"robots\" content=\"index, follow, max-snippet:-1, max-image-preview:large, max-video-preview:-1\" \/>\n<link rel=\"canonical\" href=\"https:\/\/www.gossip.it\/news\/gigi-e-alena-e-buffon-a-dire-di-no\/\" \/>\n<meta property=\"og:locale\" content=\"it_IT\" \/>\n<meta property=\"og:type\" content=\"article\" \/>\n<meta property=\"og:title\" content=\"Gigi e Alena: \u00e8 Buffon a dire di no - Gossip.it | News sul Gossip e VIP\" \/>\n<meta property=\"og:description\" content=\"Le nuvole rimangono nere, \u00e8 tempo di bufera. Il presunto crack tra Alena Seredova e Gigi Buffon continua a far discutere. Chi, che tramite il suo\" \/>\n<meta property=\"og:url\" content=\"https:\/\/www.gossip.it\/news\/gigi-e-alena-e-buffon-a-dire-di-no\/\" \/>\n<meta property=\"og:site_name\" content=\"Gossip.it | News sul Gossip e VIP\" \/>\n<meta property=\"article:publisher\" content=\"https:\/\/www.facebook.com\/GossipIT\" \/>\n<meta property=\"article:published_time\" content=\"2014-01-28T23:00:00+00:00\" \/>\n<meta property=\"og:image\" content=\"http:\/\/files.gossip.it\/immagini_news\/2014\/01\/1390993622_buffon-seredova.jpg\" \/>\n<meta name=\"author\" content=\"La Redazione\" \/>\n<meta name=\"twitter:card\" content=\"summary_large_image\" \/>\n<meta name=\"twitter:image\" content=\"http:\/\/files.gossip.it\/immagini_news\/2014\/01\/1390993622_buffon-seredova.jpg\" \/>\n<meta name=\"twitter:creator\" content=\"@gossinews_it\" \/>\n<meta name=\"twitter:site\" content=\"@gossinews_it\" \/>\n<meta name=\"twitter:label1\" content=\"Scritto da\" \/>\n\t<meta name=\"twitter:data1\" content=\"Annamaria Capozzi\" \/>\n\t<meta name=\"twitter:label2\" content=\"Tempo di lettura stimato\" \/>\n\t<meta name=\"twitter:data2\" content=\"3 minuti\" \/>","yoast_head_json":{"title":"Gigi e Alena: \u00e8 Buffon a dire di no - Gossip.it | News sul Gossip e VIP","description":"Le nuvole rimangono nere, \u00e8 tempo di bufera. Il presunto crack tra Alena Seredova e Gigi Buffon continua a far discutere. Chi, che tramite il suo","robots":{"index":"index","follow":"follow","max-snippet":"max-snippet:-1","max-image-preview":"max-image-preview:large","max-video-preview":"max-video-preview:-1"},"canonical":"https:\/\/www.gossip.it\/news\/gigi-e-alena-e-buffon-a-dire-di-no\/","og_locale":"it_IT","og_type":"article","og_title":"Gigi e Alena: \u00e8 Buffon a dire di no - Gossip.it | News sul Gossip e VIP","og_description":"Le nuvole rimangono nere, \u00e8 tempo di bufera. Il presunto crack tra Alena Seredova e Gigi Buffon continua a far discutere. Chi, che tramite il suo","og_url":"https:\/\/www.gossip.it\/news\/gigi-e-alena-e-buffon-a-dire-di-no\/","og_site_name":"Gossip.it | News sul Gossip e VIP","article_publisher":"https:\/\/www.facebook.com\/GossipIT","article_published_time":"2014-01-28T23:00:00+00:00","og_image":[{"url":"http:\/\/files.gossip.it\/immagini_news\/2014\/01\/1390993622_buffon-seredova.jpg"}],"author":"La Redazione","twitter_card":"summary_large_image","twitter_image":"http:\/\/files.gossip.it\/immagini_news\/2014\/01\/1390993622_buffon-seredova.jpg","twitter_creator":"@gossinews_it","twitter_site":"@gossinews_it","twitter_misc":{"Scritto da":"Annamaria Capozzi","Tempo di lettura stimato":"3 minuti"},"schema":{"@context":"https:\/\/schema.org","@graph":[{"@type":"Article","@id":"https:\/\/www.gossip.it\/news\/gigi-e-alena-e-buffon-a-dire-di-no\/#article","isPartOf":{"@id":"https:\/\/www.gossip.it\/news\/gigi-e-alena-e-buffon-a-dire-di-no\/"},"author":{"name":"La Redazione","@id":"https:\/\/www.gossip.it\/#\/schema\/person\/488896f75158bff1cc83c6c39d141110"},"headline":"Gigi e Alena: \u00e8 Buffon a dire di no","datePublished":"2014-01-28T23:00:00+00:00","dateModified":"2014-01-28T23:00:00+00:00","mainEntityOfPage":{"@id":"https:\/\/www.gossip.it\/news\/gigi-e-alena-e-buffon-a-dire-di-no\/"},"wordCount":614,"publisher":{"@id":"https:\/\/www.gossip.it\/#organization"},"image":{"@id":"https:\/\/www.gossip.it\/news\/gigi-e-alena-e-buffon-a-dire-di-no\/#primaryimage"},"thumbnailUrl":"http:\/\/files.gossip.it\/immagini_news\/2014\/01\/1390993622_buffon-seredova.jpg","keywords":["chi","gigi buffon","Pietro","rotture"],"articleSection":["News"],"inLanguage":"it-IT"},{"@type":"WebPage","@id":"https:\/\/www.gossip.it\/news\/gigi-e-alena-e-buffon-a-dire-di-no\/","url":"https:\/\/www.gossip.it\/news\/gigi-e-alena-e-buffon-a-dire-di-no\/","name":"Gigi e Alena: \u00e8 Buffon a dire di no - Gossip.it | News sul Gossip e VIP","isPartOf":{"@id":"https:\/\/www.gossip.it\/#website"},"primaryImageOfPage":{"@id":"https:\/\/www.gossip.it\/news\/gigi-e-alena-e-buffon-a-dire-di-no\/#primaryimage"},"image":{"@id":"https:\/\/www.gossip.it\/news\/gigi-e-alena-e-buffon-a-dire-di-no\/#primaryimage"},"thumbnailUrl":"http:\/\/files.gossip.it\/immagini_news\/2014\/01\/1390993622_buffon-seredova.jpg","datePublished":"2014-01-28T23:00:00+00:00","dateModified":"2014-01-28T23:00:00+00:00","description":"Le nuvole rimangono nere, \u00e8 tempo di bufera. Il presunto crack tra Alena Seredova e Gigi Buffon continua a far discutere. Chi, che tramite il suo","breadcrumb":{"@id":"https:\/\/www.gossip.it\/news\/gigi-e-alena-e-buffon-a-dire-di-no\/#breadcrumb"},"inLanguage":"it-IT","potentialAction":[{"@type":"ReadAction","target":["https:\/\/www.gossip.it\/news\/gigi-e-alena-e-buffon-a-dire-di-no\/"]}]},{"@type":"ImageObject","inLanguage":"it-IT","@id":"https:\/\/www.gossip.it\/news\/gigi-e-alena-e-buffon-a-dire-di-no\/#primaryimage","url":"http:\/\/files.gossip.it\/immagini_news\/2014\/01\/1390993622_buffon-seredova.jpg","contentUrl":"http:\/\/files.gossip.it\/immagini_news\/2014\/01\/1390993622_buffon-seredova.jpg"},{"@type":"BreadcrumbList","@id":"https:\/\/www.gossip.it\/news\/gigi-e-alena-e-buffon-a-dire-di-no\/#breadcrumb","itemListElement":[{"@type":"ListItem","position":1,"name":"Home","item":"https:\/\/www.gossip.it\/"},{"@type":"ListItem","position":2,"name":"Gigi e Alena: \u00e8 Buffon a dire di no"}]},{"@type":"WebSite","@id":"https:\/\/www.gossip.it\/#website","url":"https:\/\/www.gossip.it\/","name":"Gossip and VIP News","description":"Quotidiano di cronaca rosa, costume e societ\u00e0","publisher":{"@id":"https:\/\/www.gossip.it\/#organization"},"alternateName":"Gossip and VIP News","potentialAction":[{"@type":"SearchAction","target":{"@type":"EntryPoint","urlTemplate":"https:\/\/www.gossip.it\/?s={search_term_string}"},"query-input":{"@type":"PropertyValueSpecification","valueRequired":true,"valueName":"search_term_string"}}],"inLanguage":"it-IT"},{"@type":"Organization","@id":"https:\/\/www.gossip.it\/#organization","name":"Gossip and VIP News","alternateName":"Gossip News","url":"https:\/\/www.gossip.it\/","logo":{"@type":"ImageObject","inLanguage":"it-IT","@id":"https:\/\/www.gossip.it\/#\/schema\/logo\/image\/","url":"https:\/\/www.gossip.it\/wp-content\/uploads\/2022\/04\/cropped-corna-alta-tiny.png","contentUrl":"https:\/\/www.gossip.it\/wp-content\/uploads\/2022\/04\/cropped-corna-alta-tiny.png","width":512,"height":512,"caption":"Gossip and VIP News"},"image":{"@id":"https:\/\/www.gossip.it\/#\/schema\/logo\/image\/"},"sameAs":["https:\/\/www.facebook.com\/GossipIT","https:\/\/x.com\/gossinews_it","https:\/\/instagram.com\/gossip_it"]},{"@type":"Person","@id":"https:\/\/www.gossip.it\/#\/schema\/person\/488896f75158bff1cc83c6c39d141110","name":"La Redazione","image":{"@type":"ImageObject","inLanguage":"it-IT","@id":"https:\/\/www.gossip.it\/#\/schema\/person\/image\/","url":"https:\/\/secure.gravatar.com\/avatar\/5a5f5c6fa3e6700e4249abdad0263a1e94e927d9e0499b1cb09c1cd29c044d80?s=96&d=mm&r=g","contentUrl":"https:\/\/secure.gravatar.com\/avatar\/5a5f5c6fa3e6700e4249abdad0263a1e94e927d9e0499b1cb09c1cd29c044d80?s=96&d=mm&r=g","caption":"La Redazione"},"sameAs":["https:\/\/www.gossip.it"]}]}},"amp_enabled":true,"_links":{"self":[{"href":"https:\/\/www.gossip.it\/api\/wp\/v2\/posts\/44527","targetHints":{"allow":["GET"]}}],"collection":[{"href":"https:\/\/www.gossip.it\/api\/wp\/v2\/posts"}],"about":[{"href":"https:\/\/www.gossip.it\/api\/wp\/v2\/types\/post"}],"author":[{"embeddable":true,"href":"https:\/\/www.gossip.it\/api\/wp\/v2\/users\/1"}],"replies":[{"embeddable":true,"href":"https:\/\/www.gossip.it\/api\/wp\/v2\/comments?post=44527"}],"version-history":[{"count":0,"href":"https:\/\/www.gossip.it\/api\/wp\/v2\/posts\/44527\/revisions"}],"wp:featuredmedia":[{"embeddable":true,"href":"https:\/\/www.gossip.it\/api\/wp\/v2\/media\/100573"}],"wp:attachment":[{"href":"https:\/\/www.gossip.it\/api\/wp\/v2\/media?parent=44527"}],"wp:term":[{"taxonomy":"category","embeddable":true,"href":"https:\/\/www.gossip.it\/api\/wp\/v2\/categories?post=44527"},{"taxonomy":"post_tag","embeddable":true,"href":"https:\/\/www.gossip.it\/api\/wp\/v2\/tags?post=44527"},{"taxonomy":"vip","embeddable":true,"href":"https:\/\/www.gossip.it\/api\/wp\/v2\/vip?post=44527"}],"curies":[{"name":"wp","href":"https:\/\/api.w.org\/{rel}","templated":true}]}}