{"id":44801,"date":"2014-02-10T00:00:00","date_gmt":"2014-02-09T23:00:00","guid":{"rendered":"https:\/\/www.gossip.it\/senza-categoria\/justin-bieber-nel-caos-tutta-colpa-di-selena\/"},"modified":"2014-02-10T00:00:00","modified_gmt":"2014-02-09T23:00:00","slug":"justin-bieber-nel-caos-tutta-colpa-di-selena","status":"publish","type":"post","link":"https:\/\/www.gossip.it\/news\/justin-bieber-nel-caos-tutta-colpa-di-selena\/","title":{"rendered":"Justin Bieber nel caos? Tutta colpa di Selena"},"content":{"rendered":"<p><a href=\"http:\/\/www.gossip.it\/news\/monografia.php?keyword=Justin Bieber\">Justin Bieber<\/a> ultimamente sembra essere uscito fuori di senno, ne ha fatte una pi\u00f9 del diavolo, \u00e8 stato addirittura arrestato. Secondo lo zio paterno <b>Jeremy<\/b>, il suo comportamento \u00e8 dovuto alla rottura con la fidanzata <a href=\"http:\/\/www.gossip.it\/news\/monografia.php?keyword=Selena Gomez\">Selena Gomez<\/a>.<\/p>\n<p><em>\"Come vi sentireste<\/em> - ha detto l'uomo al magazine <em>Star<\/em> - <em>se il vostro primo amore fosse andato in frantumi e se tutto questo fosse diventato di dominio pubblico, togliendovi cos\u00ec ogni opportunit\u00e0 di provare a rimettere le cose a posto?\"<\/em>.<em> \"E' solo un ragazzino<\/em> - ha aggiunto lo zio - <em>la gente lo dovrebbe capire. E' incredibilmente ricco e ha molte responsabilit\u00e0, ma ancora non le sa gestire\"<\/em>. Per il signor Jeremy, Justin ha un unico problema: <em>\"I<b>l cuore spezzato<\/b>\"<\/em>. Insomma, la vita sregolata della popstar sarebbe \"colpa\" di Selena Gomez. Quest'ultima dal canto suo sembra aver reagito in tutt'altro modo alla fine della loro liaison, senza colpi di testa, ma andando dritta per la sua strada.<\/p>\n","protected":false},"excerpt":{"rendered":"<p>Justin Bieber ultimamente sembra essere uscito fuori di senno, ne ha fatte una pi\u00f9 del diavolo, \u00e8 stato addirittura arrestato. Secondo lo zio paterno Jeremy, il suo comportamento \u00e8 dovuto alla rottura con la fidanzata Selena Gomez. \"Come vi sentireste - ha detto l'uomo al magazine Star - se il vostro primo amore fosse andato [&hellip;]<\/p>\n","protected":false},"author":1,"featured_media":100847,"comment_status":"closed","ping_status":"closed","sticky":false,"template":"","format":"standard","meta":{"footnotes":""},"categories":[54],"tags":[2350,2387,9512,1981,7308,47925,7635,3680,7761,4539],"vip":[],"class_list":["post-44801","post","type-post","status-publish","format-standard","has-post-thumbnail","hentry","category-news","tag-addio","tag-amore","tag-arresto","tag-cantante","tag-carcere","tag-jeremy","tag-justin-bieber","tag-rottura","tag-selena-gomez","tag-zio"],"yoast_head":"<title>Justin Bieber nel caos? Tutta colpa di Selena - Gossip.it | News sul Gossip e VIP<\/title>\n<meta name=\"description\" content=\"Justin Bieber ultimamente sembra essere uscito fuori di senno, ne ha fatte una pi\u00f9 del diavolo, \u00e8 stato addirittura arrestato. Secondo lo zio paterno\" \/>\n<meta name=\"robots\" content=\"index, follow, max-snippet:-1, max-image-preview:large, max-video-preview:-1\" \/>\n<link rel=\"canonical\" href=\"https:\/\/www.gossip.it\/news\/justin-bieber-nel-caos-tutta-colpa-di-selena\/\" \/>\n<meta property=\"og:locale\" content=\"it_IT\" \/>\n<meta property=\"og:type\" content=\"article\" \/>\n<meta property=\"og:title\" content=\"Justin Bieber nel caos? Tutta colpa di Selena - Gossip.it | News sul Gossip e VIP\" \/>\n<meta property=\"og:description\" content=\"Justin Bieber ultimamente sembra essere uscito fuori di senno, ne ha fatte una pi\u00f9 del diavolo, \u00e8 stato addirittura arrestato. Secondo lo zio paterno\" \/>\n<meta property=\"og:url\" content=\"https:\/\/www.gossip.it\/news\/justin-bieber-nel-caos-tutta-colpa-di-selena\/\" \/>\n<meta property=\"og:site_name\" content=\"Gossip.it | News sul Gossip e VIP\" \/>\n<meta property=\"article:publisher\" content=\"https:\/\/www.facebook.com\/GossipIT\" \/>\n<meta property=\"article:published_time\" content=\"2014-02-09T23:00:00+00:00\" \/>\n<meta property=\"og:image\" content=\"http:\/\/www.gossip.it\/images5\/1392025744_.jpg\" \/>\n<meta name=\"author\" content=\"La Redazione\" \/>\n<meta name=\"twitter:card\" content=\"summary_large_image\" \/>\n<meta name=\"twitter:image\" content=\"http:\/\/www.gossip.it\/images5\/1392025744_.jpg\" \/>\n<meta name=\"twitter:creator\" content=\"@gossinews_it\" \/>\n<meta name=\"twitter:site\" content=\"@gossinews_it\" \/>\n<meta name=\"twitter:label1\" content=\"Scritto da\" \/>\n\t<meta name=\"twitter:data1\" content=\"Francesca Romana Domenici\" \/>\n\t<meta name=\"twitter:label2\" content=\"Tempo di lettura stimato\" \/>\n\t<meta name=\"twitter:data2\" content=\"1 minuto\" \/>","yoast_head_json":{"title":"Justin Bieber nel caos? Tutta colpa di Selena - Gossip.it | News sul Gossip e VIP","description":"Justin Bieber ultimamente sembra essere uscito fuori di senno, ne ha fatte una pi\u00f9 del diavolo, \u00e8 stato addirittura arrestato. Secondo lo zio paterno","robots":{"index":"index","follow":"follow","max-snippet":"max-snippet:-1","max-image-preview":"max-image-preview:large","max-video-preview":"max-video-preview:-1"},"canonical":"https:\/\/www.gossip.it\/news\/justin-bieber-nel-caos-tutta-colpa-di-selena\/","og_locale":"it_IT","og_type":"article","og_title":"Justin Bieber nel caos? Tutta colpa di Selena - Gossip.it | News sul Gossip e VIP","og_description":"Justin Bieber ultimamente sembra essere uscito fuori di senno, ne ha fatte una pi\u00f9 del diavolo, \u00e8 stato addirittura arrestato. Secondo lo zio paterno","og_url":"https:\/\/www.gossip.it\/news\/justin-bieber-nel-caos-tutta-colpa-di-selena\/","og_site_name":"Gossip.it | News sul Gossip e VIP","article_publisher":"https:\/\/www.facebook.com\/GossipIT","article_published_time":"2014-02-09T23:00:00+00:00","og_image":[{"url":"http:\/\/www.gossip.it\/images5\/1392025744_.jpg"}],"author":"La Redazione","twitter_card":"summary_large_image","twitter_image":"http:\/\/www.gossip.it\/images5\/1392025744_.jpg","twitter_creator":"@gossinews_it","twitter_site":"@gossinews_it","twitter_misc":{"Scritto da":"Francesca Romana Domenici","Tempo di lettura stimato":"1 minuto"},"schema":{"@context":"https:\/\/schema.org","@graph":[{"@type":"Article","@id":"https:\/\/www.gossip.it\/news\/justin-bieber-nel-caos-tutta-colpa-di-selena\/#article","isPartOf":{"@id":"https:\/\/www.gossip.it\/news\/justin-bieber-nel-caos-tutta-colpa-di-selena\/"},"author":{"name":"La Redazione","@id":"https:\/\/www.gossip.it\/#\/schema\/person\/488896f75158bff1cc83c6c39d141110"},"headline":"Justin Bieber nel caos? Tutta colpa di Selena","datePublished":"2014-02-09T23:00:00+00:00","dateModified":"2014-02-09T23:00:00+00:00","mainEntityOfPage":{"@id":"https:\/\/www.gossip.it\/news\/justin-bieber-nel-caos-tutta-colpa-di-selena\/"},"wordCount":164,"publisher":{"@id":"https:\/\/www.gossip.it\/#organization"},"image":{"@id":"https:\/\/www.gossip.it\/news\/justin-bieber-nel-caos-tutta-colpa-di-selena\/#primaryimage"},"thumbnailUrl":"http:\/\/www.gossip.it\/images5\/1392025744_.jpg","keywords":["addio","amore","arresto","cantante","carcere","jeremy","justin bieber","rottura","selena gomez","zio"],"articleSection":["News"],"inLanguage":"it-IT"},{"@type":"WebPage","@id":"https:\/\/www.gossip.it\/news\/justin-bieber-nel-caos-tutta-colpa-di-selena\/","url":"https:\/\/www.gossip.it\/news\/justin-bieber-nel-caos-tutta-colpa-di-selena\/","name":"Justin Bieber nel caos? Tutta colpa di Selena - Gossip.it | News sul Gossip e VIP","isPartOf":{"@id":"https:\/\/www.gossip.it\/#website"},"primaryImageOfPage":{"@id":"https:\/\/www.gossip.it\/news\/justin-bieber-nel-caos-tutta-colpa-di-selena\/#primaryimage"},"image":{"@id":"https:\/\/www.gossip.it\/news\/justin-bieber-nel-caos-tutta-colpa-di-selena\/#primaryimage"},"thumbnailUrl":"http:\/\/www.gossip.it\/images5\/1392025744_.jpg","datePublished":"2014-02-09T23:00:00+00:00","dateModified":"2014-02-09T23:00:00+00:00","description":"Justin Bieber ultimamente sembra essere uscito fuori di senno, ne ha fatte una pi\u00f9 del diavolo, \u00e8 stato addirittura arrestato. Secondo lo zio paterno","breadcrumb":{"@id":"https:\/\/www.gossip.it\/news\/justin-bieber-nel-caos-tutta-colpa-di-selena\/#breadcrumb"},"inLanguage":"it-IT","potentialAction":[{"@type":"ReadAction","target":["https:\/\/www.gossip.it\/news\/justin-bieber-nel-caos-tutta-colpa-di-selena\/"]}]},{"@type":"ImageObject","inLanguage":"it-IT","@id":"https:\/\/www.gossip.it\/news\/justin-bieber-nel-caos-tutta-colpa-di-selena\/#primaryimage","url":"http:\/\/www.gossip.it\/images5\/1392025744_.jpg","contentUrl":"http:\/\/www.gossip.it\/images5\/1392025744_.jpg"},{"@type":"BreadcrumbList","@id":"https:\/\/www.gossip.it\/news\/justin-bieber-nel-caos-tutta-colpa-di-selena\/#breadcrumb","itemListElement":[{"@type":"ListItem","position":1,"name":"Home","item":"https:\/\/www.gossip.it\/"},{"@type":"ListItem","position":2,"name":"Justin Bieber nel caos? Tutta colpa di Selena"}]},{"@type":"WebSite","@id":"https:\/\/www.gossip.it\/#website","url":"https:\/\/www.gossip.it\/","name":"Gossip and VIP News","description":"Quotidiano di cronaca rosa, costume e societ\u00e0","publisher":{"@id":"https:\/\/www.gossip.it\/#organization"},"alternateName":"Gossip and VIP News","potentialAction":[{"@type":"SearchAction","target":{"@type":"EntryPoint","urlTemplate":"https:\/\/www.gossip.it\/?s={search_term_string}"},"query-input":{"@type":"PropertyValueSpecification","valueRequired":true,"valueName":"search_term_string"}}],"inLanguage":"it-IT"},{"@type":"Organization","@id":"https:\/\/www.gossip.it\/#organization","name":"Gossip and VIP News","alternateName":"Gossip News","url":"https:\/\/www.gossip.it\/","logo":{"@type":"ImageObject","inLanguage":"it-IT","@id":"https:\/\/www.gossip.it\/#\/schema\/logo\/image\/","url":"https:\/\/www.gossip.it\/wp-content\/uploads\/2022\/04\/cropped-corna-alta-tiny.png","contentUrl":"https:\/\/www.gossip.it\/wp-content\/uploads\/2022\/04\/cropped-corna-alta-tiny.png","width":512,"height":512,"caption":"Gossip and VIP News"},"image":{"@id":"https:\/\/www.gossip.it\/#\/schema\/logo\/image\/"},"sameAs":["https:\/\/www.facebook.com\/GossipIT","https:\/\/x.com\/gossinews_it","https:\/\/instagram.com\/gossip_it"]},{"@type":"Person","@id":"https:\/\/www.gossip.it\/#\/schema\/person\/488896f75158bff1cc83c6c39d141110","name":"La Redazione","image":{"@type":"ImageObject","inLanguage":"it-IT","@id":"https:\/\/www.gossip.it\/#\/schema\/person\/image\/","url":"https:\/\/secure.gravatar.com\/avatar\/5a5f5c6fa3e6700e4249abdad0263a1e94e927d9e0499b1cb09c1cd29c044d80?s=96&d=mm&r=g","contentUrl":"https:\/\/secure.gravatar.com\/avatar\/5a5f5c6fa3e6700e4249abdad0263a1e94e927d9e0499b1cb09c1cd29c044d80?s=96&d=mm&r=g","caption":"La Redazione"},"sameAs":["https:\/\/www.gossip.it"]}]}},"amp_enabled":true,"_links":{"self":[{"href":"https:\/\/www.gossip.it\/api\/wp\/v2\/posts\/44801","targetHints":{"allow":["GET"]}}],"collection":[{"href":"https:\/\/www.gossip.it\/api\/wp\/v2\/posts"}],"about":[{"href":"https:\/\/www.gossip.it\/api\/wp\/v2\/types\/post"}],"author":[{"embeddable":true,"href":"https:\/\/www.gossip.it\/api\/wp\/v2\/users\/1"}],"replies":[{"embeddable":true,"href":"https:\/\/www.gossip.it\/api\/wp\/v2\/comments?post=44801"}],"version-history":[{"count":0,"href":"https:\/\/www.gossip.it\/api\/wp\/v2\/posts\/44801\/revisions"}],"wp:featuredmedia":[{"embeddable":true,"href":"https:\/\/www.gossip.it\/api\/wp\/v2\/media\/100847"}],"wp:attachment":[{"href":"https:\/\/www.gossip.it\/api\/wp\/v2\/media?parent=44801"}],"wp:term":[{"taxonomy":"category","embeddable":true,"href":"https:\/\/www.gossip.it\/api\/wp\/v2\/categories?post=44801"},{"taxonomy":"post_tag","embeddable":true,"href":"https:\/\/www.gossip.it\/api\/wp\/v2\/tags?post=44801"},{"taxonomy":"vip","embeddable":true,"href":"https:\/\/www.gossip.it\/api\/wp\/v2\/vip?post=44801"}],"curies":[{"name":"wp","href":"https:\/\/api.w.org\/{rel}","templated":true}]}}