{"id":44905,"date":"2014-02-13T00:00:00","date_gmt":"2014-02-12T23:00:00","guid":{"rendered":"https:\/\/www.gossip.it\/senza-categoria\/benedetta-valanzano-un-inno-per-salvare-la-terra-dei-fuochi\/"},"modified":"2014-02-13T00:00:00","modified_gmt":"2014-02-12T23:00:00","slug":"benedetta-valanzano-un-inno-per-salvare-la-terra-dei-fuochi","status":"publish","type":"post","link":"https:\/\/www.gossip.it\/news\/benedetta-valanzano-un-inno-per-salvare-la-terra-dei-fuochi\/","title":{"rendered":"Benedetta Valanzano, un inno per salvare la terra dei fuochi"},"content":{"rendered":"<p>La sua voce per un inno che regali speranza alla terra in cui \u00e8 nata. <a href=\"http:\/\/www.gossip.it\/news\/monografia.php?keyword=Benedetta Valanzano\">Benedetta Valanzano<\/a> ha debuttato da cantante con <strong>\"Una terra che tace\"<\/strong>, un brano di <strong>Claudio B. Lauri<\/strong> e <strong>Luca Toller<\/strong>, nato dalla collaborazione con la compagnia teatrale di <strong>\u201cL'anima buona di Lucignolo\u201d<\/strong> e ispirato a una lirica di <strong>Cesare Pavese<\/strong> contenuta nella raccolta <strong>\u201cLa terra e la morte\u201d<\/strong>.<\/p>\n<figure class=\"caption\"><img decoding=\"async\" alt=\"\" width=\"620\" height=\"620\" src=\"http:\/\/files.gossip.it\/immagini_news\/2014\/02\/1392287458_1.jpg\" \/><figcaption>Benedetta Valanzano diventa cantante per dare speranza alla terra dei fuochi<\/figcaption><\/figure>\n<p>L'<a href=\"http:\/\/www.gossip.it\/news\/monografia.php?keyword=attrice\">attrice<\/a> nei mesi scorsi, sui social network, insieme a molti altri personaggi dello spettacolo, ha <em>'adottato'<\/em> un comune campano, facendosi fotografare con un cartello in mano che incitava a non far morire la terra dei fuochi. Il suo impegno sociale \u00e8 voluto andare oltre. <em>\u201cDa sempre vivo la mia terra<\/em> - ha spiegato la Valanzano - <em><strong>Non ho mai pensato di strumentalizzare \u201cla terra dei fuochi\u201d<\/strong>, la mia \u00e8 una canzone lontana dai clich\u00e9, <strong>un inno di speranza e una preghiera collettiva<\/strong>\u201d<\/em>. E ha aggiunto: <em><strong>\u201cNon dobbiamo tacere, ma farci ascoltare: non \u00e8 vero che non cambier\u00e0 mai nulla\u201d<\/strong><\/em>.<\/p>\n<figure class=\"caption\"><img decoding=\"async\" alt=\"\" width=\"620\" height=\"726\" src=\"http:\/\/files.gossip.it\/immagini_news\/2014\/02\/1392287534_2.jpg\" \/><figcaption>L'attrice su FB si era gi\u00e0 impegnata socialmente a favore dei comuni campani\u00a0<\/figcaption><\/figure>\n<p><strong>\"Una terra che tace\"<\/strong> \u00e8 stata esclusa dal prossimo <a href=\"http:\/\/www.gossip.it\/news\/monografia.php?keyword=Festival di Sanremo\">Festival di Sanremo<\/a>: <em><strong>\"Non l'hanno ammessa: per un'attrice era un'idea folle poter cantare coi i big all'Ariston: ci ho provato perch\u00e9 <\/strong><\/em><a href=\"http:\/\/www.gossip.it\/news\/monografia.php?keyword=Fabio Fazio\">Fabio Fazio<\/a><em><strong> da sempre \u00e8 sensibile ai temi sociali\u201d<\/strong><\/em>. Benedetta non si \u00e8 data per vinta. Il singolo \u00e8 uscito dal 10 febbraio scorso nei negozi di dischi e anche su iTunes. C'\u00e8 pure un video-clip con la regia di <strong>Claudio D'Avascio<\/strong>. Per sensibilizzare, per far sentire la propria rabbia contro la piaga dei rifiuti tossici e dei roghi che interessa le provincie del territorio della Campania. Come recita il brano:<em> \u201cC\u2019\u00e8 una terra che tace, sotto un seno di cemento\u201d<\/em>, <em>\u201cuna terra che muore\u201d<\/em>, <em>\u201cEppure da vent\u2019anni io sapevo\u201d<\/em>.<\/p>\n","protected":false},"excerpt":{"rendered":"<p>La sua voce per un inno che regali speranza alla terra in cui \u00e8 nata. Benedetta Valanzano ha debuttato da cantante con \"Una terra che tace\", un brano di Claudio B. Lauri e Luca Toller, nato dalla collaborazione con la compagnia teatrale di \u201cL'anima buona di Lucignolo\u201d e ispirato a una lirica di Cesare Pavese [&hellip;]<\/p>\n","protected":false},"author":1,"featured_media":100951,"comment_status":"closed","ping_status":"closed","sticky":false,"template":"","format":"standard","meta":{"footnotes":""},"categories":[54],"tags":[1983,1981,1924,2102,48128,2582,47070,48129],"vip":[402],"class_list":["post-44905","post","type-post","status-publish","format-standard","has-post-thumbnail","hentry","category-news","tag-attrice","tag-cantante","tag-canzone","tag-dichiarazioni","tag-la-terra-dei-fuochi","tag-sanremo","tag-sanremo-2014","tag-una-terra-che-tace","vip-benedetta_valanzano"],"yoast_head":"<title>Benedetta Valanzano, un inno per salvare la terra dei fuochi - Gossip.it | News sul Gossip e VIP<\/title>\n<meta name=\"description\" content=\"La sua voce per un inno che regali speranza alla terra in cui \u00e8 nata. Benedetta Valanzano ha debuttato da cantante con &quot;Una terra che tace&quot;, un brano di\" \/>\n<meta name=\"robots\" content=\"index, follow, max-snippet:-1, max-image-preview:large, max-video-preview:-1\" \/>\n<link rel=\"canonical\" href=\"https:\/\/www.gossip.it\/news\/benedetta-valanzano-un-inno-per-salvare-la-terra-dei-fuochi\/\" \/>\n<meta property=\"og:locale\" content=\"it_IT\" \/>\n<meta property=\"og:type\" content=\"article\" \/>\n<meta property=\"og:title\" content=\"Benedetta Valanzano, un inno per salvare la terra dei fuochi - Gossip.it | News sul Gossip e VIP\" \/>\n<meta property=\"og:description\" content=\"La sua voce per un inno che regali speranza alla terra in cui \u00e8 nata. Benedetta Valanzano ha debuttato da cantante con &quot;Una terra che tace&quot;, un brano di\" \/>\n<meta property=\"og:url\" content=\"https:\/\/www.gossip.it\/news\/benedetta-valanzano-un-inno-per-salvare-la-terra-dei-fuochi\/\" \/>\n<meta property=\"og:site_name\" content=\"Gossip.it | News sul Gossip e VIP\" \/>\n<meta property=\"article:publisher\" content=\"https:\/\/www.facebook.com\/GossipIT\" \/>\n<meta property=\"article:published_time\" content=\"2014-02-12T23:00:00+00:00\" \/>\n<meta property=\"og:image\" content=\"http:\/\/files.gossip.it\/immagini_news\/2014\/02\/1392287458_1.jpg\" \/>\n<meta name=\"author\" content=\"La Redazione\" \/>\n<meta name=\"twitter:card\" content=\"summary_large_image\" \/>\n<meta name=\"twitter:image\" content=\"http:\/\/files.gossip.it\/immagini_news\/2014\/02\/1392287458_1.jpg\" \/>\n<meta name=\"twitter:creator\" content=\"@gossinews_it\" \/>\n<meta name=\"twitter:site\" content=\"@gossinews_it\" \/>\n<meta name=\"twitter:label1\" content=\"Scritto da\" \/>\n\t<meta name=\"twitter:data1\" content=\"Annamaria Capozzi\" \/>\n\t<meta name=\"twitter:label2\" content=\"Tempo di lettura stimato\" \/>\n\t<meta name=\"twitter:data2\" content=\"1 minuto\" \/>","yoast_head_json":{"title":"Benedetta Valanzano, un inno per salvare la terra dei fuochi - Gossip.it | News sul Gossip e VIP","description":"La sua voce per un inno che regali speranza alla terra in cui \u00e8 nata. Benedetta Valanzano ha debuttato da cantante con \"Una terra che tace\", un brano di","robots":{"index":"index","follow":"follow","max-snippet":"max-snippet:-1","max-image-preview":"max-image-preview:large","max-video-preview":"max-video-preview:-1"},"canonical":"https:\/\/www.gossip.it\/news\/benedetta-valanzano-un-inno-per-salvare-la-terra-dei-fuochi\/","og_locale":"it_IT","og_type":"article","og_title":"Benedetta Valanzano, un inno per salvare la terra dei fuochi - Gossip.it | News sul Gossip e VIP","og_description":"La sua voce per un inno che regali speranza alla terra in cui \u00e8 nata. Benedetta Valanzano ha debuttato da cantante con \"Una terra che tace\", un brano di","og_url":"https:\/\/www.gossip.it\/news\/benedetta-valanzano-un-inno-per-salvare-la-terra-dei-fuochi\/","og_site_name":"Gossip.it | News sul Gossip e VIP","article_publisher":"https:\/\/www.facebook.com\/GossipIT","article_published_time":"2014-02-12T23:00:00+00:00","og_image":[{"url":"http:\/\/files.gossip.it\/immagini_news\/2014\/02\/1392287458_1.jpg"}],"author":"La Redazione","twitter_card":"summary_large_image","twitter_image":"http:\/\/files.gossip.it\/immagini_news\/2014\/02\/1392287458_1.jpg","twitter_creator":"@gossinews_it","twitter_site":"@gossinews_it","twitter_misc":{"Scritto da":"Annamaria Capozzi","Tempo di lettura stimato":"1 minuto"},"schema":{"@context":"https:\/\/schema.org","@graph":[{"@type":"Article","@id":"https:\/\/www.gossip.it\/news\/benedetta-valanzano-un-inno-per-salvare-la-terra-dei-fuochi\/#article","isPartOf":{"@id":"https:\/\/www.gossip.it\/news\/benedetta-valanzano-un-inno-per-salvare-la-terra-dei-fuochi\/"},"author":{"name":"La Redazione","@id":"https:\/\/www.gossip.it\/#\/schema\/person\/488896f75158bff1cc83c6c39d141110"},"headline":"Benedetta Valanzano, un inno per salvare la terra dei fuochi","datePublished":"2014-02-12T23:00:00+00:00","dateModified":"2014-02-12T23:00:00+00:00","mainEntityOfPage":{"@id":"https:\/\/www.gossip.it\/news\/benedetta-valanzano-un-inno-per-salvare-la-terra-dei-fuochi\/"},"wordCount":316,"publisher":{"@id":"https:\/\/www.gossip.it\/#organization"},"image":{"@id":"https:\/\/www.gossip.it\/news\/benedetta-valanzano-un-inno-per-salvare-la-terra-dei-fuochi\/#primaryimage"},"thumbnailUrl":"http:\/\/files.gossip.it\/immagini_news\/2014\/02\/1392287458_1.jpg","keywords":["attrice","cantante","canzone","dichiarazioni","la terra dei fuochi","sanremo","sanremo 2014","una terra che tace"],"articleSection":["News"],"inLanguage":"it-IT"},{"@type":"WebPage","@id":"https:\/\/www.gossip.it\/news\/benedetta-valanzano-un-inno-per-salvare-la-terra-dei-fuochi\/","url":"https:\/\/www.gossip.it\/news\/benedetta-valanzano-un-inno-per-salvare-la-terra-dei-fuochi\/","name":"Benedetta Valanzano, un inno per salvare la terra dei fuochi - Gossip.it | News sul Gossip e VIP","isPartOf":{"@id":"https:\/\/www.gossip.it\/#website"},"primaryImageOfPage":{"@id":"https:\/\/www.gossip.it\/news\/benedetta-valanzano-un-inno-per-salvare-la-terra-dei-fuochi\/#primaryimage"},"image":{"@id":"https:\/\/www.gossip.it\/news\/benedetta-valanzano-un-inno-per-salvare-la-terra-dei-fuochi\/#primaryimage"},"thumbnailUrl":"http:\/\/files.gossip.it\/immagini_news\/2014\/02\/1392287458_1.jpg","datePublished":"2014-02-12T23:00:00+00:00","dateModified":"2014-02-12T23:00:00+00:00","description":"La sua voce per un inno che regali speranza alla terra in cui \u00e8 nata. Benedetta Valanzano ha debuttato da cantante con \"Una terra che tace\", un brano di","breadcrumb":{"@id":"https:\/\/www.gossip.it\/news\/benedetta-valanzano-un-inno-per-salvare-la-terra-dei-fuochi\/#breadcrumb"},"inLanguage":"it-IT","potentialAction":[{"@type":"ReadAction","target":["https:\/\/www.gossip.it\/news\/benedetta-valanzano-un-inno-per-salvare-la-terra-dei-fuochi\/"]}]},{"@type":"ImageObject","inLanguage":"it-IT","@id":"https:\/\/www.gossip.it\/news\/benedetta-valanzano-un-inno-per-salvare-la-terra-dei-fuochi\/#primaryimage","url":"http:\/\/files.gossip.it\/immagini_news\/2014\/02\/1392287458_1.jpg","contentUrl":"http:\/\/files.gossip.it\/immagini_news\/2014\/02\/1392287458_1.jpg"},{"@type":"BreadcrumbList","@id":"https:\/\/www.gossip.it\/news\/benedetta-valanzano-un-inno-per-salvare-la-terra-dei-fuochi\/#breadcrumb","itemListElement":[{"@type":"ListItem","position":1,"name":"Home","item":"https:\/\/www.gossip.it\/"},{"@type":"ListItem","position":2,"name":"Benedetta Valanzano, un inno per salvare la terra dei fuochi"}]},{"@type":"WebSite","@id":"https:\/\/www.gossip.it\/#website","url":"https:\/\/www.gossip.it\/","name":"Gossip and VIP News","description":"Quotidiano di cronaca rosa, costume e societ\u00e0","publisher":{"@id":"https:\/\/www.gossip.it\/#organization"},"alternateName":"Gossip and VIP News","potentialAction":[{"@type":"SearchAction","target":{"@type":"EntryPoint","urlTemplate":"https:\/\/www.gossip.it\/?s={search_term_string}"},"query-input":{"@type":"PropertyValueSpecification","valueRequired":true,"valueName":"search_term_string"}}],"inLanguage":"it-IT"},{"@type":"Organization","@id":"https:\/\/www.gossip.it\/#organization","name":"Gossip and VIP News","alternateName":"Gossip News","url":"https:\/\/www.gossip.it\/","logo":{"@type":"ImageObject","inLanguage":"it-IT","@id":"https:\/\/www.gossip.it\/#\/schema\/logo\/image\/","url":"https:\/\/www.gossip.it\/wp-content\/uploads\/2022\/04\/cropped-corna-alta-tiny.png","contentUrl":"https:\/\/www.gossip.it\/wp-content\/uploads\/2022\/04\/cropped-corna-alta-tiny.png","width":512,"height":512,"caption":"Gossip and VIP News"},"image":{"@id":"https:\/\/www.gossip.it\/#\/schema\/logo\/image\/"},"sameAs":["https:\/\/www.facebook.com\/GossipIT","https:\/\/x.com\/gossinews_it","https:\/\/instagram.com\/gossip_it"]},{"@type":"Person","@id":"https:\/\/www.gossip.it\/#\/schema\/person\/488896f75158bff1cc83c6c39d141110","name":"La Redazione","image":{"@type":"ImageObject","inLanguage":"it-IT","@id":"https:\/\/www.gossip.it\/#\/schema\/person\/image\/","url":"https:\/\/secure.gravatar.com\/avatar\/5a5f5c6fa3e6700e4249abdad0263a1e94e927d9e0499b1cb09c1cd29c044d80?s=96&d=mm&r=g","contentUrl":"https:\/\/secure.gravatar.com\/avatar\/5a5f5c6fa3e6700e4249abdad0263a1e94e927d9e0499b1cb09c1cd29c044d80?s=96&d=mm&r=g","caption":"La Redazione"},"sameAs":["https:\/\/www.gossip.it"]}]}},"amp_enabled":true,"_links":{"self":[{"href":"https:\/\/www.gossip.it\/api\/wp\/v2\/posts\/44905","targetHints":{"allow":["GET"]}}],"collection":[{"href":"https:\/\/www.gossip.it\/api\/wp\/v2\/posts"}],"about":[{"href":"https:\/\/www.gossip.it\/api\/wp\/v2\/types\/post"}],"author":[{"embeddable":true,"href":"https:\/\/www.gossip.it\/api\/wp\/v2\/users\/1"}],"replies":[{"embeddable":true,"href":"https:\/\/www.gossip.it\/api\/wp\/v2\/comments?post=44905"}],"version-history":[{"count":0,"href":"https:\/\/www.gossip.it\/api\/wp\/v2\/posts\/44905\/revisions"}],"wp:featuredmedia":[{"embeddable":true,"href":"https:\/\/www.gossip.it\/api\/wp\/v2\/media\/100951"}],"wp:attachment":[{"href":"https:\/\/www.gossip.it\/api\/wp\/v2\/media?parent=44905"}],"wp:term":[{"taxonomy":"category","embeddable":true,"href":"https:\/\/www.gossip.it\/api\/wp\/v2\/categories?post=44905"},{"taxonomy":"post_tag","embeddable":true,"href":"https:\/\/www.gossip.it\/api\/wp\/v2\/tags?post=44905"},{"taxonomy":"vip","embeddable":true,"href":"https:\/\/www.gossip.it\/api\/wp\/v2\/vip?post=44905"}],"curies":[{"name":"wp","href":"https:\/\/api.w.org\/{rel}","templated":true}]}}