{"id":45008,"date":"2014-02-17T00:00:00","date_gmt":"2014-02-16T23:00:00","guid":{"rendered":"https:\/\/www.gossip.it\/senza-categoria\/paola-perego-e-lucio-presta-a-sanremo\/"},"modified":"2014-02-17T00:00:00","modified_gmt":"2014-02-16T23:00:00","slug":"paola-perego-e-lucio-presta-a-sanremo","status":"publish","type":"post","link":"https:\/\/www.gossip.it\/news\/paola-perego-e-lucio-presta-a-sanremo\/","title":{"rendered":"Paola Perego e Lucio Presta a Sanremo"},"content":{"rendered":"<p>La grande macchina di <strong>Sanremo<\/strong> sta per partire. marted\u00ec 18 febbraio il debutto dal palco dell'<strong>Ariston<\/strong>. <a href=\"http:\/\/www.gossip.it\/news\/monografia.php?keyword=Paola Perego\">Paola Perego<\/a>, che dalla citt\u00e0 dei fiori conduce<strong> \"La vita in diretta\"<\/strong>, ha gi\u00e0 raggiunto la localit\u00e0 ligure. Ad accompagnarla il marito <a href=\"http:\/\/www.gossip.it\/news\/monografia.php?keyword=Lucio Presta\">Lucio Presta<\/a>.<\/p>\n<figure class=\"caption\"><img decoding=\"async\" alt=\"\" width=\"620\" height=\"613\" src=\"http:\/\/files.gossip.it\/immagini_news\/2014\/02\/1392654354_2-1.jpg\" \/><figcaption>Paola Perego a cena con Lucio presta al Roof-Garden del Casin\u00f2<\/figcaption><\/figure>\n<p>Al loro arrivo, i due si sono concessi una cenetta al <strong>Roof-gard del Casin\u00f2<\/strong> di Sanremo. A postare gli scatti sul <strong>social<\/strong> lo stesso <strong>manager<\/strong> dei personaggi famosi. A tavola con alcuni amici, il clima sembra sereno, Paola sorride mentre ascolta la dolce met\u00e0 parlare.<\/p>\n<figure class=\"caption\"><img decoding=\"async\" alt=\"\" width=\"620\" height=\"612\" src=\"http:\/\/files.gossip.it\/immagini_news\/2014\/02\/1392654421_1-4.jpg\" \/><figcaption>Al tavolo con Lucio e Paola anche Franco Di Mare<\/figcaption><\/figure>\n<p>Con loro anche <a href=\"http:\/\/www.gossip.it\/news\/monografia.php?keyword=Franco Di Mare\">Franco Di Mare<\/a>, il giornalista che conduce insieme alla Perego \"La vita in diretta\". Per loro sar\u00e0 una settimana intensa, l'argomento principale, la musica e tutto quello che ruota intorno al <strong>Festival della canzone italiana<\/strong>.<\/p>\n<figure class=\"caption\"><img decoding=\"async\" alt=\"\" width=\"620\" height=\"645\" src=\"http:\/\/files.gossip.it\/immagini_news\/2014\/02\/1392654479_3-1.jpg\" \/><figcaption>Paola Perego fa jogging con il suo autore Fabio Pastrello<\/figcaption><\/figure>\n<p>Pure a Sanremo Paola non rinuncia a del sano <strong>jogging.<\/strong> Tenersi in forma per lei \u00e8 importante e lo fa insieme a uno dei suoi autori,<strong> Fabio Pastrello<\/strong>. Per affrontare le prossime puntate, con tutto quello che di solito riserva il palco dell'<strong>Ariston<\/strong>, tra polemiche e colpi di scena, meglio avere un fisico forte e pronto a tutto.<\/p>\n","protected":false},"excerpt":{"rendered":"<p>La grande macchina di Sanremo sta per partire. marted\u00ec 18 febbraio il debutto dal palco dell'Ariston. Paola Perego, che dalla citt\u00e0 dei fiori conduce \"La vita in diretta\", ha gi\u00e0 raggiunto la localit\u00e0 ligure. Ad accompagnarla il marito Lucio Presta. Paola Perego a cena con Lucio presta al Roof-Garden del Casin\u00f2 Al loro arrivo, i [&hellip;]<\/p>\n","protected":false},"author":1,"featured_media":101054,"comment_status":"closed","ping_status":"closed","sticky":false,"template":"","format":"standard","meta":{"footnotes":""},"categories":[54],"tags":[3336,48196,1877,21121,2637,7573,48197,2582,1923],"vip":[806,1161,1459],"class_list":["post-45008","post","type-post","status-publish","format-standard","has-post-thumbnail","hentry","category-news","tag-ariston","tag-casno","tag-cena","tag-festival-della-canzone","tag-festival-di-sanremo","tag-la-vita-in-diretta","tag-rood-garden","tag-sanremo","tag-social","vip-franco_di_mare","vip-lucio_presta","vip-paola_perego"],"yoast_head":"<title>Paola Perego e Lucio Presta a Sanremo - Gossip.it | News sul Gossip e VIP<\/title>\n<meta name=\"description\" content=\"La grande macchina di Sanremo sta per partire. marted\u00ec 18 febbraio il debutto dal palco dell&#039;Ariston. Paola Perego, che dalla citt\u00e0 dei fiori conduce &quot;La\" \/>\n<meta name=\"robots\" content=\"index, follow, max-snippet:-1, max-image-preview:large, max-video-preview:-1\" \/>\n<link rel=\"canonical\" href=\"https:\/\/www.gossip.it\/news\/paola-perego-e-lucio-presta-a-sanremo\/\" \/>\n<meta property=\"og:locale\" content=\"it_IT\" \/>\n<meta property=\"og:type\" content=\"article\" \/>\n<meta property=\"og:title\" content=\"Paola Perego e Lucio Presta a Sanremo - Gossip.it | News sul Gossip e VIP\" \/>\n<meta property=\"og:description\" content=\"La grande macchina di Sanremo sta per partire. marted\u00ec 18 febbraio il debutto dal palco dell&#039;Ariston. Paola Perego, che dalla citt\u00e0 dei fiori conduce &quot;La\" \/>\n<meta property=\"og:url\" content=\"https:\/\/www.gossip.it\/news\/paola-perego-e-lucio-presta-a-sanremo\/\" \/>\n<meta property=\"og:site_name\" content=\"Gossip.it | News sul Gossip e VIP\" \/>\n<meta property=\"article:publisher\" content=\"https:\/\/www.facebook.com\/GossipIT\" \/>\n<meta property=\"article:published_time\" content=\"2014-02-16T23:00:00+00:00\" \/>\n<meta property=\"og:image\" content=\"http:\/\/files.gossip.it\/immagini_news\/2014\/02\/1392654354_2-1.jpg\" \/>\n<meta name=\"author\" content=\"La Redazione\" \/>\n<meta name=\"twitter:card\" content=\"summary_large_image\" \/>\n<meta name=\"twitter:image\" content=\"http:\/\/files.gossip.it\/immagini_news\/2014\/02\/1392654354_2-1.jpg\" \/>\n<meta name=\"twitter:creator\" content=\"@gossinews_it\" \/>\n<meta name=\"twitter:site\" content=\"@gossinews_it\" \/>\n<meta name=\"twitter:label1\" content=\"Scritto da\" \/>\n\t<meta name=\"twitter:data1\" content=\"Francesca Romana Domenici\" \/>\n\t<meta name=\"twitter:label2\" content=\"Tempo di lettura stimato\" \/>\n\t<meta name=\"twitter:data2\" content=\"1 minuto\" \/>","yoast_head_json":{"title":"Paola Perego e Lucio Presta a Sanremo - Gossip.it | News sul Gossip e VIP","description":"La grande macchina di Sanremo sta per partire. marted\u00ec 18 febbraio il debutto dal palco dell'Ariston. Paola Perego, che dalla citt\u00e0 dei fiori conduce \"La","robots":{"index":"index","follow":"follow","max-snippet":"max-snippet:-1","max-image-preview":"max-image-preview:large","max-video-preview":"max-video-preview:-1"},"canonical":"https:\/\/www.gossip.it\/news\/paola-perego-e-lucio-presta-a-sanremo\/","og_locale":"it_IT","og_type":"article","og_title":"Paola Perego e Lucio Presta a Sanremo - Gossip.it | News sul Gossip e VIP","og_description":"La grande macchina di Sanremo sta per partire. marted\u00ec 18 febbraio il debutto dal palco dell'Ariston. Paola Perego, che dalla citt\u00e0 dei fiori conduce \"La","og_url":"https:\/\/www.gossip.it\/news\/paola-perego-e-lucio-presta-a-sanremo\/","og_site_name":"Gossip.it | News sul Gossip e VIP","article_publisher":"https:\/\/www.facebook.com\/GossipIT","article_published_time":"2014-02-16T23:00:00+00:00","og_image":[{"url":"http:\/\/files.gossip.it\/immagini_news\/2014\/02\/1392654354_2-1.jpg"}],"author":"La Redazione","twitter_card":"summary_large_image","twitter_image":"http:\/\/files.gossip.it\/immagini_news\/2014\/02\/1392654354_2-1.jpg","twitter_creator":"@gossinews_it","twitter_site":"@gossinews_it","twitter_misc":{"Scritto da":"Francesca Romana Domenici","Tempo di lettura stimato":"1 minuto"},"schema":{"@context":"https:\/\/schema.org","@graph":[{"@type":"Article","@id":"https:\/\/www.gossip.it\/news\/paola-perego-e-lucio-presta-a-sanremo\/#article","isPartOf":{"@id":"https:\/\/www.gossip.it\/news\/paola-perego-e-lucio-presta-a-sanremo\/"},"author":{"name":"La Redazione","@id":"https:\/\/www.gossip.it\/#\/schema\/person\/488896f75158bff1cc83c6c39d141110"},"headline":"Paola Perego e Lucio Presta a Sanremo","datePublished":"2014-02-16T23:00:00+00:00","dateModified":"2014-02-16T23:00:00+00:00","mainEntityOfPage":{"@id":"https:\/\/www.gossip.it\/news\/paola-perego-e-lucio-presta-a-sanremo\/"},"wordCount":220,"publisher":{"@id":"https:\/\/www.gossip.it\/#organization"},"image":{"@id":"https:\/\/www.gossip.it\/news\/paola-perego-e-lucio-presta-a-sanremo\/#primaryimage"},"thumbnailUrl":"http:\/\/files.gossip.it\/immagini_news\/2014\/02\/1392654354_2-1.jpg","keywords":["ariston","casno","cena","festival della canzone","festival di sanremo","la vita in diretta","rood garden","sanremo","social"],"articleSection":["News"],"inLanguage":"it-IT"},{"@type":"WebPage","@id":"https:\/\/www.gossip.it\/news\/paola-perego-e-lucio-presta-a-sanremo\/","url":"https:\/\/www.gossip.it\/news\/paola-perego-e-lucio-presta-a-sanremo\/","name":"Paola Perego e Lucio Presta a Sanremo - Gossip.it | News sul Gossip e VIP","isPartOf":{"@id":"https:\/\/www.gossip.it\/#website"},"primaryImageOfPage":{"@id":"https:\/\/www.gossip.it\/news\/paola-perego-e-lucio-presta-a-sanremo\/#primaryimage"},"image":{"@id":"https:\/\/www.gossip.it\/news\/paola-perego-e-lucio-presta-a-sanremo\/#primaryimage"},"thumbnailUrl":"http:\/\/files.gossip.it\/immagini_news\/2014\/02\/1392654354_2-1.jpg","datePublished":"2014-02-16T23:00:00+00:00","dateModified":"2014-02-16T23:00:00+00:00","description":"La grande macchina di Sanremo sta per partire. marted\u00ec 18 febbraio il debutto dal palco dell'Ariston. Paola Perego, che dalla citt\u00e0 dei fiori conduce \"La","breadcrumb":{"@id":"https:\/\/www.gossip.it\/news\/paola-perego-e-lucio-presta-a-sanremo\/#breadcrumb"},"inLanguage":"it-IT","potentialAction":[{"@type":"ReadAction","target":["https:\/\/www.gossip.it\/news\/paola-perego-e-lucio-presta-a-sanremo\/"]}]},{"@type":"ImageObject","inLanguage":"it-IT","@id":"https:\/\/www.gossip.it\/news\/paola-perego-e-lucio-presta-a-sanremo\/#primaryimage","url":"http:\/\/files.gossip.it\/immagini_news\/2014\/02\/1392654354_2-1.jpg","contentUrl":"http:\/\/files.gossip.it\/immagini_news\/2014\/02\/1392654354_2-1.jpg"},{"@type":"BreadcrumbList","@id":"https:\/\/www.gossip.it\/news\/paola-perego-e-lucio-presta-a-sanremo\/#breadcrumb","itemListElement":[{"@type":"ListItem","position":1,"name":"Home","item":"https:\/\/www.gossip.it\/"},{"@type":"ListItem","position":2,"name":"Paola Perego e Lucio Presta a Sanremo"}]},{"@type":"WebSite","@id":"https:\/\/www.gossip.it\/#website","url":"https:\/\/www.gossip.it\/","name":"Gossip and VIP News","description":"Quotidiano di cronaca rosa, costume e societ\u00e0","publisher":{"@id":"https:\/\/www.gossip.it\/#organization"},"alternateName":"Gossip and VIP News","potentialAction":[{"@type":"SearchAction","target":{"@type":"EntryPoint","urlTemplate":"https:\/\/www.gossip.it\/?s={search_term_string}"},"query-input":{"@type":"PropertyValueSpecification","valueRequired":true,"valueName":"search_term_string"}}],"inLanguage":"it-IT"},{"@type":"Organization","@id":"https:\/\/www.gossip.it\/#organization","name":"Gossip and VIP News","alternateName":"Gossip News","url":"https:\/\/www.gossip.it\/","logo":{"@type":"ImageObject","inLanguage":"it-IT","@id":"https:\/\/www.gossip.it\/#\/schema\/logo\/image\/","url":"https:\/\/www.gossip.it\/wp-content\/uploads\/2022\/04\/cropped-corna-alta-tiny.png","contentUrl":"https:\/\/www.gossip.it\/wp-content\/uploads\/2022\/04\/cropped-corna-alta-tiny.png","width":512,"height":512,"caption":"Gossip and VIP News"},"image":{"@id":"https:\/\/www.gossip.it\/#\/schema\/logo\/image\/"},"sameAs":["https:\/\/www.facebook.com\/GossipIT","https:\/\/x.com\/gossinews_it","https:\/\/instagram.com\/gossip_it"]},{"@type":"Person","@id":"https:\/\/www.gossip.it\/#\/schema\/person\/488896f75158bff1cc83c6c39d141110","name":"La Redazione","image":{"@type":"ImageObject","inLanguage":"it-IT","@id":"https:\/\/www.gossip.it\/#\/schema\/person\/image\/","url":"https:\/\/secure.gravatar.com\/avatar\/5a5f5c6fa3e6700e4249abdad0263a1e94e927d9e0499b1cb09c1cd29c044d80?s=96&d=mm&r=g","contentUrl":"https:\/\/secure.gravatar.com\/avatar\/5a5f5c6fa3e6700e4249abdad0263a1e94e927d9e0499b1cb09c1cd29c044d80?s=96&d=mm&r=g","caption":"La Redazione"},"sameAs":["https:\/\/www.gossip.it"]}]}},"amp_enabled":true,"_links":{"self":[{"href":"https:\/\/www.gossip.it\/api\/wp\/v2\/posts\/45008","targetHints":{"allow":["GET"]}}],"collection":[{"href":"https:\/\/www.gossip.it\/api\/wp\/v2\/posts"}],"about":[{"href":"https:\/\/www.gossip.it\/api\/wp\/v2\/types\/post"}],"author":[{"embeddable":true,"href":"https:\/\/www.gossip.it\/api\/wp\/v2\/users\/1"}],"replies":[{"embeddable":true,"href":"https:\/\/www.gossip.it\/api\/wp\/v2\/comments?post=45008"}],"version-history":[{"count":0,"href":"https:\/\/www.gossip.it\/api\/wp\/v2\/posts\/45008\/revisions"}],"wp:featuredmedia":[{"embeddable":true,"href":"https:\/\/www.gossip.it\/api\/wp\/v2\/media\/101054"}],"wp:attachment":[{"href":"https:\/\/www.gossip.it\/api\/wp\/v2\/media?parent=45008"}],"wp:term":[{"taxonomy":"category","embeddable":true,"href":"https:\/\/www.gossip.it\/api\/wp\/v2\/categories?post=45008"},{"taxonomy":"post_tag","embeddable":true,"href":"https:\/\/www.gossip.it\/api\/wp\/v2\/tags?post=45008"},{"taxonomy":"vip","embeddable":true,"href":"https:\/\/www.gossip.it\/api\/wp\/v2\/vip?post=45008"}],"curies":[{"name":"wp","href":"https:\/\/api.w.org\/{rel}","templated":true}]}}