{"id":45118,"date":"2014-02-21T00:00:00","date_gmt":"2014-02-20T23:00:00","guid":{"rendered":"https:\/\/www.gossip.it\/senza-categoria\/la-prima-festa-di-carnevale-di-mia\/"},"modified":"2014-02-21T00:00:00","modified_gmt":"2014-02-20T23:00:00","slug":"la-prima-festa-di-carnevale-di-mia","status":"publish","type":"post","link":"https:\/\/www.gossip.it\/news\/la-prima-festa-di-carnevale-di-mia\/","title":{"rendered":"La prima festa di Carnevale di Mia"},"content":{"rendered":"<p><em>\"Prima festa di <strong>Carnevale<\/strong> per <strong>Mia<\/strong>!\"<\/em>, scrive orgogliosa su <strong>Facebook<\/strong> <a href=\"http:\/\/www.gossip.it\/news\/monografia.php?keyword=Alessia Marcuzzi\">Alessia Marcuzzi<\/a> e posta una foto della figlia, <strong>mascherata da Minnie<\/strong>, insieme a un'amichetta che, invece, indossa un <strong>costume da principessa<\/strong>.<\/p>\n<figure class=\"caption\"><img decoding=\"async\" alt=\"\" width=\"620\" height=\"758\" src=\"http:\/\/files.gossip.it\/immagini_news\/2014\/02\/1392982215_1.jpg\" \/><figcaption>Alessia Marcuzzi con Mia e un'amichetta pronte per la festa di Carnevale<\/figcaption><\/figure>\n<p>La Marcuzzi sul suo blog scrive: <em>\"Care pinelle e pinelli... oggi vi racconto la prima festa di Carnevale di Mia!!!! L'occasione\u00a0 \u00e8 arrivata con il compleanno di una sua compagna di classe, che ha festeggiato tre anni, e la mamma le ha organizzato una bella festa in maschera. Mia non stava nella pelle... era cos\u00ec emozionata che non \u00e8 riuscita neanche a dormire bene dopo pranzo, pensava solo ai travestimenti... ahahahahahaha!!!\"<\/em>.<em> \"Ho deciso di vestirla da <strong>Minnie<\/strong><\/em> - ha\u00a0 proseguito la conduttrice\u00a0 - <em>perch\u00e9 la mia amica <strong>Ezia<\/strong> le aveva regalato qualche giorno prima il vestitino, cos\u00ec io le ho preso le orecchie, le calze nere e le ballerine con il pon pon che avevamo gi\u00e0 a casa... et voil\u00e0! <strong>Mancava solo il trucco... la fase preferita di Mia<\/strong>\"<\/em>. La bimba \u00e8 nata nel settembre del 2011. Alessia l'ha avuta dalla relazione, ormai giunta al capolinea, con <a href=\"http:\/\/www.gossip.it\/news\/monografia.php?keyword=Francesco Facchinetti\">Francesco Facchinetti<\/a>.<\/p>\n","protected":false},"excerpt":{"rendered":"<p>\"Prima festa di Carnevale per Mia!\", scrive orgogliosa su Facebook Alessia Marcuzzi e posta una foto della figlia, mascherata da Minnie, insieme a un'amichetta che, invece, indossa un costume da principessa. Alessia Marcuzzi con Mia e un'amichetta pronte per la festa di Carnevale La Marcuzzi sul suo blog scrive: \"Care pinelle e pinelli... oggi vi [&hellip;]<\/p>\n","protected":false},"author":1,"featured_media":101164,"comment_status":"closed","ping_status":"closed","sticky":false,"template":"","format":"standard","meta":{"footnotes":""},"categories":[54],"tags":[7312,1952,1904,1992,10511,6985,8677,2275,1923],"vip":[275,788],"class_list":["post-45118","post","type-post","status-publish","format-standard","has-post-thumbnail","hentry","category-news","tag-blog","tag-carnevale","tag-compleanno","tag-conduttrice","tag-maschera","tag-mia","tag-minnie","tag-principessa","tag-social","vip-alessia_marcuzzi","vip-francesco_facchinetti"],"yoast_head":"<title>La prima festa di Carnevale di Mia - Gossip.it | News sul Gossip e VIP<\/title>\n<meta name=\"description\" content=\"&quot;Prima festa di Carnevale per Mia!&quot;, scrive orgogliosa su Facebook Alessia Marcuzzi e posta una foto della figlia, mascherata da Minnie, insieme a\" \/>\n<meta name=\"robots\" content=\"index, follow, max-snippet:-1, max-image-preview:large, max-video-preview:-1\" \/>\n<link rel=\"canonical\" href=\"https:\/\/www.gossip.it\/news\/la-prima-festa-di-carnevale-di-mia\/\" \/>\n<meta property=\"og:locale\" content=\"it_IT\" \/>\n<meta property=\"og:type\" content=\"article\" \/>\n<meta property=\"og:title\" content=\"La prima festa di Carnevale di Mia - Gossip.it | News sul Gossip e VIP\" \/>\n<meta property=\"og:description\" content=\"&quot;Prima festa di Carnevale per Mia!&quot;, scrive orgogliosa su Facebook Alessia Marcuzzi e posta una foto della figlia, mascherata da Minnie, insieme a\" \/>\n<meta property=\"og:url\" content=\"https:\/\/www.gossip.it\/news\/la-prima-festa-di-carnevale-di-mia\/\" \/>\n<meta property=\"og:site_name\" content=\"Gossip.it | News sul Gossip e VIP\" \/>\n<meta property=\"article:publisher\" content=\"https:\/\/www.facebook.com\/GossipIT\" \/>\n<meta property=\"article:published_time\" content=\"2014-02-20T23:00:00+00:00\" \/>\n<meta property=\"og:image\" content=\"http:\/\/files.gossip.it\/immagini_news\/2014\/02\/1392982215_1.jpg\" \/>\n<meta name=\"author\" content=\"La Redazione\" \/>\n<meta name=\"twitter:card\" content=\"summary_large_image\" \/>\n<meta name=\"twitter:image\" content=\"http:\/\/files.gossip.it\/immagini_news\/2014\/02\/1392982215_1.jpg\" \/>\n<meta name=\"twitter:creator\" content=\"@gossinews_it\" \/>\n<meta name=\"twitter:site\" content=\"@gossinews_it\" \/>\n<meta name=\"twitter:label1\" content=\"Scritto da\" \/>\n\t<meta name=\"twitter:data1\" content=\"Francesca Romana Domenici\" \/>\n\t<meta name=\"twitter:label2\" content=\"Tempo di lettura stimato\" \/>\n\t<meta name=\"twitter:data2\" content=\"1 minuto\" \/>","yoast_head_json":{"title":"La prima festa di Carnevale di Mia - Gossip.it | News sul Gossip e VIP","description":"\"Prima festa di Carnevale per Mia!\", scrive orgogliosa su Facebook Alessia Marcuzzi e posta una foto della figlia, mascherata da Minnie, insieme a","robots":{"index":"index","follow":"follow","max-snippet":"max-snippet:-1","max-image-preview":"max-image-preview:large","max-video-preview":"max-video-preview:-1"},"canonical":"https:\/\/www.gossip.it\/news\/la-prima-festa-di-carnevale-di-mia\/","og_locale":"it_IT","og_type":"article","og_title":"La prima festa di Carnevale di Mia - Gossip.it | News sul Gossip e VIP","og_description":"\"Prima festa di Carnevale per Mia!\", scrive orgogliosa su Facebook Alessia Marcuzzi e posta una foto della figlia, mascherata da Minnie, insieme a","og_url":"https:\/\/www.gossip.it\/news\/la-prima-festa-di-carnevale-di-mia\/","og_site_name":"Gossip.it | News sul Gossip e VIP","article_publisher":"https:\/\/www.facebook.com\/GossipIT","article_published_time":"2014-02-20T23:00:00+00:00","og_image":[{"url":"http:\/\/files.gossip.it\/immagini_news\/2014\/02\/1392982215_1.jpg"}],"author":"La Redazione","twitter_card":"summary_large_image","twitter_image":"http:\/\/files.gossip.it\/immagini_news\/2014\/02\/1392982215_1.jpg","twitter_creator":"@gossinews_it","twitter_site":"@gossinews_it","twitter_misc":{"Scritto da":"Francesca Romana Domenici","Tempo di lettura stimato":"1 minuto"},"schema":{"@context":"https:\/\/schema.org","@graph":[{"@type":"Article","@id":"https:\/\/www.gossip.it\/news\/la-prima-festa-di-carnevale-di-mia\/#article","isPartOf":{"@id":"https:\/\/www.gossip.it\/news\/la-prima-festa-di-carnevale-di-mia\/"},"author":{"name":"La Redazione","@id":"https:\/\/www.gossip.it\/#\/schema\/person\/488896f75158bff1cc83c6c39d141110"},"headline":"La prima festa di Carnevale di Mia","datePublished":"2014-02-20T23:00:00+00:00","dateModified":"2014-02-20T23:00:00+00:00","mainEntityOfPage":{"@id":"https:\/\/www.gossip.it\/news\/la-prima-festa-di-carnevale-di-mia\/"},"wordCount":199,"publisher":{"@id":"https:\/\/www.gossip.it\/#organization"},"image":{"@id":"https:\/\/www.gossip.it\/news\/la-prima-festa-di-carnevale-di-mia\/#primaryimage"},"thumbnailUrl":"http:\/\/files.gossip.it\/immagini_news\/2014\/02\/1392982215_1.jpg","keywords":["blog","carnevale","compleanno","conduttrice","maschera","mia","minnie","principessa","social"],"articleSection":["News"],"inLanguage":"it-IT"},{"@type":"WebPage","@id":"https:\/\/www.gossip.it\/news\/la-prima-festa-di-carnevale-di-mia\/","url":"https:\/\/www.gossip.it\/news\/la-prima-festa-di-carnevale-di-mia\/","name":"La prima festa di Carnevale di Mia - Gossip.it | News sul Gossip e VIP","isPartOf":{"@id":"https:\/\/www.gossip.it\/#website"},"primaryImageOfPage":{"@id":"https:\/\/www.gossip.it\/news\/la-prima-festa-di-carnevale-di-mia\/#primaryimage"},"image":{"@id":"https:\/\/www.gossip.it\/news\/la-prima-festa-di-carnevale-di-mia\/#primaryimage"},"thumbnailUrl":"http:\/\/files.gossip.it\/immagini_news\/2014\/02\/1392982215_1.jpg","datePublished":"2014-02-20T23:00:00+00:00","dateModified":"2014-02-20T23:00:00+00:00","description":"\"Prima festa di Carnevale per Mia!\", scrive orgogliosa su Facebook Alessia Marcuzzi e posta una foto della figlia, mascherata da Minnie, insieme a","breadcrumb":{"@id":"https:\/\/www.gossip.it\/news\/la-prima-festa-di-carnevale-di-mia\/#breadcrumb"},"inLanguage":"it-IT","potentialAction":[{"@type":"ReadAction","target":["https:\/\/www.gossip.it\/news\/la-prima-festa-di-carnevale-di-mia\/"]}]},{"@type":"ImageObject","inLanguage":"it-IT","@id":"https:\/\/www.gossip.it\/news\/la-prima-festa-di-carnevale-di-mia\/#primaryimage","url":"http:\/\/files.gossip.it\/immagini_news\/2014\/02\/1392982215_1.jpg","contentUrl":"http:\/\/files.gossip.it\/immagini_news\/2014\/02\/1392982215_1.jpg"},{"@type":"BreadcrumbList","@id":"https:\/\/www.gossip.it\/news\/la-prima-festa-di-carnevale-di-mia\/#breadcrumb","itemListElement":[{"@type":"ListItem","position":1,"name":"Home","item":"https:\/\/www.gossip.it\/"},{"@type":"ListItem","position":2,"name":"La prima festa di Carnevale di Mia"}]},{"@type":"WebSite","@id":"https:\/\/www.gossip.it\/#website","url":"https:\/\/www.gossip.it\/","name":"Gossip and VIP News","description":"Quotidiano di cronaca rosa, costume e societ\u00e0","publisher":{"@id":"https:\/\/www.gossip.it\/#organization"},"alternateName":"Gossip and VIP News","potentialAction":[{"@type":"SearchAction","target":{"@type":"EntryPoint","urlTemplate":"https:\/\/www.gossip.it\/?s={search_term_string}"},"query-input":{"@type":"PropertyValueSpecification","valueRequired":true,"valueName":"search_term_string"}}],"inLanguage":"it-IT"},{"@type":"Organization","@id":"https:\/\/www.gossip.it\/#organization","name":"Gossip and VIP News","alternateName":"Gossip News","url":"https:\/\/www.gossip.it\/","logo":{"@type":"ImageObject","inLanguage":"it-IT","@id":"https:\/\/www.gossip.it\/#\/schema\/logo\/image\/","url":"https:\/\/www.gossip.it\/wp-content\/uploads\/2022\/04\/cropped-corna-alta-tiny.png","contentUrl":"https:\/\/www.gossip.it\/wp-content\/uploads\/2022\/04\/cropped-corna-alta-tiny.png","width":512,"height":512,"caption":"Gossip and VIP News"},"image":{"@id":"https:\/\/www.gossip.it\/#\/schema\/logo\/image\/"},"sameAs":["https:\/\/www.facebook.com\/GossipIT","https:\/\/x.com\/gossinews_it","https:\/\/instagram.com\/gossip_it"]},{"@type":"Person","@id":"https:\/\/www.gossip.it\/#\/schema\/person\/488896f75158bff1cc83c6c39d141110","name":"La Redazione","image":{"@type":"ImageObject","inLanguage":"it-IT","@id":"https:\/\/www.gossip.it\/#\/schema\/person\/image\/","url":"https:\/\/secure.gravatar.com\/avatar\/5a5f5c6fa3e6700e4249abdad0263a1e94e927d9e0499b1cb09c1cd29c044d80?s=96&d=mm&r=g","contentUrl":"https:\/\/secure.gravatar.com\/avatar\/5a5f5c6fa3e6700e4249abdad0263a1e94e927d9e0499b1cb09c1cd29c044d80?s=96&d=mm&r=g","caption":"La Redazione"},"sameAs":["https:\/\/www.gossip.it"]}]}},"amp_enabled":true,"_links":{"self":[{"href":"https:\/\/www.gossip.it\/api\/wp\/v2\/posts\/45118","targetHints":{"allow":["GET"]}}],"collection":[{"href":"https:\/\/www.gossip.it\/api\/wp\/v2\/posts"}],"about":[{"href":"https:\/\/www.gossip.it\/api\/wp\/v2\/types\/post"}],"author":[{"embeddable":true,"href":"https:\/\/www.gossip.it\/api\/wp\/v2\/users\/1"}],"replies":[{"embeddable":true,"href":"https:\/\/www.gossip.it\/api\/wp\/v2\/comments?post=45118"}],"version-history":[{"count":0,"href":"https:\/\/www.gossip.it\/api\/wp\/v2\/posts\/45118\/revisions"}],"wp:featuredmedia":[{"embeddable":true,"href":"https:\/\/www.gossip.it\/api\/wp\/v2\/media\/101164"}],"wp:attachment":[{"href":"https:\/\/www.gossip.it\/api\/wp\/v2\/media?parent=45118"}],"wp:term":[{"taxonomy":"category","embeddable":true,"href":"https:\/\/www.gossip.it\/api\/wp\/v2\/categories?post=45118"},{"taxonomy":"post_tag","embeddable":true,"href":"https:\/\/www.gossip.it\/api\/wp\/v2\/tags?post=45118"},{"taxonomy":"vip","embeddable":true,"href":"https:\/\/www.gossip.it\/api\/wp\/v2\/vip?post=45118"}],"curies":[{"name":"wp","href":"https:\/\/api.w.org\/{rel}","templated":true}]}}