{"id":45208,"date":"2014-02-25T00:00:00","date_gmt":"2014-02-24T23:00:00","guid":{"rendered":"https:\/\/www.gossip.it\/senza-categoria\/emma-marrone-casual-rock-e-con-la-bionda\/"},"modified":"2014-02-25T00:00:00","modified_gmt":"2014-02-24T23:00:00","slug":"emma-marrone-casual-rock-e-con-la-bionda","status":"publish","type":"post","link":"https:\/\/www.gossip.it\/news\/emma-marrone-casual-rock-e-con-la-bionda\/","title":{"rendered":"Emma Marrone, casual rock e con la bionda"},"content":{"rendered":"<p>Non \u00e8 la prima volta che viene pizzicata con una <em>'bionda'<\/em> tra le dita. <a href=\"http:\/\/www.gossip.it\/news\/monografia.php?keyword=Emma Marrone\">Emma Marrone<\/a> appena \u00e8 all'aperto, in strada, fuma. Non \u00e8 un toccasana per le sue corde vocali, ma la <a href=\"http:\/\/www.gossip.it\/news\/monografia.php?keyword=cantante\">cantante<\/a> salentina cede al vizio...<\/p>\n<p>Super chic alle sfilate milanesi, Emma nella capitale torna casual rock. Fuori dal cinema Adriano, in zona Prati, l'ex fidanzata di <a href=\"http:\/\/www.gossip.it\/news\/monografia.php?keyword=Marco Bocci\">Marco Bocci<\/a> ha atteso l'arrivo di una sua amica per andare insieme a gustare la prima del nuovo film di <a href=\"http:\/\/www.gossip.it\/news\/monografia.php?keyword=Giovanni Veronesi\">Giovanni Veronesi<\/a>. Jeans stracciati, magliette black and white messe una sopra l'altra, chiodo in pelle e tronchetti alti, la Marrone, con un outfit davvero sportivo, ha pure salutato vari conoscenti, tra cui Max Giusti e la moglie Benedetta, poi si \u00e8 lasciata immortalare con l'intima felice e sorridente.<\/p>\n","protected":false},"excerpt":{"rendered":"<p>Non \u00e8 la prima volta che viene pizzicata con una 'bionda' tra le dita. Emma Marrone appena \u00e8 all'aperto, in strada, fuma. Non \u00e8 un toccasana per le sue corde vocali, ma la cantante salentina cede al vizio... Super chic alle sfilate milanesi, Emma nella capitale torna casual rock. Fuori dal cinema Adriano, in zona [&hellip;]<\/p>\n","protected":false},"author":1,"featured_media":101254,"comment_status":"closed","ping_status":"closed","sticky":false,"template":"","format":"standard","meta":{"footnotes":""},"categories":[54],"tags":[1909,7454,1981,2410,6370,2568,1879],"vip":[669,1327],"class_list":["post-45208","post","type-post","status-publish","format-standard","has-post-thumbnail","hentry","category-news","tag-amici","tag-benedetta","tag-cantante","tag-cinema","tag-maria","tag-protagonisti","tag-roma","vip-emma_marrone","vip-max_giusti"],"yoast_head":"<title>Emma Marrone, casual rock e con la bionda - Gossip.it | News sul Gossip e VIP<\/title>\n<meta name=\"description\" content=\"Non \u00e8 la prima volta che viene pizzicata con una &#039;bionda&#039; tra le dita. Emma Marrone appena \u00e8 all&#039;aperto, in strada, fuma. Non \u00e8 un toccasana per le sue\" \/>\n<meta name=\"robots\" content=\"index, follow, max-snippet:-1, max-image-preview:large, max-video-preview:-1\" \/>\n<link rel=\"canonical\" href=\"https:\/\/www.gossip.it\/news\/emma-marrone-casual-rock-e-con-la-bionda\/\" \/>\n<meta property=\"og:locale\" content=\"it_IT\" \/>\n<meta property=\"og:type\" content=\"article\" \/>\n<meta property=\"og:title\" content=\"Emma Marrone, casual rock e con la bionda - Gossip.it | News sul Gossip e VIP\" \/>\n<meta property=\"og:description\" content=\"Non \u00e8 la prima volta che viene pizzicata con una &#039;bionda&#039; tra le dita. Emma Marrone appena \u00e8 all&#039;aperto, in strada, fuma. Non \u00e8 un toccasana per le sue\" \/>\n<meta property=\"og:url\" content=\"https:\/\/www.gossip.it\/news\/emma-marrone-casual-rock-e-con-la-bionda\/\" \/>\n<meta property=\"og:site_name\" content=\"Gossip.it | News sul Gossip e VIP\" \/>\n<meta property=\"article:publisher\" content=\"https:\/\/www.facebook.com\/GossipIT\" \/>\n<meta property=\"article:published_time\" content=\"2014-02-24T23:00:00+00:00\" \/>\n<meta property=\"og:image\" content=\"http:\/\/www.gossip.it\/images5\/1393338313_.jpg\" \/>\n<meta name=\"author\" content=\"La Redazione\" \/>\n<meta name=\"twitter:card\" content=\"summary_large_image\" \/>\n<meta name=\"twitter:image\" content=\"http:\/\/www.gossip.it\/images5\/1393338313_.jpg\" \/>\n<meta name=\"twitter:creator\" content=\"@gossinews_it\" \/>\n<meta name=\"twitter:site\" content=\"@gossinews_it\" \/>\n<meta name=\"twitter:label1\" content=\"Scritto da\" \/>\n\t<meta name=\"twitter:data1\" content=\"Annamaria Capozzi\" \/>\n\t<meta name=\"twitter:label2\" content=\"Tempo di lettura stimato\" \/>\n\t<meta name=\"twitter:data2\" content=\"1 minuto\" \/>","yoast_head_json":{"title":"Emma Marrone, casual rock e con la bionda - Gossip.it | News sul Gossip e VIP","description":"Non \u00e8 la prima volta che viene pizzicata con una 'bionda' tra le dita. Emma Marrone appena \u00e8 all'aperto, in strada, fuma. Non \u00e8 un toccasana per le sue","robots":{"index":"index","follow":"follow","max-snippet":"max-snippet:-1","max-image-preview":"max-image-preview:large","max-video-preview":"max-video-preview:-1"},"canonical":"https:\/\/www.gossip.it\/news\/emma-marrone-casual-rock-e-con-la-bionda\/","og_locale":"it_IT","og_type":"article","og_title":"Emma Marrone, casual rock e con la bionda - Gossip.it | News sul Gossip e VIP","og_description":"Non \u00e8 la prima volta che viene pizzicata con una 'bionda' tra le dita. Emma Marrone appena \u00e8 all'aperto, in strada, fuma. Non \u00e8 un toccasana per le sue","og_url":"https:\/\/www.gossip.it\/news\/emma-marrone-casual-rock-e-con-la-bionda\/","og_site_name":"Gossip.it | News sul Gossip e VIP","article_publisher":"https:\/\/www.facebook.com\/GossipIT","article_published_time":"2014-02-24T23:00:00+00:00","og_image":[{"url":"http:\/\/www.gossip.it\/images5\/1393338313_.jpg"}],"author":"La Redazione","twitter_card":"summary_large_image","twitter_image":"http:\/\/www.gossip.it\/images5\/1393338313_.jpg","twitter_creator":"@gossinews_it","twitter_site":"@gossinews_it","twitter_misc":{"Scritto da":"Annamaria Capozzi","Tempo di lettura stimato":"1 minuto"},"schema":{"@context":"https:\/\/schema.org","@graph":[{"@type":"Article","@id":"https:\/\/www.gossip.it\/news\/emma-marrone-casual-rock-e-con-la-bionda\/#article","isPartOf":{"@id":"https:\/\/www.gossip.it\/news\/emma-marrone-casual-rock-e-con-la-bionda\/"},"author":{"name":"La Redazione","@id":"https:\/\/www.gossip.it\/#\/schema\/person\/488896f75158bff1cc83c6c39d141110"},"headline":"Emma Marrone, casual rock e con la bionda","datePublished":"2014-02-24T23:00:00+00:00","dateModified":"2014-02-24T23:00:00+00:00","mainEntityOfPage":{"@id":"https:\/\/www.gossip.it\/news\/emma-marrone-casual-rock-e-con-la-bionda\/"},"wordCount":136,"publisher":{"@id":"https:\/\/www.gossip.it\/#organization"},"image":{"@id":"https:\/\/www.gossip.it\/news\/emma-marrone-casual-rock-e-con-la-bionda\/#primaryimage"},"thumbnailUrl":"http:\/\/www.gossip.it\/images5\/1393338313_.jpg","keywords":["amici","benedetta","cantante","cinema","Maria","protagonisti","roma"],"articleSection":["News"],"inLanguage":"it-IT"},{"@type":"WebPage","@id":"https:\/\/www.gossip.it\/news\/emma-marrone-casual-rock-e-con-la-bionda\/","url":"https:\/\/www.gossip.it\/news\/emma-marrone-casual-rock-e-con-la-bionda\/","name":"Emma Marrone, casual rock e con la bionda - Gossip.it | News sul Gossip e VIP","isPartOf":{"@id":"https:\/\/www.gossip.it\/#website"},"primaryImageOfPage":{"@id":"https:\/\/www.gossip.it\/news\/emma-marrone-casual-rock-e-con-la-bionda\/#primaryimage"},"image":{"@id":"https:\/\/www.gossip.it\/news\/emma-marrone-casual-rock-e-con-la-bionda\/#primaryimage"},"thumbnailUrl":"http:\/\/www.gossip.it\/images5\/1393338313_.jpg","datePublished":"2014-02-24T23:00:00+00:00","dateModified":"2014-02-24T23:00:00+00:00","description":"Non \u00e8 la prima volta che viene pizzicata con una 'bionda' tra le dita. Emma Marrone appena \u00e8 all'aperto, in strada, fuma. Non \u00e8 un toccasana per le sue","breadcrumb":{"@id":"https:\/\/www.gossip.it\/news\/emma-marrone-casual-rock-e-con-la-bionda\/#breadcrumb"},"inLanguage":"it-IT","potentialAction":[{"@type":"ReadAction","target":["https:\/\/www.gossip.it\/news\/emma-marrone-casual-rock-e-con-la-bionda\/"]}]},{"@type":"ImageObject","inLanguage":"it-IT","@id":"https:\/\/www.gossip.it\/news\/emma-marrone-casual-rock-e-con-la-bionda\/#primaryimage","url":"http:\/\/www.gossip.it\/images5\/1393338313_.jpg","contentUrl":"http:\/\/www.gossip.it\/images5\/1393338313_.jpg"},{"@type":"BreadcrumbList","@id":"https:\/\/www.gossip.it\/news\/emma-marrone-casual-rock-e-con-la-bionda\/#breadcrumb","itemListElement":[{"@type":"ListItem","position":1,"name":"Home","item":"https:\/\/www.gossip.it\/"},{"@type":"ListItem","position":2,"name":"Emma Marrone, casual rock e con la bionda"}]},{"@type":"WebSite","@id":"https:\/\/www.gossip.it\/#website","url":"https:\/\/www.gossip.it\/","name":"Gossip and VIP News","description":"Quotidiano di cronaca rosa, costume e societ\u00e0","publisher":{"@id":"https:\/\/www.gossip.it\/#organization"},"alternateName":"Gossip and VIP News","potentialAction":[{"@type":"SearchAction","target":{"@type":"EntryPoint","urlTemplate":"https:\/\/www.gossip.it\/?s={search_term_string}"},"query-input":{"@type":"PropertyValueSpecification","valueRequired":true,"valueName":"search_term_string"}}],"inLanguage":"it-IT"},{"@type":"Organization","@id":"https:\/\/www.gossip.it\/#organization","name":"Gossip and VIP News","alternateName":"Gossip News","url":"https:\/\/www.gossip.it\/","logo":{"@type":"ImageObject","inLanguage":"it-IT","@id":"https:\/\/www.gossip.it\/#\/schema\/logo\/image\/","url":"https:\/\/www.gossip.it\/wp-content\/uploads\/2022\/04\/cropped-corna-alta-tiny.png","contentUrl":"https:\/\/www.gossip.it\/wp-content\/uploads\/2022\/04\/cropped-corna-alta-tiny.png","width":512,"height":512,"caption":"Gossip and VIP News"},"image":{"@id":"https:\/\/www.gossip.it\/#\/schema\/logo\/image\/"},"sameAs":["https:\/\/www.facebook.com\/GossipIT","https:\/\/x.com\/gossinews_it","https:\/\/instagram.com\/gossip_it"]},{"@type":"Person","@id":"https:\/\/www.gossip.it\/#\/schema\/person\/488896f75158bff1cc83c6c39d141110","name":"La Redazione","image":{"@type":"ImageObject","inLanguage":"it-IT","@id":"https:\/\/www.gossip.it\/#\/schema\/person\/image\/","url":"https:\/\/secure.gravatar.com\/avatar\/5a5f5c6fa3e6700e4249abdad0263a1e94e927d9e0499b1cb09c1cd29c044d80?s=96&d=mm&r=g","contentUrl":"https:\/\/secure.gravatar.com\/avatar\/5a5f5c6fa3e6700e4249abdad0263a1e94e927d9e0499b1cb09c1cd29c044d80?s=96&d=mm&r=g","caption":"La Redazione"},"sameAs":["https:\/\/www.gossip.it"]}]}},"amp_enabled":true,"_links":{"self":[{"href":"https:\/\/www.gossip.it\/api\/wp\/v2\/posts\/45208","targetHints":{"allow":["GET"]}}],"collection":[{"href":"https:\/\/www.gossip.it\/api\/wp\/v2\/posts"}],"about":[{"href":"https:\/\/www.gossip.it\/api\/wp\/v2\/types\/post"}],"author":[{"embeddable":true,"href":"https:\/\/www.gossip.it\/api\/wp\/v2\/users\/1"}],"replies":[{"embeddable":true,"href":"https:\/\/www.gossip.it\/api\/wp\/v2\/comments?post=45208"}],"version-history":[{"count":0,"href":"https:\/\/www.gossip.it\/api\/wp\/v2\/posts\/45208\/revisions"}],"wp:featuredmedia":[{"embeddable":true,"href":"https:\/\/www.gossip.it\/api\/wp\/v2\/media\/101254"}],"wp:attachment":[{"href":"https:\/\/www.gossip.it\/api\/wp\/v2\/media?parent=45208"}],"wp:term":[{"taxonomy":"category","embeddable":true,"href":"https:\/\/www.gossip.it\/api\/wp\/v2\/categories?post=45208"},{"taxonomy":"post_tag","embeddable":true,"href":"https:\/\/www.gossip.it\/api\/wp\/v2\/tags?post=45208"},{"taxonomy":"vip","embeddable":true,"href":"https:\/\/www.gossip.it\/api\/wp\/v2\/vip?post=45208"}],"curies":[{"name":"wp","href":"https:\/\/api.w.org\/{rel}","templated":true}]}}