{"id":45296,"date":"2014-02-28T00:00:00","date_gmt":"2014-02-27T23:00:00","guid":{"rendered":"https:\/\/www.gossip.it\/senza-categoria\/nicole-minetti-a-milano-con-l-anello\/"},"modified":"2014-02-28T00:00:00","modified_gmt":"2014-02-27T23:00:00","slug":"nicole-minetti-a-milano-con-l-anello","status":"publish","type":"post","link":"https:\/\/www.gossip.it\/news\/nicole-minetti-a-milano-con-l-anello\/","title":{"rendered":"Nicole Minetti, a Milano con l'anello"},"content":{"rendered":"<p>E' tornata in citt\u00e0 e i paparazzi si scatenano. <a href=\"http:\/\/www.gossip.it\/news\/monografia.php?keyword=Nicole Minetti\">Nicole Minetti<\/a> \u00e8 stata paparazzata nel quadrilatero della moda milanese insieme al suo assistente <a href=\"http:\/\/www.gossip.it\/news\/monografia.php?keyword=Luca Pedrini\">Luca Pedrini<\/a> e al pap\u00e0, <b>Antonio<\/b>. La pioggia non ha fermato la voglia di fare shopping dell'ex consigliera regionale della Lombardia, che dagli States, dove \u00e8 stata a lungo, ha portato indietro un prezioso niente male...<\/p>\n<p>Nicole, super sportiva, fasciata in un paio di jeans strettissimi e con le curve leggermente lievitate, ha mostrato agli obiettivi spioni un bell'anello al dito medio. La fede di brillanti dovrebbe essere un regalo del suo fidanzato, <a href=\"http:\/\/www.gossip.it\/news\/monografia.php?keyword=Giuseppe Cipriani\">Giuseppe Cipriani<\/a>, l'imprenditore che le ha dato <em>'asilo'<\/em> in Usa e a cui pare oramai legatissima.<br \/>\nHa girovagato molto negli ultimi mesi, tra America e Baleari, a cui non rinuncia. Ora eccola di nuovo in Italia, per rimanere o solo una scappata per salutare i suoi?<\/p>\n","protected":false},"excerpt":{"rendered":"<p>E' tornata in citt\u00e0 e i paparazzi si scatenano. Nicole Minetti \u00e8 stata paparazzata nel quadrilatero della moda milanese insieme al suo assistente Luca Pedrini e al pap\u00e0, Antonio. La pioggia non ha fermato la voglia di fare shopping dell'ex consigliera regionale della Lombardia, che dagli States, dove \u00e8 stata a lungo, ha portato indietro [&hellip;]<\/p>\n","protected":false},"author":1,"featured_media":101342,"comment_status":"closed","ping_status":"closed","sticky":false,"template":"","format":"standard","meta":{"footnotes":""},"categories":[54],"tags":[6834,39698,1979,5281],"vip":[1424],"class_list":["post-45296","post","type-post","status-publish","format-standard","has-post-thumbnail","hentry","category-news","tag-consigliera-regionale","tag-giuseppe-cipriani","tag-milano","tag-paparazzate","vip-nicole_minetti"],"yoast_head":"<title>Nicole Minetti, a Milano con l&#039;anello - Gossip.it | News sul Gossip e VIP<\/title>\n<meta name=\"description\" content=\"E&#039; tornata in citt\u00e0 e i paparazzi si scatenano. Nicole Minetti \u00e8 stata paparazzata nel quadrilatero della moda milanese insieme al suo assistente Luca\" \/>\n<meta name=\"robots\" content=\"index, follow, max-snippet:-1, max-image-preview:large, max-video-preview:-1\" \/>\n<link rel=\"canonical\" href=\"https:\/\/www.gossip.it\/news\/nicole-minetti-a-milano-con-l-anello\/\" \/>\n<meta property=\"og:locale\" content=\"it_IT\" \/>\n<meta property=\"og:type\" content=\"article\" \/>\n<meta property=\"og:title\" content=\"Nicole Minetti, a Milano con l&#039;anello - Gossip.it | News sul Gossip e VIP\" \/>\n<meta property=\"og:description\" content=\"E&#039; tornata in citt\u00e0 e i paparazzi si scatenano. Nicole Minetti \u00e8 stata paparazzata nel quadrilatero della moda milanese insieme al suo assistente Luca\" \/>\n<meta property=\"og:url\" content=\"https:\/\/www.gossip.it\/news\/nicole-minetti-a-milano-con-l-anello\/\" \/>\n<meta property=\"og:site_name\" content=\"Gossip.it | News sul Gossip e VIP\" \/>\n<meta property=\"article:publisher\" content=\"https:\/\/www.facebook.com\/GossipIT\" \/>\n<meta property=\"article:published_time\" content=\"2014-02-27T23:00:00+00:00\" \/>\n<meta property=\"og:image\" content=\"http:\/\/www.gossip.it\/images5\/1393587156_.jpg\" \/>\n<meta name=\"author\" content=\"La Redazione\" \/>\n<meta name=\"twitter:card\" content=\"summary_large_image\" \/>\n<meta name=\"twitter:image\" content=\"http:\/\/www.gossip.it\/images5\/1393587156_.jpg\" \/>\n<meta name=\"twitter:creator\" content=\"@gossinews_it\" \/>\n<meta name=\"twitter:site\" content=\"@gossinews_it\" \/>\n<meta name=\"twitter:label1\" content=\"Scritto da\" \/>\n\t<meta name=\"twitter:data1\" content=\"Annamaria Capozzi\" \/>\n\t<meta name=\"twitter:label2\" content=\"Tempo di lettura stimato\" \/>\n\t<meta name=\"twitter:data2\" content=\"1 minuto\" \/>","yoast_head_json":{"title":"Nicole Minetti, a Milano con l'anello - Gossip.it | News sul Gossip e VIP","description":"E' tornata in citt\u00e0 e i paparazzi si scatenano. Nicole Minetti \u00e8 stata paparazzata nel quadrilatero della moda milanese insieme al suo assistente Luca","robots":{"index":"index","follow":"follow","max-snippet":"max-snippet:-1","max-image-preview":"max-image-preview:large","max-video-preview":"max-video-preview:-1"},"canonical":"https:\/\/www.gossip.it\/news\/nicole-minetti-a-milano-con-l-anello\/","og_locale":"it_IT","og_type":"article","og_title":"Nicole Minetti, a Milano con l'anello - Gossip.it | News sul Gossip e VIP","og_description":"E' tornata in citt\u00e0 e i paparazzi si scatenano. Nicole Minetti \u00e8 stata paparazzata nel quadrilatero della moda milanese insieme al suo assistente Luca","og_url":"https:\/\/www.gossip.it\/news\/nicole-minetti-a-milano-con-l-anello\/","og_site_name":"Gossip.it | News sul Gossip e VIP","article_publisher":"https:\/\/www.facebook.com\/GossipIT","article_published_time":"2014-02-27T23:00:00+00:00","og_image":[{"url":"http:\/\/www.gossip.it\/images5\/1393587156_.jpg"}],"author":"La Redazione","twitter_card":"summary_large_image","twitter_image":"http:\/\/www.gossip.it\/images5\/1393587156_.jpg","twitter_creator":"@gossinews_it","twitter_site":"@gossinews_it","twitter_misc":{"Scritto da":"Annamaria Capozzi","Tempo di lettura stimato":"1 minuto"},"schema":{"@context":"https:\/\/schema.org","@graph":[{"@type":"Article","@id":"https:\/\/www.gossip.it\/news\/nicole-minetti-a-milano-con-l-anello\/#article","isPartOf":{"@id":"https:\/\/www.gossip.it\/news\/nicole-minetti-a-milano-con-l-anello\/"},"author":{"name":"La Redazione","@id":"https:\/\/www.gossip.it\/#\/schema\/person\/488896f75158bff1cc83c6c39d141110"},"headline":"Nicole Minetti, a Milano con l'anello","datePublished":"2014-02-27T23:00:00+00:00","dateModified":"2014-02-27T23:00:00+00:00","mainEntityOfPage":{"@id":"https:\/\/www.gossip.it\/news\/nicole-minetti-a-milano-con-l-anello\/"},"wordCount":150,"publisher":{"@id":"https:\/\/www.gossip.it\/#organization"},"image":{"@id":"https:\/\/www.gossip.it\/news\/nicole-minetti-a-milano-con-l-anello\/#primaryimage"},"thumbnailUrl":"http:\/\/www.gossip.it\/images5\/1393587156_.jpg","keywords":["consigliera regionale","giuseppe cipriani","milano","paparazzate"],"articleSection":["News"],"inLanguage":"it-IT"},{"@type":"WebPage","@id":"https:\/\/www.gossip.it\/news\/nicole-minetti-a-milano-con-l-anello\/","url":"https:\/\/www.gossip.it\/news\/nicole-minetti-a-milano-con-l-anello\/","name":"Nicole Minetti, a Milano con l'anello - Gossip.it | News sul Gossip e VIP","isPartOf":{"@id":"https:\/\/www.gossip.it\/#website"},"primaryImageOfPage":{"@id":"https:\/\/www.gossip.it\/news\/nicole-minetti-a-milano-con-l-anello\/#primaryimage"},"image":{"@id":"https:\/\/www.gossip.it\/news\/nicole-minetti-a-milano-con-l-anello\/#primaryimage"},"thumbnailUrl":"http:\/\/www.gossip.it\/images5\/1393587156_.jpg","datePublished":"2014-02-27T23:00:00+00:00","dateModified":"2014-02-27T23:00:00+00:00","description":"E' tornata in citt\u00e0 e i paparazzi si scatenano. Nicole Minetti \u00e8 stata paparazzata nel quadrilatero della moda milanese insieme al suo assistente Luca","breadcrumb":{"@id":"https:\/\/www.gossip.it\/news\/nicole-minetti-a-milano-con-l-anello\/#breadcrumb"},"inLanguage":"it-IT","potentialAction":[{"@type":"ReadAction","target":["https:\/\/www.gossip.it\/news\/nicole-minetti-a-milano-con-l-anello\/"]}]},{"@type":"ImageObject","inLanguage":"it-IT","@id":"https:\/\/www.gossip.it\/news\/nicole-minetti-a-milano-con-l-anello\/#primaryimage","url":"http:\/\/www.gossip.it\/images5\/1393587156_.jpg","contentUrl":"http:\/\/www.gossip.it\/images5\/1393587156_.jpg"},{"@type":"BreadcrumbList","@id":"https:\/\/www.gossip.it\/news\/nicole-minetti-a-milano-con-l-anello\/#breadcrumb","itemListElement":[{"@type":"ListItem","position":1,"name":"Home","item":"https:\/\/www.gossip.it\/"},{"@type":"ListItem","position":2,"name":"Nicole Minetti, a Milano con l'anello"}]},{"@type":"WebSite","@id":"https:\/\/www.gossip.it\/#website","url":"https:\/\/www.gossip.it\/","name":"Gossip and VIP News","description":"Quotidiano di cronaca rosa, costume e societ\u00e0","publisher":{"@id":"https:\/\/www.gossip.it\/#organization"},"alternateName":"Gossip and VIP News","potentialAction":[{"@type":"SearchAction","target":{"@type":"EntryPoint","urlTemplate":"https:\/\/www.gossip.it\/?s={search_term_string}"},"query-input":{"@type":"PropertyValueSpecification","valueRequired":true,"valueName":"search_term_string"}}],"inLanguage":"it-IT"},{"@type":"Organization","@id":"https:\/\/www.gossip.it\/#organization","name":"Gossip and VIP News","alternateName":"Gossip News","url":"https:\/\/www.gossip.it\/","logo":{"@type":"ImageObject","inLanguage":"it-IT","@id":"https:\/\/www.gossip.it\/#\/schema\/logo\/image\/","url":"https:\/\/www.gossip.it\/wp-content\/uploads\/2022\/04\/cropped-corna-alta-tiny.png","contentUrl":"https:\/\/www.gossip.it\/wp-content\/uploads\/2022\/04\/cropped-corna-alta-tiny.png","width":512,"height":512,"caption":"Gossip and VIP News"},"image":{"@id":"https:\/\/www.gossip.it\/#\/schema\/logo\/image\/"},"sameAs":["https:\/\/www.facebook.com\/GossipIT","https:\/\/x.com\/gossinews_it","https:\/\/instagram.com\/gossip_it"]},{"@type":"Person","@id":"https:\/\/www.gossip.it\/#\/schema\/person\/488896f75158bff1cc83c6c39d141110","name":"La Redazione","image":{"@type":"ImageObject","inLanguage":"it-IT","@id":"https:\/\/www.gossip.it\/#\/schema\/person\/image\/","url":"https:\/\/secure.gravatar.com\/avatar\/5a5f5c6fa3e6700e4249abdad0263a1e94e927d9e0499b1cb09c1cd29c044d80?s=96&d=mm&r=g","contentUrl":"https:\/\/secure.gravatar.com\/avatar\/5a5f5c6fa3e6700e4249abdad0263a1e94e927d9e0499b1cb09c1cd29c044d80?s=96&d=mm&r=g","caption":"La Redazione"},"sameAs":["https:\/\/www.gossip.it"]}]}},"amp_enabled":true,"_links":{"self":[{"href":"https:\/\/www.gossip.it\/api\/wp\/v2\/posts\/45296","targetHints":{"allow":["GET"]}}],"collection":[{"href":"https:\/\/www.gossip.it\/api\/wp\/v2\/posts"}],"about":[{"href":"https:\/\/www.gossip.it\/api\/wp\/v2\/types\/post"}],"author":[{"embeddable":true,"href":"https:\/\/www.gossip.it\/api\/wp\/v2\/users\/1"}],"replies":[{"embeddable":true,"href":"https:\/\/www.gossip.it\/api\/wp\/v2\/comments?post=45296"}],"version-history":[{"count":0,"href":"https:\/\/www.gossip.it\/api\/wp\/v2\/posts\/45296\/revisions"}],"wp:featuredmedia":[{"embeddable":true,"href":"https:\/\/www.gossip.it\/api\/wp\/v2\/media\/101342"}],"wp:attachment":[{"href":"https:\/\/www.gossip.it\/api\/wp\/v2\/media?parent=45296"}],"wp:term":[{"taxonomy":"category","embeddable":true,"href":"https:\/\/www.gossip.it\/api\/wp\/v2\/categories?post=45296"},{"taxonomy":"post_tag","embeddable":true,"href":"https:\/\/www.gossip.it\/api\/wp\/v2\/tags?post=45296"},{"taxonomy":"vip","embeddable":true,"href":"https:\/\/www.gossip.it\/api\/wp\/v2\/vip?post=45296"}],"curies":[{"name":"wp","href":"https:\/\/api.w.org\/{rel}","templated":true}]}}