{"id":45364,"date":"2014-03-04T00:00:00","date_gmt":"2014-03-03T23:00:00","guid":{"rendered":"https:\/\/www.gossip.it\/senza-categoria\/sabrina-ferilli-di-non-aver-fatto-il-red-carpet-mi-spiace-molto\/"},"modified":"2014-03-04T00:00:00","modified_gmt":"2014-03-03T23:00:00","slug":"sabrina-ferilli-di-non-aver-fatto-il-red-carpet-mi-spiace-molto","status":"publish","type":"post","link":"https:\/\/www.gossip.it\/news\/sabrina-ferilli-di-non-aver-fatto-il-red-carpet-mi-spiace-molto\/","title":{"rendered":"Sabrina Ferilli: 'Di non aver fatto il red carpet mi spiace molto'"},"content":{"rendered":"<p>Non le \u00e8 andato proprio gi\u00f9 di essere stata esclusa dai riflettori. <a href=\"http:\/\/www.gossip.it\/news\/monografia.php?keyword=Sabrina Ferilli\">Sabrina Ferilli<\/a> \u00e8 tagliente su <em>Chi<\/em> per non essere volata a Los Angeles. <b><em>\"Il vestito era straordinario, i gioielli pure. Diciamo per\u00f2 che alla Notte degli Oscar non c\u2019ero io con tutta quella robba addosso\"<\/em><\/b>, ha detto caustica l'<a href=\"http:\/\/www.gossip.it\/news\/monografia.php?keyword=attrice\">attrice<\/a>.<\/p>\n<p>Tra le protagoniste di <b>\"La grande bellezza\"<\/b>, il <a href=\"http:\/\/www.gossip.it\/news\/monografia.php?keyword=film\">film<\/a> che ha riportato l'<a href=\"http:\/\/www.gossip.it\/news\/monografia.php?keyword=Oscar\">Oscar<\/a> in Italia (<a href=\"http:\/\/www.gossip.it\/news\/paolo_sorrentino_la_grande_bellezza_delloscar_news.html?ID=1393844857#.UxXE0z95OSo\"><b><u>per leggere l'articolo clicca qui<\/u><\/b><\/a>), Sabrina non \u00e8 volata negli Usa. Ai candidati nel Dolby Theatre erano state assegnate quattro poltrone. Su quelle sedie, oltre a <a href=\"http:\/\/www.gossip.it\/news\/monografia.php?keyword=Paolo Sorrentino\">Paolo Sorrentino<\/a>, il protagonista <a href=\"http:\/\/www.gossip.it\/news\/monografia.php?keyword=Toni Servillo\">Toni Servillo<\/a> e il produttore del film, <b>Nicola Giuliano<\/b>, ci si \u00e8 seduta la moglie del regista, <b>Daniela D\u2019Antonio<\/b>. Dietro di loro, posti obbligati per il presidente di Medusa (distributore del film in Italia), <a href=\"http:\/\/www.gossip.it\/news\/monografia.php?keyword=Carlo Rossella\">Carlo Rossella<\/a>, e per l\u2019ad <b>Giampaolo Letta<\/b>.<br \/>\n<em>\"Questo \u00e8 un Paese di talenti e non di squadre<\/em> - si \u00e8 sfogata la Ferilli - <em>A livello individuale sparigliamo e sbaragliamo, ma \u00e8 nel discorso organizzativo che manchiamo. Non sappiamo ottimizzare niente, sviluppare il valore delle cose. Se lo si guarda nella prospettiva degli eventi, \u201c<b>La grande bellezza\u201d non l\u2019hanno amplificato, l\u2019hanno detonato. Ed era un evento unico: erano 15 anni che non vincevamo un Oscar, questo \u00e8 demoralizzante<\/b>\"<\/em>. E ha aggiunto: <em>\"<b>Di non essere stata l\u00ec, di non aver fatto il red carpet mi dispiace, e molto<\/b>. Lo dico non soltanto per me, ma anche perch\u00e9 l\u2019immagine che si ricorda nel tempo della \u201cNotte degli Oscar\u201d \u00e8 quella delle foto delle attrici che solcano il tappeto rosso in abiti favolosi. Come si dice: \u201cE\u2019 la materia di cui sono fatti i sogni\u201d. Senza \u00e8 come se mancasse qualcosa. E poi, per quanto possa essere ottimista, <b>dubito che la cosa possa verificarsi nuovamente per me e, soprattutto, a breve. A me non \u00e8 mai riuscita l\u2019incoronazione: sono stata capace di lavorare tanto, di fare tanto, ma alla fine la cerimonia mi \u00e8 sempre sfuggita<\/b>. Se mi sono ritrovata \u201cregina\u201d \u00e8 perch\u00e9 qualcuno me l\u2019ha riferito mentre stavo a casa, in camerino, al bar o persino alla toilette. Ma mai nessuno per via ufficiale\"<\/em>.<\/p>\n<p>Poi l'ennesima battuta tagliente: <em>\"Sapete cosa vi dico? <b>La salita mia \u00e8 un passo alla volta e io ho ancora un bel po\u2019 di anni davanti. A Hollywood io prima o poi ci vado<\/b>. Dovesse pure essere per il remake di \u201cA spasso con Daisy\u201d\"<\/em>.<\/p>\n","protected":false},"excerpt":{"rendered":"<p>Non le \u00e8 andato proprio gi\u00f9 di essere stata esclusa dai riflettori. Sabrina Ferilli \u00e8 tagliente su Chi per non essere volata a Los Angeles. \"Il vestito era straordinario, i gioielli pure. Diciamo per\u00f2 che alla Notte degli Oscar non c\u2019ero io con tutta quella robba addosso\", ha detto caustica l'attrice. Tra le protagoniste di [&hellip;]<\/p>\n","protected":false},"author":1,"featured_media":101410,"comment_status":"closed","ping_status":"closed","sticky":false,"template":"","format":"standard","meta":{"footnotes":""},"categories":[54],"tags":[1983,2102,42918,17028,2577,5436],"vip":[1638],"class_list":["post-45364","post","type-post","status-publish","format-standard","has-post-thumbnail","hentry","category-news","tag-attrice","tag-dichiarazioni","tag-la-grande-bellezza","tag-notte-degli-oscar","tag-oscar","tag-paolo-sorrentino","vip-sabrina_ferilli"],"yoast_head":"<title>Sabrina Ferilli: &#039;Di non aver fatto il red carpet mi spiace molto&#039; - Gossip.it | News sul Gossip e VIP<\/title>\n<meta name=\"description\" content=\"Non le \u00e8 andato proprio gi\u00f9 di essere stata esclusa dai riflettori. Sabrina Ferilli \u00e8 tagliente su Chi per non essere volata a Los Angeles. &quot;Il vestito\" \/>\n<meta name=\"robots\" content=\"index, follow, max-snippet:-1, max-image-preview:large, max-video-preview:-1\" \/>\n<link rel=\"canonical\" href=\"https:\/\/www.gossip.it\/news\/sabrina-ferilli-di-non-aver-fatto-il-red-carpet-mi-spiace-molto\/\" \/>\n<meta property=\"og:locale\" content=\"it_IT\" \/>\n<meta property=\"og:type\" content=\"article\" \/>\n<meta property=\"og:title\" content=\"Sabrina Ferilli: &#039;Di non aver fatto il red carpet mi spiace molto&#039; - Gossip.it | News sul Gossip e VIP\" \/>\n<meta property=\"og:description\" content=\"Non le \u00e8 andato proprio gi\u00f9 di essere stata esclusa dai riflettori. Sabrina Ferilli \u00e8 tagliente su Chi per non essere volata a Los Angeles. &quot;Il vestito\" \/>\n<meta property=\"og:url\" content=\"https:\/\/www.gossip.it\/news\/sabrina-ferilli-di-non-aver-fatto-il-red-carpet-mi-spiace-molto\/\" \/>\n<meta property=\"og:site_name\" content=\"Gossip.it | News sul Gossip e VIP\" \/>\n<meta property=\"article:publisher\" content=\"https:\/\/www.facebook.com\/GossipIT\" \/>\n<meta property=\"article:published_time\" content=\"2014-03-03T23:00:00+00:00\" \/>\n<meta property=\"og:image\" content=\"http:\/\/www.gossip.it\/images5\/1393935491_.jpg\" \/>\n<meta name=\"author\" content=\"La Redazione\" \/>\n<meta name=\"twitter:card\" content=\"summary_large_image\" \/>\n<meta name=\"twitter:image\" content=\"http:\/\/www.gossip.it\/images5\/1393935491_.jpg\" \/>\n<meta name=\"twitter:creator\" content=\"@gossinews_it\" \/>\n<meta name=\"twitter:site\" content=\"@gossinews_it\" \/>\n<meta name=\"twitter:label1\" content=\"Scritto da\" \/>\n\t<meta name=\"twitter:data1\" content=\"La Redazione\" \/>\n\t<meta name=\"twitter:label2\" content=\"Tempo di lettura stimato\" \/>\n\t<meta name=\"twitter:data2\" content=\"2 minuti\" \/>","yoast_head_json":{"title":"Sabrina Ferilli: 'Di non aver fatto il red carpet mi spiace molto' - Gossip.it | News sul Gossip e VIP","description":"Non le \u00e8 andato proprio gi\u00f9 di essere stata esclusa dai riflettori. Sabrina Ferilli \u00e8 tagliente su Chi per non essere volata a Los Angeles. \"Il vestito","robots":{"index":"index","follow":"follow","max-snippet":"max-snippet:-1","max-image-preview":"max-image-preview:large","max-video-preview":"max-video-preview:-1"},"canonical":"https:\/\/www.gossip.it\/news\/sabrina-ferilli-di-non-aver-fatto-il-red-carpet-mi-spiace-molto\/","og_locale":"it_IT","og_type":"article","og_title":"Sabrina Ferilli: 'Di non aver fatto il red carpet mi spiace molto' - Gossip.it | News sul Gossip e VIP","og_description":"Non le \u00e8 andato proprio gi\u00f9 di essere stata esclusa dai riflettori. Sabrina Ferilli \u00e8 tagliente su Chi per non essere volata a Los Angeles. \"Il vestito","og_url":"https:\/\/www.gossip.it\/news\/sabrina-ferilli-di-non-aver-fatto-il-red-carpet-mi-spiace-molto\/","og_site_name":"Gossip.it | News sul Gossip e VIP","article_publisher":"https:\/\/www.facebook.com\/GossipIT","article_published_time":"2014-03-03T23:00:00+00:00","og_image":[{"url":"http:\/\/www.gossip.it\/images5\/1393935491_.jpg"}],"author":"La Redazione","twitter_card":"summary_large_image","twitter_image":"http:\/\/www.gossip.it\/images5\/1393935491_.jpg","twitter_creator":"@gossinews_it","twitter_site":"@gossinews_it","twitter_misc":{"Scritto da":"La Redazione","Tempo di lettura stimato":"2 minuti"},"schema":{"@context":"https:\/\/schema.org","@graph":[{"@type":"Article","@id":"https:\/\/www.gossip.it\/news\/sabrina-ferilli-di-non-aver-fatto-il-red-carpet-mi-spiace-molto\/#article","isPartOf":{"@id":"https:\/\/www.gossip.it\/news\/sabrina-ferilli-di-non-aver-fatto-il-red-carpet-mi-spiace-molto\/"},"author":{"name":"La Redazione","@id":"https:\/\/www.gossip.it\/#\/schema\/person\/488896f75158bff1cc83c6c39d141110"},"headline":"Sabrina Ferilli: 'Di non aver fatto il red carpet mi spiace molto'","datePublished":"2014-03-03T23:00:00+00:00","dateModified":"2014-03-03T23:00:00+00:00","mainEntityOfPage":{"@id":"https:\/\/www.gossip.it\/news\/sabrina-ferilli-di-non-aver-fatto-il-red-carpet-mi-spiace-molto\/"},"wordCount":406,"publisher":{"@id":"https:\/\/www.gossip.it\/#organization"},"image":{"@id":"https:\/\/www.gossip.it\/news\/sabrina-ferilli-di-non-aver-fatto-il-red-carpet-mi-spiace-molto\/#primaryimage"},"thumbnailUrl":"http:\/\/www.gossip.it\/images5\/1393935491_.jpg","keywords":["attrice","dichiarazioni","la grande bellezza","notte degli oscar","oscar","paolo sorrentino"],"articleSection":["News"],"inLanguage":"it-IT"},{"@type":"WebPage","@id":"https:\/\/www.gossip.it\/news\/sabrina-ferilli-di-non-aver-fatto-il-red-carpet-mi-spiace-molto\/","url":"https:\/\/www.gossip.it\/news\/sabrina-ferilli-di-non-aver-fatto-il-red-carpet-mi-spiace-molto\/","name":"Sabrina Ferilli: 'Di non aver fatto il red carpet mi spiace molto' - Gossip.it | News sul Gossip e VIP","isPartOf":{"@id":"https:\/\/www.gossip.it\/#website"},"primaryImageOfPage":{"@id":"https:\/\/www.gossip.it\/news\/sabrina-ferilli-di-non-aver-fatto-il-red-carpet-mi-spiace-molto\/#primaryimage"},"image":{"@id":"https:\/\/www.gossip.it\/news\/sabrina-ferilli-di-non-aver-fatto-il-red-carpet-mi-spiace-molto\/#primaryimage"},"thumbnailUrl":"http:\/\/www.gossip.it\/images5\/1393935491_.jpg","datePublished":"2014-03-03T23:00:00+00:00","dateModified":"2014-03-03T23:00:00+00:00","description":"Non le \u00e8 andato proprio gi\u00f9 di essere stata esclusa dai riflettori. Sabrina Ferilli \u00e8 tagliente su Chi per non essere volata a Los Angeles. \"Il vestito","breadcrumb":{"@id":"https:\/\/www.gossip.it\/news\/sabrina-ferilli-di-non-aver-fatto-il-red-carpet-mi-spiace-molto\/#breadcrumb"},"inLanguage":"it-IT","potentialAction":[{"@type":"ReadAction","target":["https:\/\/www.gossip.it\/news\/sabrina-ferilli-di-non-aver-fatto-il-red-carpet-mi-spiace-molto\/"]}]},{"@type":"ImageObject","inLanguage":"it-IT","@id":"https:\/\/www.gossip.it\/news\/sabrina-ferilli-di-non-aver-fatto-il-red-carpet-mi-spiace-molto\/#primaryimage","url":"http:\/\/www.gossip.it\/images5\/1393935491_.jpg","contentUrl":"http:\/\/www.gossip.it\/images5\/1393935491_.jpg"},{"@type":"BreadcrumbList","@id":"https:\/\/www.gossip.it\/news\/sabrina-ferilli-di-non-aver-fatto-il-red-carpet-mi-spiace-molto\/#breadcrumb","itemListElement":[{"@type":"ListItem","position":1,"name":"Home","item":"https:\/\/www.gossip.it\/"},{"@type":"ListItem","position":2,"name":"Sabrina Ferilli: 'Di non aver fatto il red carpet mi spiace molto'"}]},{"@type":"WebSite","@id":"https:\/\/www.gossip.it\/#website","url":"https:\/\/www.gossip.it\/","name":"Gossip and VIP News","description":"Quotidiano di cronaca rosa, costume e societ\u00e0","publisher":{"@id":"https:\/\/www.gossip.it\/#organization"},"alternateName":"Gossip and VIP News","potentialAction":[{"@type":"SearchAction","target":{"@type":"EntryPoint","urlTemplate":"https:\/\/www.gossip.it\/?s={search_term_string}"},"query-input":{"@type":"PropertyValueSpecification","valueRequired":true,"valueName":"search_term_string"}}],"inLanguage":"it-IT"},{"@type":"Organization","@id":"https:\/\/www.gossip.it\/#organization","name":"Gossip and VIP News","alternateName":"Gossip News","url":"https:\/\/www.gossip.it\/","logo":{"@type":"ImageObject","inLanguage":"it-IT","@id":"https:\/\/www.gossip.it\/#\/schema\/logo\/image\/","url":"https:\/\/www.gossip.it\/wp-content\/uploads\/2022\/04\/cropped-corna-alta-tiny.png","contentUrl":"https:\/\/www.gossip.it\/wp-content\/uploads\/2022\/04\/cropped-corna-alta-tiny.png","width":512,"height":512,"caption":"Gossip and VIP News"},"image":{"@id":"https:\/\/www.gossip.it\/#\/schema\/logo\/image\/"},"sameAs":["https:\/\/www.facebook.com\/GossipIT","https:\/\/x.com\/gossinews_it","https:\/\/instagram.com\/gossip_it"]},{"@type":"Person","@id":"https:\/\/www.gossip.it\/#\/schema\/person\/488896f75158bff1cc83c6c39d141110","name":"La Redazione","image":{"@type":"ImageObject","inLanguage":"it-IT","@id":"https:\/\/www.gossip.it\/#\/schema\/person\/image\/","url":"https:\/\/secure.gravatar.com\/avatar\/5a5f5c6fa3e6700e4249abdad0263a1e94e927d9e0499b1cb09c1cd29c044d80?s=96&d=mm&r=g","contentUrl":"https:\/\/secure.gravatar.com\/avatar\/5a5f5c6fa3e6700e4249abdad0263a1e94e927d9e0499b1cb09c1cd29c044d80?s=96&d=mm&r=g","caption":"La Redazione"},"sameAs":["https:\/\/www.gossip.it"]}]}},"amp_enabled":true,"_links":{"self":[{"href":"https:\/\/www.gossip.it\/api\/wp\/v2\/posts\/45364","targetHints":{"allow":["GET"]}}],"collection":[{"href":"https:\/\/www.gossip.it\/api\/wp\/v2\/posts"}],"about":[{"href":"https:\/\/www.gossip.it\/api\/wp\/v2\/types\/post"}],"author":[{"embeddable":true,"href":"https:\/\/www.gossip.it\/api\/wp\/v2\/users\/1"}],"replies":[{"embeddable":true,"href":"https:\/\/www.gossip.it\/api\/wp\/v2\/comments?post=45364"}],"version-history":[{"count":0,"href":"https:\/\/www.gossip.it\/api\/wp\/v2\/posts\/45364\/revisions"}],"wp:featuredmedia":[{"embeddable":true,"href":"https:\/\/www.gossip.it\/api\/wp\/v2\/media\/101410"}],"wp:attachment":[{"href":"https:\/\/www.gossip.it\/api\/wp\/v2\/media?parent=45364"}],"wp:term":[{"taxonomy":"category","embeddable":true,"href":"https:\/\/www.gossip.it\/api\/wp\/v2\/categories?post=45364"},{"taxonomy":"post_tag","embeddable":true,"href":"https:\/\/www.gossip.it\/api\/wp\/v2\/tags?post=45364"},{"taxonomy":"vip","embeddable":true,"href":"https:\/\/www.gossip.it\/api\/wp\/v2\/vip?post=45364"}],"curies":[{"name":"wp","href":"https:\/\/api.w.org\/{rel}","templated":true}]}}