{"id":45381,"date":"2014-03-04T00:00:00","date_gmt":"2014-03-03T23:00:00","guid":{"rendered":"https:\/\/www.gossip.it\/senza-categoria\/ana-laura-balla-con-mamma-duda\/"},"modified":"2014-03-04T00:00:00","modified_gmt":"2014-03-03T23:00:00","slug":"ana-laura-balla-con-mamma-duda","status":"publish","type":"post","link":"https:\/\/www.gossip.it\/news\/ana-laura-balla-con-mamma-duda\/","title":{"rendered":"Ana Laura, balla con mamma Duda"},"content":{"rendered":"<p>Ecco da chi ha ripreso la simpatia e la vitalit\u00e0 che la contraddistinguono: dalla sua mamma. <a href=\"http:\/\/www.gossip.it\/news\/monografia.php?keyword=Ana Laura Ribas\">Ana Laura Ribas<\/a> sul social posta delle immagini che la ritraggono mentre balla con la madre, l'esuberante signora <strong>Duda<\/strong>. Le due donne sembrano divertirsi davvero un mondo insieme.<\/p>\n<figure class=\"caption\"><img decoding=\"async\" alt=\"\" width=\"620\" height=\"600\" src=\"http:\/\/files.gossip.it\/immagini_news\/2014\/03\/1393946557_1-14.jpg\" \/><figcaption>Ana Laura Ribas balla con mamma Duda<\/figcaption><\/figure>\n<p><em>\"Passare la serata a ballare con la mamma, ha il suo perch\u00e9! Mia mamma Duda\"<\/em>, cinguetta la showgirl brasiliana accanto all'immagine social. Ai <strong>follower<\/strong> che le fanno i complimenti e che notano pure una certa somiglianza con la mamma, Ana Laura risponde: <em>\"S\u00ec abbastanza, pi\u00f9 ai miei fratelli, <strong>io sono identica al mio pap\u00e0, \u00e8 che abbiamo lo stesso taglio, per questo sembriamo simili...\u00a0<\/strong>La mia Duda \u00e8 troppo top\"<\/em>.<\/p>\n","protected":false},"excerpt":{"rendered":"<p>Ecco da chi ha ripreso la simpatia e la vitalit\u00e0 che la contraddistinguono: dalla sua mamma. Ana Laura Ribas sul social posta delle immagini che la ritraggono mentre balla con la madre, l'esuberante signora Duda. Le due donne sembrano divertirsi davvero un mondo insieme. Ana Laura Ribas balla con mamma Duda \"Passare la serata a [&hellip;]<\/p>\n","protected":false},"author":1,"featured_media":101427,"comment_status":"closed","ping_status":"closed","sticky":false,"template":"","format":"standard","meta":{"footnotes":""},"categories":[54],"tags":[2456,46180,12200,2121,2361,1900,1967,1923],"vip":[301],"class_list":["post-45381","post","type-post","status-publish","format-standard","has-post-thumbnail","hentry","category-news","tag-ballo","tag-duda","tag-follower","tag-instagram","tag-madre","tag-mamma","tag-showgirl","tag-social","vip-ana_laura_ribas"],"yoast_head":"<title>Ana Laura, balla con mamma Duda - Gossip.it | News sul Gossip e VIP<\/title>\n<meta name=\"description\" content=\"Ecco da chi ha ripreso la simpatia e la vitalit\u00e0 che la contraddistinguono: dalla sua mamma. Ana Laura Ribas sul social posta delle immagini che la\" \/>\n<meta name=\"robots\" content=\"index, follow, max-snippet:-1, max-image-preview:large, max-video-preview:-1\" \/>\n<link rel=\"canonical\" href=\"https:\/\/www.gossip.it\/news\/ana-laura-balla-con-mamma-duda\/\" \/>\n<meta property=\"og:locale\" content=\"it_IT\" \/>\n<meta property=\"og:type\" content=\"article\" \/>\n<meta property=\"og:title\" content=\"Ana Laura, balla con mamma Duda - Gossip.it | News sul Gossip e VIP\" \/>\n<meta property=\"og:description\" content=\"Ecco da chi ha ripreso la simpatia e la vitalit\u00e0 che la contraddistinguono: dalla sua mamma. Ana Laura Ribas sul social posta delle immagini che la\" \/>\n<meta property=\"og:url\" content=\"https:\/\/www.gossip.it\/news\/ana-laura-balla-con-mamma-duda\/\" \/>\n<meta property=\"og:site_name\" content=\"Gossip.it | News sul Gossip e VIP\" \/>\n<meta property=\"article:publisher\" content=\"https:\/\/www.facebook.com\/GossipIT\" \/>\n<meta property=\"article:published_time\" content=\"2014-03-03T23:00:00+00:00\" \/>\n<meta property=\"og:image\" content=\"http:\/\/files.gossip.it\/immagini_news\/2014\/03\/1393946557_1-14.jpg\" \/>\n<meta name=\"author\" content=\"La Redazione\" \/>\n<meta name=\"twitter:card\" content=\"summary_large_image\" \/>\n<meta name=\"twitter:image\" content=\"http:\/\/files.gossip.it\/immagini_news\/2014\/03\/1393946557_1-14.jpg\" \/>\n<meta name=\"twitter:creator\" content=\"@gossinews_it\" \/>\n<meta name=\"twitter:site\" content=\"@gossinews_it\" \/>\n<meta name=\"twitter:label1\" content=\"Scritto da\" \/>\n\t<meta name=\"twitter:data1\" content=\"Francesca Romana Domenici\" \/>\n\t<meta name=\"twitter:label2\" content=\"Tempo di lettura stimato\" \/>\n\t<meta name=\"twitter:data2\" content=\"1 minuto\" \/>","yoast_head_json":{"title":"Ana Laura, balla con mamma Duda - Gossip.it | News sul Gossip e VIP","description":"Ecco da chi ha ripreso la simpatia e la vitalit\u00e0 che la contraddistinguono: dalla sua mamma. Ana Laura Ribas sul social posta delle immagini che la","robots":{"index":"index","follow":"follow","max-snippet":"max-snippet:-1","max-image-preview":"max-image-preview:large","max-video-preview":"max-video-preview:-1"},"canonical":"https:\/\/www.gossip.it\/news\/ana-laura-balla-con-mamma-duda\/","og_locale":"it_IT","og_type":"article","og_title":"Ana Laura, balla con mamma Duda - Gossip.it | News sul Gossip e VIP","og_description":"Ecco da chi ha ripreso la simpatia e la vitalit\u00e0 che la contraddistinguono: dalla sua mamma. Ana Laura Ribas sul social posta delle immagini che la","og_url":"https:\/\/www.gossip.it\/news\/ana-laura-balla-con-mamma-duda\/","og_site_name":"Gossip.it | News sul Gossip e VIP","article_publisher":"https:\/\/www.facebook.com\/GossipIT","article_published_time":"2014-03-03T23:00:00+00:00","og_image":[{"url":"http:\/\/files.gossip.it\/immagini_news\/2014\/03\/1393946557_1-14.jpg"}],"author":"La Redazione","twitter_card":"summary_large_image","twitter_image":"http:\/\/files.gossip.it\/immagini_news\/2014\/03\/1393946557_1-14.jpg","twitter_creator":"@gossinews_it","twitter_site":"@gossinews_it","twitter_misc":{"Scritto da":"Francesca Romana Domenici","Tempo di lettura stimato":"1 minuto"},"schema":{"@context":"https:\/\/schema.org","@graph":[{"@type":"Article","@id":"https:\/\/www.gossip.it\/news\/ana-laura-balla-con-mamma-duda\/#article","isPartOf":{"@id":"https:\/\/www.gossip.it\/news\/ana-laura-balla-con-mamma-duda\/"},"author":{"name":"La Redazione","@id":"https:\/\/www.gossip.it\/#\/schema\/person\/488896f75158bff1cc83c6c39d141110"},"headline":"Ana Laura, balla con mamma Duda","datePublished":"2014-03-03T23:00:00+00:00","dateModified":"2014-03-03T23:00:00+00:00","mainEntityOfPage":{"@id":"https:\/\/www.gossip.it\/news\/ana-laura-balla-con-mamma-duda\/"},"wordCount":127,"publisher":{"@id":"https:\/\/www.gossip.it\/#organization"},"image":{"@id":"https:\/\/www.gossip.it\/news\/ana-laura-balla-con-mamma-duda\/#primaryimage"},"thumbnailUrl":"http:\/\/files.gossip.it\/immagini_news\/2014\/03\/1393946557_1-14.jpg","keywords":["ballo","duda","follower","instagram","madre","mamma","showgirl","social"],"articleSection":["News"],"inLanguage":"it-IT"},{"@type":"WebPage","@id":"https:\/\/www.gossip.it\/news\/ana-laura-balla-con-mamma-duda\/","url":"https:\/\/www.gossip.it\/news\/ana-laura-balla-con-mamma-duda\/","name":"Ana Laura, balla con mamma Duda - Gossip.it | News sul Gossip e VIP","isPartOf":{"@id":"https:\/\/www.gossip.it\/#website"},"primaryImageOfPage":{"@id":"https:\/\/www.gossip.it\/news\/ana-laura-balla-con-mamma-duda\/#primaryimage"},"image":{"@id":"https:\/\/www.gossip.it\/news\/ana-laura-balla-con-mamma-duda\/#primaryimage"},"thumbnailUrl":"http:\/\/files.gossip.it\/immagini_news\/2014\/03\/1393946557_1-14.jpg","datePublished":"2014-03-03T23:00:00+00:00","dateModified":"2014-03-03T23:00:00+00:00","description":"Ecco da chi ha ripreso la simpatia e la vitalit\u00e0 che la contraddistinguono: dalla sua mamma. Ana Laura Ribas sul social posta delle immagini che la","breadcrumb":{"@id":"https:\/\/www.gossip.it\/news\/ana-laura-balla-con-mamma-duda\/#breadcrumb"},"inLanguage":"it-IT","potentialAction":[{"@type":"ReadAction","target":["https:\/\/www.gossip.it\/news\/ana-laura-balla-con-mamma-duda\/"]}]},{"@type":"ImageObject","inLanguage":"it-IT","@id":"https:\/\/www.gossip.it\/news\/ana-laura-balla-con-mamma-duda\/#primaryimage","url":"http:\/\/files.gossip.it\/immagini_news\/2014\/03\/1393946557_1-14.jpg","contentUrl":"http:\/\/files.gossip.it\/immagini_news\/2014\/03\/1393946557_1-14.jpg"},{"@type":"BreadcrumbList","@id":"https:\/\/www.gossip.it\/news\/ana-laura-balla-con-mamma-duda\/#breadcrumb","itemListElement":[{"@type":"ListItem","position":1,"name":"Home","item":"https:\/\/www.gossip.it\/"},{"@type":"ListItem","position":2,"name":"Ana Laura, balla con mamma Duda"}]},{"@type":"WebSite","@id":"https:\/\/www.gossip.it\/#website","url":"https:\/\/www.gossip.it\/","name":"Gossip and VIP News","description":"Quotidiano di cronaca rosa, costume e societ\u00e0","publisher":{"@id":"https:\/\/www.gossip.it\/#organization"},"alternateName":"Gossip and VIP News","potentialAction":[{"@type":"SearchAction","target":{"@type":"EntryPoint","urlTemplate":"https:\/\/www.gossip.it\/?s={search_term_string}"},"query-input":{"@type":"PropertyValueSpecification","valueRequired":true,"valueName":"search_term_string"}}],"inLanguage":"it-IT"},{"@type":"Organization","@id":"https:\/\/www.gossip.it\/#organization","name":"Gossip and VIP News","alternateName":"Gossip News","url":"https:\/\/www.gossip.it\/","logo":{"@type":"ImageObject","inLanguage":"it-IT","@id":"https:\/\/www.gossip.it\/#\/schema\/logo\/image\/","url":"https:\/\/www.gossip.it\/wp-content\/uploads\/2022\/04\/cropped-corna-alta-tiny.png","contentUrl":"https:\/\/www.gossip.it\/wp-content\/uploads\/2022\/04\/cropped-corna-alta-tiny.png","width":512,"height":512,"caption":"Gossip and VIP News"},"image":{"@id":"https:\/\/www.gossip.it\/#\/schema\/logo\/image\/"},"sameAs":["https:\/\/www.facebook.com\/GossipIT","https:\/\/x.com\/gossinews_it","https:\/\/instagram.com\/gossip_it"]},{"@type":"Person","@id":"https:\/\/www.gossip.it\/#\/schema\/person\/488896f75158bff1cc83c6c39d141110","name":"La Redazione","image":{"@type":"ImageObject","inLanguage":"it-IT","@id":"https:\/\/www.gossip.it\/#\/schema\/person\/image\/","url":"https:\/\/secure.gravatar.com\/avatar\/5a5f5c6fa3e6700e4249abdad0263a1e94e927d9e0499b1cb09c1cd29c044d80?s=96&d=mm&r=g","contentUrl":"https:\/\/secure.gravatar.com\/avatar\/5a5f5c6fa3e6700e4249abdad0263a1e94e927d9e0499b1cb09c1cd29c044d80?s=96&d=mm&r=g","caption":"La Redazione"},"sameAs":["https:\/\/www.gossip.it"]}]}},"amp_enabled":true,"_links":{"self":[{"href":"https:\/\/www.gossip.it\/api\/wp\/v2\/posts\/45381","targetHints":{"allow":["GET"]}}],"collection":[{"href":"https:\/\/www.gossip.it\/api\/wp\/v2\/posts"}],"about":[{"href":"https:\/\/www.gossip.it\/api\/wp\/v2\/types\/post"}],"author":[{"embeddable":true,"href":"https:\/\/www.gossip.it\/api\/wp\/v2\/users\/1"}],"replies":[{"embeddable":true,"href":"https:\/\/www.gossip.it\/api\/wp\/v2\/comments?post=45381"}],"version-history":[{"count":0,"href":"https:\/\/www.gossip.it\/api\/wp\/v2\/posts\/45381\/revisions"}],"wp:featuredmedia":[{"embeddable":true,"href":"https:\/\/www.gossip.it\/api\/wp\/v2\/media\/101427"}],"wp:attachment":[{"href":"https:\/\/www.gossip.it\/api\/wp\/v2\/media?parent=45381"}],"wp:term":[{"taxonomy":"category","embeddable":true,"href":"https:\/\/www.gossip.it\/api\/wp\/v2\/categories?post=45381"},{"taxonomy":"post_tag","embeddable":true,"href":"https:\/\/www.gossip.it\/api\/wp\/v2\/tags?post=45381"},{"taxonomy":"vip","embeddable":true,"href":"https:\/\/www.gossip.it\/api\/wp\/v2\/vip?post=45381"}],"curies":[{"name":"wp","href":"https:\/\/api.w.org\/{rel}","templated":true}]}}