{"id":45504,"date":"2014-03-10T00:00:00","date_gmt":"2014-03-09T23:00:00","guid":{"rendered":"https:\/\/www.gossip.it\/senza-categoria\/simona-cavallari-con-roberto-libertini-e-finita\/"},"modified":"2014-03-10T00:00:00","modified_gmt":"2014-03-09T23:00:00","slug":"simona-cavallari-con-roberto-libertini-e-finita","status":"publish","type":"post","link":"https:\/\/www.gossip.it\/news\/simona-cavallari-con-roberto-libertini-e-finita\/","title":{"rendered":"Simona Cavallari: 'Con Roberto Libertini \u00e8 finita'"},"content":{"rendered":"<p>Ha tagliato tutti i suoi ricci per esigenze di set, protagonista di <b>\"Le mani dentro la citt\u00e0\"<\/b>, nuova fiction in sei puntate per <em>Canale 5<\/em>, in onda dal 14 marzo. <a href=\"http:\/\/www.gossip.it\/news\/monografia.php?keyword=Simona Cavallari\">Simona Cavallari<\/a>, per\u00f2, ora i capelli li far\u00e0 ricrescere. <em>\"Ai miei figli non piaccio cos\u00ec\"<\/em>, spiega a <em>Gente<\/em>.<br \/>\nL'<a href=\"http:\/\/www.gossip.it\/news\/monografia.php?keyword=attrice\">attrice<\/a> \u00e8 circondata da maschi, lei che \u00e8 cresciuta in una casa tutta di donne. Mamma di <b>Pablo<\/b> 12 anni, e <b>Santiago<\/b>, 11, avuti dall'ex <a href=\"http:\/\/www.gossip.it\/news\/monografia.php?keyword=Daniele Silvestri\">Daniele Silvestri<\/a>, da due anni e tre mesi \u00e8 stata allietata anche dalla nascita di <b>Levon<\/b>, avuto dallo stuntman <a href=\"http:\/\/www.gossip.it\/news\/monografia.php?keyword=Roberto Libertini\">Roberto Libertini<\/a>. Brava davanti alle telecamere, nella vita mette insieme i pezzi. <em>\"Sono una disorganizzata cronica, perennemente stropicciata<\/em> - racconta - <em>Ne sanno qualcosa i miei bambini: a scuola siamo quelli che arrivano sul filo del ritardo. E le altre mamme sono sempre cos\u00ec perfette...\"<\/em>.<\/p>\n<p>Simona ha lavorato tanto per affrancarsi dalla periferia di Roma, Acilia, dove \u00e8 cresciuta: <em>\"Ne \u00e8 valsa la pena. Quanti amici ho visto finire schiavi della droga. Colpa della mancanza di stimoli, di prospettive. In periferia si sente di pi\u00f9\"<\/em>. Ha scelto di vivere, ora, di fronte al mare, in cerca di una tranquillit\u00e0 che in casa non c'\u00e8. <em>\"Il grande, ormai, sul confine dell'adolescenza, \u00e8 in fase di contestazione\"<\/em>, confida al settimanale. E aggiunge: <em>\"Per\u00f2 quei tre diavoletti sono la mia vita. I due pi\u00f9 grandi mi aiutano con il piccolo, che sta crescendo in fretta, parla, canta, disegna\"<\/em>. La Cavallari <b>cresce i figli da sola<\/b>, con l'aiuto della mamma e di Daniela, una ragazza che l'aiuta.<\/p>\n<p><em>\"<b>Con Roberto \u00e8 finita dopo tre anni e mezzo<\/b><\/em> - confida Simona - <em>Abbiamo vissuto momenti interminabili a coccolarci, coltivando passioni in comune, mare e motociclette. I<b>o uscivo dalla rottura con Daniele, non \u00e8 stato facile starmi accanto. Poi per\u00f2 siamo tornati alla normalit\u00e0 e abbiamo scoperto che le nostre abitudini non erano cos\u00ec compatibili<\/b>. Lui ha una formazione militaresca, \u00e8 un ex poliziotto. Io, invece, sono sempre stata pi\u00f9 semplice. <b>Tra noi per\u00f2 non c'\u00e8 stato il trauma dell'abbandono, perch\u00e9 non c'\u00e8 mai stata vera convivenza<\/b>. Per abituare Pablo e Santiago a una nuova figura maschile e all'arrivo dell'ultimo fratellino, lui trascorreva anche lunghi periodi a casa sua, permettendomi, quando ne sentivo l'esigenza, di partire con i figli pi\u00f9 grandi mentre  stava con Levon\"<\/em>.<\/p>\n<p>Una presenza maschile le manca, anche per i lavoro domestici pratici, ma la Cavallari sa far tutto: <em>\"Anche perch\u00e9 Daniele era negato\"<\/em>. Con il cantautore undici anni insieme: <em>\"Fu travolgente<\/em> (...)<em>. <b>Ci sono stata male? S\u00ec, certo. Ma non abbiamo mai messo in mezzo i figli, in questo siamo stati bravi<\/b>\"<\/em>. Silvestri ora \u00e8 sposato con <a href=\"http:\/\/www.gossip.it\/news\/monografia.php?keyword=Lisa Lelli\">Lisa Lelli<\/a>: <b><em>\"Forse all'inizio \u00e8 dura pensare a una mano che non \u00e8 la tua eppure accarezza i tuoi bambini. Ma sono fasi della vita, oggi sono una donna pi\u00f9 sicura\"<\/em><\/b>. E ora pensa al futuro: <em>\"Il mio cuore \u00e8 aperto, vediamo se arriva qualche matto. Magari che abbia gi\u00e0 una figlia femmina\"<\/em>. Tanto per cambiare un po'.<\/p>\n","protected":false},"excerpt":{"rendered":"<p>Ha tagliato tutti i suoi ricci per esigenze di set, protagonista di \"Le mani dentro la citt\u00e0\", nuova fiction in sei puntate per Canale 5, in onda dal 14 marzo. Simona Cavallari, per\u00f2, ora i capelli li far\u00e0 ricrescere. \"Ai miei figli non piaccio cos\u00ec\", spiega a Gente. L'attrice \u00e8 circondata da maschi, lei che [&hellip;]<\/p>\n","protected":false},"author":1,"featured_media":101550,"comment_status":"closed","ping_status":"closed","sticky":false,"template":"","format":"standard","meta":{"footnotes":""},"categories":[54],"tags":[11284,1983,6738,3870,2102,37863,10958,36145,3680,7659,4144],"vip":[1694],"class_list":["post-45504","post","type-post","status-publish","format-standard","has-post-thumbnail","hentry","category-news","tag-addii","tag-attrice","tag-crack","tag-daniele-silvestri","tag-dichiarazioni","tag-levon","tag-pablo","tag-roberto-libertini","tag-rottura","tag-santiago","tag-separazione","vip-simona_cavallari"],"yoast_head":"<title>Simona Cavallari: &#039;Con Roberto Libertini \u00e8 finita&#039; - Gossip.it | News sul Gossip e VIP<\/title>\n<meta name=\"description\" content=\"Ha tagliato tutti i suoi ricci per esigenze di set, protagonista di &quot;Le mani dentro la citt\u00e0&quot;, nuova fiction in sei puntate per Canale 5, in onda dal 14\" \/>\n<meta name=\"robots\" content=\"index, follow, max-snippet:-1, max-image-preview:large, max-video-preview:-1\" \/>\n<link rel=\"canonical\" href=\"https:\/\/www.gossip.it\/news\/simona-cavallari-con-roberto-libertini-e-finita\/\" \/>\n<meta property=\"og:locale\" content=\"it_IT\" \/>\n<meta property=\"og:type\" content=\"article\" \/>\n<meta property=\"og:title\" content=\"Simona Cavallari: &#039;Con Roberto Libertini \u00e8 finita&#039; - Gossip.it | News sul Gossip e VIP\" \/>\n<meta property=\"og:description\" content=\"Ha tagliato tutti i suoi ricci per esigenze di set, protagonista di &quot;Le mani dentro la citt\u00e0&quot;, nuova fiction in sei puntate per Canale 5, in onda dal 14\" \/>\n<meta property=\"og:url\" content=\"https:\/\/www.gossip.it\/news\/simona-cavallari-con-roberto-libertini-e-finita\/\" \/>\n<meta property=\"og:site_name\" content=\"Gossip.it | News sul Gossip e VIP\" \/>\n<meta property=\"article:publisher\" content=\"https:\/\/www.facebook.com\/GossipIT\" \/>\n<meta property=\"article:published_time\" content=\"2014-03-09T23:00:00+00:00\" \/>\n<meta property=\"og:image\" content=\"http:\/\/www.gossip.it\/images5\/1394453836_.jpg\" \/>\n<meta name=\"author\" content=\"La Redazione\" \/>\n<meta name=\"twitter:card\" content=\"summary_large_image\" \/>\n<meta name=\"twitter:image\" content=\"http:\/\/www.gossip.it\/images5\/1394453836_.jpg\" \/>\n<meta name=\"twitter:creator\" content=\"@gossinews_it\" \/>\n<meta name=\"twitter:site\" content=\"@gossinews_it\" \/>\n<meta name=\"twitter:label1\" content=\"Scritto da\" \/>\n\t<meta name=\"twitter:data1\" content=\"La Redazione\" \/>\n\t<meta name=\"twitter:label2\" content=\"Tempo di lettura stimato\" \/>\n\t<meta name=\"twitter:data2\" content=\"2 minuti\" \/>","yoast_head_json":{"title":"Simona Cavallari: 'Con Roberto Libertini \u00e8 finita' - Gossip.it | News sul Gossip e VIP","description":"Ha tagliato tutti i suoi ricci per esigenze di set, protagonista di \"Le mani dentro la citt\u00e0\", nuova fiction in sei puntate per Canale 5, in onda dal 14","robots":{"index":"index","follow":"follow","max-snippet":"max-snippet:-1","max-image-preview":"max-image-preview:large","max-video-preview":"max-video-preview:-1"},"canonical":"https:\/\/www.gossip.it\/news\/simona-cavallari-con-roberto-libertini-e-finita\/","og_locale":"it_IT","og_type":"article","og_title":"Simona Cavallari: 'Con Roberto Libertini \u00e8 finita' - Gossip.it | News sul Gossip e VIP","og_description":"Ha tagliato tutti i suoi ricci per esigenze di set, protagonista di \"Le mani dentro la citt\u00e0\", nuova fiction in sei puntate per Canale 5, in onda dal 14","og_url":"https:\/\/www.gossip.it\/news\/simona-cavallari-con-roberto-libertini-e-finita\/","og_site_name":"Gossip.it | News sul Gossip e VIP","article_publisher":"https:\/\/www.facebook.com\/GossipIT","article_published_time":"2014-03-09T23:00:00+00:00","og_image":[{"url":"http:\/\/www.gossip.it\/images5\/1394453836_.jpg"}],"author":"La Redazione","twitter_card":"summary_large_image","twitter_image":"http:\/\/www.gossip.it\/images5\/1394453836_.jpg","twitter_creator":"@gossinews_it","twitter_site":"@gossinews_it","twitter_misc":{"Scritto da":"La Redazione","Tempo di lettura stimato":"2 minuti"},"schema":{"@context":"https:\/\/schema.org","@graph":[{"@type":"Article","@id":"https:\/\/www.gossip.it\/news\/simona-cavallari-con-roberto-libertini-e-finita\/#article","isPartOf":{"@id":"https:\/\/www.gossip.it\/news\/simona-cavallari-con-roberto-libertini-e-finita\/"},"author":{"name":"La Redazione","@id":"https:\/\/www.gossip.it\/#\/schema\/person\/488896f75158bff1cc83c6c39d141110"},"headline":"Simona Cavallari: 'Con Roberto Libertini \u00e8 finita'","datePublished":"2014-03-09T23:00:00+00:00","dateModified":"2014-03-09T23:00:00+00:00","mainEntityOfPage":{"@id":"https:\/\/www.gossip.it\/news\/simona-cavallari-con-roberto-libertini-e-finita\/"},"wordCount":492,"publisher":{"@id":"https:\/\/www.gossip.it\/#organization"},"image":{"@id":"https:\/\/www.gossip.it\/news\/simona-cavallari-con-roberto-libertini-e-finita\/#primaryimage"},"thumbnailUrl":"http:\/\/www.gossip.it\/images5\/1394453836_.jpg","keywords":["addii","attrice","crack","daniele silvestri","dichiarazioni","levon","pablo","roberto libertini","rottura","santiago","separazione"],"articleSection":["News"],"inLanguage":"it-IT"},{"@type":"WebPage","@id":"https:\/\/www.gossip.it\/news\/simona-cavallari-con-roberto-libertini-e-finita\/","url":"https:\/\/www.gossip.it\/news\/simona-cavallari-con-roberto-libertini-e-finita\/","name":"Simona Cavallari: 'Con Roberto Libertini \u00e8 finita' - Gossip.it | News sul Gossip e VIP","isPartOf":{"@id":"https:\/\/www.gossip.it\/#website"},"primaryImageOfPage":{"@id":"https:\/\/www.gossip.it\/news\/simona-cavallari-con-roberto-libertini-e-finita\/#primaryimage"},"image":{"@id":"https:\/\/www.gossip.it\/news\/simona-cavallari-con-roberto-libertini-e-finita\/#primaryimage"},"thumbnailUrl":"http:\/\/www.gossip.it\/images5\/1394453836_.jpg","datePublished":"2014-03-09T23:00:00+00:00","dateModified":"2014-03-09T23:00:00+00:00","description":"Ha tagliato tutti i suoi ricci per esigenze di set, protagonista di \"Le mani dentro la citt\u00e0\", nuova fiction in sei puntate per Canale 5, in onda dal 14","breadcrumb":{"@id":"https:\/\/www.gossip.it\/news\/simona-cavallari-con-roberto-libertini-e-finita\/#breadcrumb"},"inLanguage":"it-IT","potentialAction":[{"@type":"ReadAction","target":["https:\/\/www.gossip.it\/news\/simona-cavallari-con-roberto-libertini-e-finita\/"]}]},{"@type":"ImageObject","inLanguage":"it-IT","@id":"https:\/\/www.gossip.it\/news\/simona-cavallari-con-roberto-libertini-e-finita\/#primaryimage","url":"http:\/\/www.gossip.it\/images5\/1394453836_.jpg","contentUrl":"http:\/\/www.gossip.it\/images5\/1394453836_.jpg"},{"@type":"BreadcrumbList","@id":"https:\/\/www.gossip.it\/news\/simona-cavallari-con-roberto-libertini-e-finita\/#breadcrumb","itemListElement":[{"@type":"ListItem","position":1,"name":"Home","item":"https:\/\/www.gossip.it\/"},{"@type":"ListItem","position":2,"name":"Simona Cavallari: 'Con Roberto Libertini \u00e8 finita'"}]},{"@type":"WebSite","@id":"https:\/\/www.gossip.it\/#website","url":"https:\/\/www.gossip.it\/","name":"Gossip and VIP News","description":"Quotidiano di cronaca rosa, costume e societ\u00e0","publisher":{"@id":"https:\/\/www.gossip.it\/#organization"},"alternateName":"Gossip and VIP News","potentialAction":[{"@type":"SearchAction","target":{"@type":"EntryPoint","urlTemplate":"https:\/\/www.gossip.it\/?s={search_term_string}"},"query-input":{"@type":"PropertyValueSpecification","valueRequired":true,"valueName":"search_term_string"}}],"inLanguage":"it-IT"},{"@type":"Organization","@id":"https:\/\/www.gossip.it\/#organization","name":"Gossip and VIP News","alternateName":"Gossip News","url":"https:\/\/www.gossip.it\/","logo":{"@type":"ImageObject","inLanguage":"it-IT","@id":"https:\/\/www.gossip.it\/#\/schema\/logo\/image\/","url":"https:\/\/www.gossip.it\/wp-content\/uploads\/2022\/04\/cropped-corna-alta-tiny.png","contentUrl":"https:\/\/www.gossip.it\/wp-content\/uploads\/2022\/04\/cropped-corna-alta-tiny.png","width":512,"height":512,"caption":"Gossip and VIP News"},"image":{"@id":"https:\/\/www.gossip.it\/#\/schema\/logo\/image\/"},"sameAs":["https:\/\/www.facebook.com\/GossipIT","https:\/\/x.com\/gossinews_it","https:\/\/instagram.com\/gossip_it"]},{"@type":"Person","@id":"https:\/\/www.gossip.it\/#\/schema\/person\/488896f75158bff1cc83c6c39d141110","name":"La Redazione","image":{"@type":"ImageObject","inLanguage":"it-IT","@id":"https:\/\/www.gossip.it\/#\/schema\/person\/image\/","url":"https:\/\/secure.gravatar.com\/avatar\/5a5f5c6fa3e6700e4249abdad0263a1e94e927d9e0499b1cb09c1cd29c044d80?s=96&d=mm&r=g","contentUrl":"https:\/\/secure.gravatar.com\/avatar\/5a5f5c6fa3e6700e4249abdad0263a1e94e927d9e0499b1cb09c1cd29c044d80?s=96&d=mm&r=g","caption":"La Redazione"},"sameAs":["https:\/\/www.gossip.it"]}]}},"amp_enabled":true,"_links":{"self":[{"href":"https:\/\/www.gossip.it\/api\/wp\/v2\/posts\/45504","targetHints":{"allow":["GET"]}}],"collection":[{"href":"https:\/\/www.gossip.it\/api\/wp\/v2\/posts"}],"about":[{"href":"https:\/\/www.gossip.it\/api\/wp\/v2\/types\/post"}],"author":[{"embeddable":true,"href":"https:\/\/www.gossip.it\/api\/wp\/v2\/users\/1"}],"replies":[{"embeddable":true,"href":"https:\/\/www.gossip.it\/api\/wp\/v2\/comments?post=45504"}],"version-history":[{"count":0,"href":"https:\/\/www.gossip.it\/api\/wp\/v2\/posts\/45504\/revisions"}],"wp:featuredmedia":[{"embeddable":true,"href":"https:\/\/www.gossip.it\/api\/wp\/v2\/media\/101550"}],"wp:attachment":[{"href":"https:\/\/www.gossip.it\/api\/wp\/v2\/media?parent=45504"}],"wp:term":[{"taxonomy":"category","embeddable":true,"href":"https:\/\/www.gossip.it\/api\/wp\/v2\/categories?post=45504"},{"taxonomy":"post_tag","embeddable":true,"href":"https:\/\/www.gossip.it\/api\/wp\/v2\/tags?post=45504"},{"taxonomy":"vip","embeddable":true,"href":"https:\/\/www.gossip.it\/api\/wp\/v2\/vip?post=45504"}],"curies":[{"name":"wp","href":"https:\/\/api.w.org\/{rel}","templated":true}]}}