{"id":45602,"date":"2014-03-13T00:00:00","date_gmt":"2014-03-12T23:00:00","guid":{"rendered":"https:\/\/www.gossip.it\/senza-categoria\/maria-elena-boschi-valutatemi-per-quel-che-faccio\/"},"modified":"2014-03-13T00:00:00","modified_gmt":"2014-03-12T23:00:00","slug":"maria-elena-boschi-valutatemi-per-quel-che-faccio","status":"publish","type":"post","link":"https:\/\/www.gossip.it\/news\/maria-elena-boschi-valutatemi-per-quel-che-faccio\/","title":{"rendered":"Maria Elena Boschi: 'Valutatemi  per quel che faccio'"},"content":{"rendered":"<p>Ha il volto di una Madonna, forse proprio per questa ragione ha interpretato il ruolo di Maria nel presepe vivente del suo paese, Laterina, in provincia di Arezzo, che condivide con un <em>'compaesano'<\/em> vip, <a href=\"http:\/\/www.gossip.it\/news\/monografia.php?keyword=Pupo\">Pupo<\/a>. Del resto il suo soprannome in Parlamento da sempre' \u00e8 <em>'faccia d'angelo'<\/em>. Ora <a href=\"http:\/\/www.gossip.it\/news\/monografia.php?keyword=Elena Maria Boschi\">Elena Maria Boschi<\/a> \u00e8 il ministro pi\u00f9 giovane del governo <a href=\"http:\/\/www.gossip.it\/news\/monografia.php?keyword=Renzi\">Renzi<\/a>. Ha solo 33 anni e la sua carica le ha regalato fama, forse pure a causa di un aspetto fisico che non passa di certo inosservato.<\/p>\n<figure class=\"caption\"><img decoding=\"async\" alt=\"\" width=\"620\" height=\"394\" src=\"http:\/\/files.gossip.it\/immagini_news\/2014\/03\/1394706443_1bos.jpg\" \/><figcaption>Elena Maria Boschi casual chic a 'Le Invasioni Barbariche' da Daria Bignardi<\/figcaption><\/figure>\n<p>Con i jeans e una camicia bianca, scarpe tacco 12, la Boschi ha deciso di confessarsi a <strong>\"Le Invasioni Barbariche\"<\/strong>. Stuzzicata da <a href=\"http:\/\/www.gossip.it\/news\/monografia.php?keyword=Daria Bignardi\">Daria Bignardi<\/a>, che ha insistito sulla sua avvenenza e i commenti degli politici nei suoi confronti, sicura ha detto:<strong><em> \"Voglio essere giudicata per le riforme non per le forme\"<\/em><\/strong>. E ha aggiunto: <em>\"Il mio aspetto fisico non \u00e8 merito mio ma della ma mamma e del mio babbo, io voglio essere valutata per il lavoro che faccio\"<\/em>.<br \/>Il martellamento, per\u00f2, non la fa soffrire: <em>\"Sarebbe stato peggio il contrario\"<\/em>.<\/p>\n<figure class=\"caption\"><img decoding=\"async\" alt=\"\" width=\"620\" height=\"350\" src=\"http:\/\/files.gossip.it\/immagini_news\/2014\/03\/1394706558_2bos.jpg\" \/><figcaption>Il ministro del governo Renzi vuole essere giudicata per le riforme, non pe le sue 'forme'...<\/figcaption><\/figure>\n<p>Le \u00e8 piaciuta l'imitazione che <a href=\"http:\/\/www.gossip.it\/news\/monografia.php?keyword=Virginia Raffaele\">Virginia Raffaele<\/a> le ha fatto a <strong>\"Ballar\u00f2\"<\/strong>, Meno l'intervista di <a href=\"http:\/\/www.gossip.it\/news\/monografia.php?keyword=Lucci\">Lucci<\/a> de <strong>\"Le Iene\"<\/strong>: <strong><em>\"E' andato gi\u00f9 un po' troppo pesante\"<\/em><\/strong>. In passato ha incontrato <a href=\"http:\/\/www.gossip.it\/news\/monografia.php?keyword=Silvio Berlusconi\">Silvio Berlusconi<\/a> una sola volta. Il <a href=\"http:\/\/www.gossip.it\/news\/monografia.php?keyword=Cavaliere\">Cavaliere<\/a> non \u00e8 mai immune al fascino delle belle donne... <strong><em>\"Mi ha detto: \"E' troppo bella per essere comunista\", ma io gli ho subito risposto: 'Solo lei pensa che esistano ancora i comunisti...\"<\/em><\/strong>.<br \/>In questo breve spazio di tempo da quando \u00e8 entrata in carica ha avuto anche un battibecco con <a href=\"http:\/\/www.gossip.it\/news\/monografia.php?keyword=Lucia Annunziata\">Lucia Annunziata<\/a>. La Boschi ha negato di averle rivolto alcune <em>'minacce'<\/em> per far sparire dall'<strong>Huffington Post<\/strong> l'articolo che la riguardava. <em>\"C'erano tre cose false, tre bugie<\/em> - ha spiegato - <em>E io volevo solo ristabilire la verit\u00e0 dei fatti chiedendo lo spazio per una smentita. <strong>E' diritto di tutti riaffermare la verit\u00e0<\/strong>\"<\/em>. Oggi \u00e8 un personaggio pubblico, la sua vita privata non esiste pi\u00f9, vuole fare molto da ministro delle Riforme, ma ogni tanto rimpiange i tempi in cui era solo una ragazzina, la seconda chierichetta femmina della sua parrocchia.<\/p>\n<p>\u00a0<\/p>\n","protected":false},"excerpt":{"rendered":"<p>Ha il volto di una Madonna, forse proprio per questa ragione ha interpretato il ruolo di Maria nel presepe vivente del suo paese, Laterina, in provincia di Arezzo, che condivide con un 'compaesano' vip, Pupo. Del resto il suo soprannome in Parlamento da sempre' \u00e8 'faccia d'angelo'. Ora Elena Maria Boschi \u00e8 il ministro pi\u00f9 [&hellip;]<\/p>\n","protected":false},"author":1,"featured_media":101648,"comment_status":"closed","ping_status":"closed","sticky":false,"template":"","format":"standard","meta":{"footnotes":""},"categories":[54],"tags":[13477,2102,48576,11857,9110,37972,6296,48577,2553,2097],"vip":[],"class_list":["post-45602","post","type-post","status-publish","format-standard","has-post-thumbnail","hentry","category-news","tag-daria-bignardi","tag-dichiarazioni","tag-elena-maria-boschi","tag-la7","tag-le-invasioni-barbariche","tag-matteo-renzi","tag-ministro","tag-ministro-delle-riforme","tag-politica","tag-tv"],"yoast_head":"<title>Maria Elena Boschi: &#039;Valutatemi per quel che faccio&#039; - Gossip.it | News sul Gossip e VIP<\/title>\n<meta name=\"description\" content=\"Ha il volto di una Madonna, forse proprio per questa ragione ha interpretato il ruolo di Maria nel presepe vivente del suo paese, Laterina, in provincia\" \/>\n<meta name=\"robots\" content=\"index, follow, max-snippet:-1, max-image-preview:large, max-video-preview:-1\" \/>\n<link rel=\"canonical\" href=\"https:\/\/www.gossip.it\/news\/maria-elena-boschi-valutatemi-per-quel-che-faccio\/\" \/>\n<meta property=\"og:locale\" content=\"it_IT\" \/>\n<meta property=\"og:type\" content=\"article\" \/>\n<meta property=\"og:title\" content=\"Maria Elena Boschi: &#039;Valutatemi per quel che faccio&#039; - Gossip.it | News sul Gossip e VIP\" \/>\n<meta property=\"og:description\" content=\"Ha il volto di una Madonna, forse proprio per questa ragione ha interpretato il ruolo di Maria nel presepe vivente del suo paese, Laterina, in provincia\" \/>\n<meta property=\"og:url\" content=\"https:\/\/www.gossip.it\/news\/maria-elena-boschi-valutatemi-per-quel-che-faccio\/\" \/>\n<meta property=\"og:site_name\" content=\"Gossip.it | News sul Gossip e VIP\" \/>\n<meta property=\"article:publisher\" content=\"https:\/\/www.facebook.com\/GossipIT\" \/>\n<meta property=\"article:published_time\" content=\"2014-03-12T23:00:00+00:00\" \/>\n<meta property=\"og:image\" content=\"http:\/\/files.gossip.it\/immagini_news\/2014\/03\/1394706443_1bos.jpg\" \/>\n<meta name=\"author\" content=\"La Redazione\" \/>\n<meta name=\"twitter:card\" content=\"summary_large_image\" \/>\n<meta name=\"twitter:image\" content=\"http:\/\/files.gossip.it\/immagini_news\/2014\/03\/1394706443_1bos.jpg\" \/>\n<meta name=\"twitter:creator\" content=\"@gossinews_it\" \/>\n<meta name=\"twitter:site\" content=\"@gossinews_it\" \/>\n<meta name=\"twitter:label1\" content=\"Scritto da\" \/>\n\t<meta name=\"twitter:data1\" content=\"La Redazione\" \/>\n\t<meta name=\"twitter:label2\" content=\"Tempo di lettura stimato\" \/>\n\t<meta name=\"twitter:data2\" content=\"2 minuti\" \/>","yoast_head_json":{"title":"Maria Elena Boschi: 'Valutatemi per quel che faccio' - Gossip.it | News sul Gossip e VIP","description":"Ha il volto di una Madonna, forse proprio per questa ragione ha interpretato il ruolo di Maria nel presepe vivente del suo paese, Laterina, in provincia","robots":{"index":"index","follow":"follow","max-snippet":"max-snippet:-1","max-image-preview":"max-image-preview:large","max-video-preview":"max-video-preview:-1"},"canonical":"https:\/\/www.gossip.it\/news\/maria-elena-boschi-valutatemi-per-quel-che-faccio\/","og_locale":"it_IT","og_type":"article","og_title":"Maria Elena Boschi: 'Valutatemi per quel che faccio' - Gossip.it | News sul Gossip e VIP","og_description":"Ha il volto di una Madonna, forse proprio per questa ragione ha interpretato il ruolo di Maria nel presepe vivente del suo paese, Laterina, in provincia","og_url":"https:\/\/www.gossip.it\/news\/maria-elena-boschi-valutatemi-per-quel-che-faccio\/","og_site_name":"Gossip.it | News sul Gossip e VIP","article_publisher":"https:\/\/www.facebook.com\/GossipIT","article_published_time":"2014-03-12T23:00:00+00:00","og_image":[{"url":"http:\/\/files.gossip.it\/immagini_news\/2014\/03\/1394706443_1bos.jpg"}],"author":"La Redazione","twitter_card":"summary_large_image","twitter_image":"http:\/\/files.gossip.it\/immagini_news\/2014\/03\/1394706443_1bos.jpg","twitter_creator":"@gossinews_it","twitter_site":"@gossinews_it","twitter_misc":{"Scritto da":"La Redazione","Tempo di lettura stimato":"2 minuti"},"schema":{"@context":"https:\/\/schema.org","@graph":[{"@type":"Article","@id":"https:\/\/www.gossip.it\/news\/maria-elena-boschi-valutatemi-per-quel-che-faccio\/#article","isPartOf":{"@id":"https:\/\/www.gossip.it\/news\/maria-elena-boschi-valutatemi-per-quel-che-faccio\/"},"author":{"name":"La Redazione","@id":"https:\/\/www.gossip.it\/#\/schema\/person\/488896f75158bff1cc83c6c39d141110"},"headline":"Maria Elena Boschi: 'Valutatemi per quel che faccio'","datePublished":"2014-03-12T23:00:00+00:00","dateModified":"2014-03-12T23:00:00+00:00","mainEntityOfPage":{"@id":"https:\/\/www.gossip.it\/news\/maria-elena-boschi-valutatemi-per-quel-che-faccio\/"},"wordCount":386,"publisher":{"@id":"https:\/\/www.gossip.it\/#organization"},"image":{"@id":"https:\/\/www.gossip.it\/news\/maria-elena-boschi-valutatemi-per-quel-che-faccio\/#primaryimage"},"thumbnailUrl":"http:\/\/files.gossip.it\/immagini_news\/2014\/03\/1394706443_1bos.jpg","keywords":["daria bignardi","dichiarazioni","elena maria boschi","la7","le invasioni barbariche","matteo renzi","ministro","ministro delle riforme","politica","tv"],"articleSection":["News"],"inLanguage":"it-IT"},{"@type":"WebPage","@id":"https:\/\/www.gossip.it\/news\/maria-elena-boschi-valutatemi-per-quel-che-faccio\/","url":"https:\/\/www.gossip.it\/news\/maria-elena-boschi-valutatemi-per-quel-che-faccio\/","name":"Maria Elena Boschi: 'Valutatemi per quel che faccio' - Gossip.it | News sul Gossip e VIP","isPartOf":{"@id":"https:\/\/www.gossip.it\/#website"},"primaryImageOfPage":{"@id":"https:\/\/www.gossip.it\/news\/maria-elena-boschi-valutatemi-per-quel-che-faccio\/#primaryimage"},"image":{"@id":"https:\/\/www.gossip.it\/news\/maria-elena-boschi-valutatemi-per-quel-che-faccio\/#primaryimage"},"thumbnailUrl":"http:\/\/files.gossip.it\/immagini_news\/2014\/03\/1394706443_1bos.jpg","datePublished":"2014-03-12T23:00:00+00:00","dateModified":"2014-03-12T23:00:00+00:00","description":"Ha il volto di una Madonna, forse proprio per questa ragione ha interpretato il ruolo di Maria nel presepe vivente del suo paese, Laterina, in provincia","breadcrumb":{"@id":"https:\/\/www.gossip.it\/news\/maria-elena-boschi-valutatemi-per-quel-che-faccio\/#breadcrumb"},"inLanguage":"it-IT","potentialAction":[{"@type":"ReadAction","target":["https:\/\/www.gossip.it\/news\/maria-elena-boschi-valutatemi-per-quel-che-faccio\/"]}]},{"@type":"ImageObject","inLanguage":"it-IT","@id":"https:\/\/www.gossip.it\/news\/maria-elena-boschi-valutatemi-per-quel-che-faccio\/#primaryimage","url":"http:\/\/files.gossip.it\/immagini_news\/2014\/03\/1394706443_1bos.jpg","contentUrl":"http:\/\/files.gossip.it\/immagini_news\/2014\/03\/1394706443_1bos.jpg"},{"@type":"BreadcrumbList","@id":"https:\/\/www.gossip.it\/news\/maria-elena-boschi-valutatemi-per-quel-che-faccio\/#breadcrumb","itemListElement":[{"@type":"ListItem","position":1,"name":"Home","item":"https:\/\/www.gossip.it\/"},{"@type":"ListItem","position":2,"name":"Maria Elena Boschi: 'Valutatemi per quel che faccio'"}]},{"@type":"WebSite","@id":"https:\/\/www.gossip.it\/#website","url":"https:\/\/www.gossip.it\/","name":"Gossip and VIP News","description":"Quotidiano di cronaca rosa, costume e societ\u00e0","publisher":{"@id":"https:\/\/www.gossip.it\/#organization"},"alternateName":"Gossip and VIP News","potentialAction":[{"@type":"SearchAction","target":{"@type":"EntryPoint","urlTemplate":"https:\/\/www.gossip.it\/?s={search_term_string}"},"query-input":{"@type":"PropertyValueSpecification","valueRequired":true,"valueName":"search_term_string"}}],"inLanguage":"it-IT"},{"@type":"Organization","@id":"https:\/\/www.gossip.it\/#organization","name":"Gossip and VIP News","alternateName":"Gossip News","url":"https:\/\/www.gossip.it\/","logo":{"@type":"ImageObject","inLanguage":"it-IT","@id":"https:\/\/www.gossip.it\/#\/schema\/logo\/image\/","url":"https:\/\/www.gossip.it\/wp-content\/uploads\/2022\/04\/cropped-corna-alta-tiny.png","contentUrl":"https:\/\/www.gossip.it\/wp-content\/uploads\/2022\/04\/cropped-corna-alta-tiny.png","width":512,"height":512,"caption":"Gossip and VIP News"},"image":{"@id":"https:\/\/www.gossip.it\/#\/schema\/logo\/image\/"},"sameAs":["https:\/\/www.facebook.com\/GossipIT","https:\/\/x.com\/gossinews_it","https:\/\/instagram.com\/gossip_it"]},{"@type":"Person","@id":"https:\/\/www.gossip.it\/#\/schema\/person\/488896f75158bff1cc83c6c39d141110","name":"La Redazione","image":{"@type":"ImageObject","inLanguage":"it-IT","@id":"https:\/\/www.gossip.it\/#\/schema\/person\/image\/","url":"https:\/\/secure.gravatar.com\/avatar\/5a5f5c6fa3e6700e4249abdad0263a1e94e927d9e0499b1cb09c1cd29c044d80?s=96&d=mm&r=g","contentUrl":"https:\/\/secure.gravatar.com\/avatar\/5a5f5c6fa3e6700e4249abdad0263a1e94e927d9e0499b1cb09c1cd29c044d80?s=96&d=mm&r=g","caption":"La Redazione"},"sameAs":["https:\/\/www.gossip.it"]}]}},"amp_enabled":true,"_links":{"self":[{"href":"https:\/\/www.gossip.it\/api\/wp\/v2\/posts\/45602","targetHints":{"allow":["GET"]}}],"collection":[{"href":"https:\/\/www.gossip.it\/api\/wp\/v2\/posts"}],"about":[{"href":"https:\/\/www.gossip.it\/api\/wp\/v2\/types\/post"}],"author":[{"embeddable":true,"href":"https:\/\/www.gossip.it\/api\/wp\/v2\/users\/1"}],"replies":[{"embeddable":true,"href":"https:\/\/www.gossip.it\/api\/wp\/v2\/comments?post=45602"}],"version-history":[{"count":0,"href":"https:\/\/www.gossip.it\/api\/wp\/v2\/posts\/45602\/revisions"}],"wp:featuredmedia":[{"embeddable":true,"href":"https:\/\/www.gossip.it\/api\/wp\/v2\/media\/101648"}],"wp:attachment":[{"href":"https:\/\/www.gossip.it\/api\/wp\/v2\/media?parent=45602"}],"wp:term":[{"taxonomy":"category","embeddable":true,"href":"https:\/\/www.gossip.it\/api\/wp\/v2\/categories?post=45602"},{"taxonomy":"post_tag","embeddable":true,"href":"https:\/\/www.gossip.it\/api\/wp\/v2\/tags?post=45602"},{"taxonomy":"vip","embeddable":true,"href":"https:\/\/www.gossip.it\/api\/wp\/v2\/vip?post=45602"}],"curies":[{"name":"wp","href":"https:\/\/api.w.org\/{rel}","templated":true}]}}