{"id":45758,"date":"2014-03-19T00:00:00","date_gmt":"2014-03-18T23:00:00","guid":{"rendered":"https:\/\/www.gossip.it\/senza-categoria\/francesco-facchinetti-in-love-con-wilma\/"},"modified":"2014-03-19T00:00:00","modified_gmt":"2014-03-18T23:00:00","slug":"francesco-facchinetti-in-love-con-wilma","status":"publish","type":"post","link":"https:\/\/www.gossip.it\/news\/francesco-facchinetti-in-love-con-wilma\/","title":{"rendered":"Francesco Facchinetti 'in love' con Wilma?"},"content":{"rendered":"<p>Niente di certo, solo alcuni indizi che farebbero pensare a una scintilla appena accesa. <a href=\"http:\/\/www.gossip.it\/news\/monografia.php?keyword=Francesco Facchinetti\">Francesco Facchinetti<\/a>, lo stesso che fino a poco tempo fa diceva di non potersi immaginare accanto a un'altra donna che non fosse <a href=\"http:\/\/www.gossip.it\/news\/monografia.php?keyword=Alessia Marcuzzi\">Alessia Marcuzzi<\/a>, mamma della sua <strong>Mia<\/strong>, potrebbe aver sentito nuovamente battere il cuore. Tutto merito di un'altra bionda, come racconta pure <em>Chi<\/em>, <strong>Wilma Helena Faissol<\/strong>, <em>\u201cfashion branding, talent management & strategic communications\u201d<\/em>, come si legge sul suo profilo social. La ragazza, mamma di una bimba, ha postato su <em>Instagram<\/em> un paio di scatti insieme al Dj. In uno compaiono anche <a href=\"http:\/\/www.gossip.it\/news\/monografia.php?keyword=Chiara Ferragni\">Chiara Ferragni<\/a> e <strong>Maxim Sapozhnikov<\/strong>, fashion editor di Glamour.<\/p>\n<figure class=\"caption\"><img decoding=\"async\" alt=\"\" width=\"620\" height=\"359\" src=\"http:\/\/files.gossip.it\/immagini_news\/2014\/03\/1395237434_1fac.jpg\" \/><figcaption>Francesco Facchinetti accanto a Wilma nella foto di gruppo postata su Instagram dalla brasiliana<\/figcaption><\/figure>\n<p>Nell'altro la sua famiglia italiana, tante persone vip, con cui \u00e8 stata a cena lo scorso 8 marzo.<\/p>\n<figure class=\"caption\"><img decoding=\"async\" alt=\"\" width=\"620\" height=\"500\" src=\"http:\/\/files.gossip.it\/immagini_news\/2014\/03\/1395237506_2fac.jpg\" \/><figcaption>La bionda ha mandato online anche la foto della sua 'famiglia italiana': c'\u00e8 pure il Dj<\/figcaption><\/figure>\n<p>A insospettire \u00e8 un commento in una delle foto in cui si rivolge direttamente a Francesco etichettandolo con un semplice, ma eloquente, <strong><em>\"amore mio\"<\/em><\/strong>. Sar\u00e0 passione? Solo il tempo potr\u00e0 svelare di pi\u00f9 o lo stesso Facchinetti, sempre pronto a dire la sua senza peli sulla lingua sul web.<\/p>\n<p>\u00a0<\/p>\n","protected":false},"excerpt":{"rendered":"<p>Niente di certo, solo alcuni indizi che farebbero pensare a una scintilla appena accesa. Francesco Facchinetti, lo stesso che fino a poco tempo fa diceva di non potersi immaginare accanto a un'altra donna che non fosse Alessia Marcuzzi, mamma della sua Mia, potrebbe aver sentito nuovamente battere il cuore. Tutto merito di un'altra bionda, come [&hellip;]<\/p>\n","protected":false},"author":1,"featured_media":101804,"comment_status":"closed","ping_status":"closed","sticky":false,"template":"","format":"standard","meta":{"footnotes":""},"categories":[54],"tags":[2140,2121,3075,6985,1923,9065],"vip":[275,788],"class_list":["post-45758","post","type-post","status-publish","format-standard","has-post-thumbnail","hentry","category-news","tag-flirt","tag-instagram","tag-liaison","tag-mia","tag-social","tag-wilma-helena-faissol","vip-alessia_marcuzzi","vip-francesco_facchinetti"],"yoast_head":"<title>Francesco Facchinetti &#039;in love&#039; con Wilma? - Gossip.it | News sul Gossip e VIP<\/title>\n<meta name=\"description\" content=\"Niente di certo, solo alcuni indizi che farebbero pensare a una scintilla appena accesa. Francesco Facchinetti, lo stesso che fino a poco tempo fa diceva\" \/>\n<meta name=\"robots\" content=\"index, follow, max-snippet:-1, max-image-preview:large, max-video-preview:-1\" \/>\n<link rel=\"canonical\" href=\"https:\/\/www.gossip.it\/news\/francesco-facchinetti-in-love-con-wilma\/\" \/>\n<meta property=\"og:locale\" content=\"it_IT\" \/>\n<meta property=\"og:type\" content=\"article\" \/>\n<meta property=\"og:title\" content=\"Francesco Facchinetti &#039;in love&#039; con Wilma? - Gossip.it | News sul Gossip e VIP\" \/>\n<meta property=\"og:description\" content=\"Niente di certo, solo alcuni indizi che farebbero pensare a una scintilla appena accesa. Francesco Facchinetti, lo stesso che fino a poco tempo fa diceva\" \/>\n<meta property=\"og:url\" content=\"https:\/\/www.gossip.it\/news\/francesco-facchinetti-in-love-con-wilma\/\" \/>\n<meta property=\"og:site_name\" content=\"Gossip.it | News sul Gossip e VIP\" \/>\n<meta property=\"article:publisher\" content=\"https:\/\/www.facebook.com\/GossipIT\" \/>\n<meta property=\"article:published_time\" content=\"2014-03-18T23:00:00+00:00\" \/>\n<meta property=\"og:image\" content=\"http:\/\/files.gossip.it\/immagini_news\/2014\/03\/1395237434_1fac.jpg\" \/>\n<meta name=\"author\" content=\"La Redazione\" \/>\n<meta name=\"twitter:card\" content=\"summary_large_image\" \/>\n<meta name=\"twitter:image\" content=\"http:\/\/files.gossip.it\/immagini_news\/2014\/03\/1395237434_1fac.jpg\" \/>\n<meta name=\"twitter:creator\" content=\"@gossinews_it\" \/>\n<meta name=\"twitter:site\" content=\"@gossinews_it\" \/>\n<meta name=\"twitter:label1\" content=\"Scritto da\" \/>\n\t<meta name=\"twitter:data1\" content=\"Annamaria Capozzi\" \/>\n\t<meta name=\"twitter:label2\" content=\"Tempo di lettura stimato\" \/>\n\t<meta name=\"twitter:data2\" content=\"1 minuto\" \/>","yoast_head_json":{"title":"Francesco Facchinetti 'in love' con Wilma? - Gossip.it | News sul Gossip e VIP","description":"Niente di certo, solo alcuni indizi che farebbero pensare a una scintilla appena accesa. Francesco Facchinetti, lo stesso che fino a poco tempo fa diceva","robots":{"index":"index","follow":"follow","max-snippet":"max-snippet:-1","max-image-preview":"max-image-preview:large","max-video-preview":"max-video-preview:-1"},"canonical":"https:\/\/www.gossip.it\/news\/francesco-facchinetti-in-love-con-wilma\/","og_locale":"it_IT","og_type":"article","og_title":"Francesco Facchinetti 'in love' con Wilma? - Gossip.it | News sul Gossip e VIP","og_description":"Niente di certo, solo alcuni indizi che farebbero pensare a una scintilla appena accesa. Francesco Facchinetti, lo stesso che fino a poco tempo fa diceva","og_url":"https:\/\/www.gossip.it\/news\/francesco-facchinetti-in-love-con-wilma\/","og_site_name":"Gossip.it | News sul Gossip e VIP","article_publisher":"https:\/\/www.facebook.com\/GossipIT","article_published_time":"2014-03-18T23:00:00+00:00","og_image":[{"url":"http:\/\/files.gossip.it\/immagini_news\/2014\/03\/1395237434_1fac.jpg"}],"author":"La Redazione","twitter_card":"summary_large_image","twitter_image":"http:\/\/files.gossip.it\/immagini_news\/2014\/03\/1395237434_1fac.jpg","twitter_creator":"@gossinews_it","twitter_site":"@gossinews_it","twitter_misc":{"Scritto da":"Annamaria Capozzi","Tempo di lettura stimato":"1 minuto"},"schema":{"@context":"https:\/\/schema.org","@graph":[{"@type":"Article","@id":"https:\/\/www.gossip.it\/news\/francesco-facchinetti-in-love-con-wilma\/#article","isPartOf":{"@id":"https:\/\/www.gossip.it\/news\/francesco-facchinetti-in-love-con-wilma\/"},"author":{"name":"La Redazione","@id":"https:\/\/www.gossip.it\/#\/schema\/person\/488896f75158bff1cc83c6c39d141110"},"headline":"Francesco Facchinetti 'in love' con Wilma?","datePublished":"2014-03-18T23:00:00+00:00","dateModified":"2014-03-18T23:00:00+00:00","mainEntityOfPage":{"@id":"https:\/\/www.gossip.it\/news\/francesco-facchinetti-in-love-con-wilma\/"},"wordCount":207,"publisher":{"@id":"https:\/\/www.gossip.it\/#organization"},"image":{"@id":"https:\/\/www.gossip.it\/news\/francesco-facchinetti-in-love-con-wilma\/#primaryimage"},"thumbnailUrl":"http:\/\/files.gossip.it\/immagini_news\/2014\/03\/1395237434_1fac.jpg","keywords":["flirt","instagram","liaison","mia","social","Wilma Helena Faissol"],"articleSection":["News"],"inLanguage":"it-IT"},{"@type":"WebPage","@id":"https:\/\/www.gossip.it\/news\/francesco-facchinetti-in-love-con-wilma\/","url":"https:\/\/www.gossip.it\/news\/francesco-facchinetti-in-love-con-wilma\/","name":"Francesco Facchinetti 'in love' con Wilma? - Gossip.it | News sul Gossip e VIP","isPartOf":{"@id":"https:\/\/www.gossip.it\/#website"},"primaryImageOfPage":{"@id":"https:\/\/www.gossip.it\/news\/francesco-facchinetti-in-love-con-wilma\/#primaryimage"},"image":{"@id":"https:\/\/www.gossip.it\/news\/francesco-facchinetti-in-love-con-wilma\/#primaryimage"},"thumbnailUrl":"http:\/\/files.gossip.it\/immagini_news\/2014\/03\/1395237434_1fac.jpg","datePublished":"2014-03-18T23:00:00+00:00","dateModified":"2014-03-18T23:00:00+00:00","description":"Niente di certo, solo alcuni indizi che farebbero pensare a una scintilla appena accesa. Francesco Facchinetti, lo stesso che fino a poco tempo fa diceva","breadcrumb":{"@id":"https:\/\/www.gossip.it\/news\/francesco-facchinetti-in-love-con-wilma\/#breadcrumb"},"inLanguage":"it-IT","potentialAction":[{"@type":"ReadAction","target":["https:\/\/www.gossip.it\/news\/francesco-facchinetti-in-love-con-wilma\/"]}]},{"@type":"ImageObject","inLanguage":"it-IT","@id":"https:\/\/www.gossip.it\/news\/francesco-facchinetti-in-love-con-wilma\/#primaryimage","url":"http:\/\/files.gossip.it\/immagini_news\/2014\/03\/1395237434_1fac.jpg","contentUrl":"http:\/\/files.gossip.it\/immagini_news\/2014\/03\/1395237434_1fac.jpg"},{"@type":"BreadcrumbList","@id":"https:\/\/www.gossip.it\/news\/francesco-facchinetti-in-love-con-wilma\/#breadcrumb","itemListElement":[{"@type":"ListItem","position":1,"name":"Home","item":"https:\/\/www.gossip.it\/"},{"@type":"ListItem","position":2,"name":"Francesco Facchinetti 'in love' con Wilma?"}]},{"@type":"WebSite","@id":"https:\/\/www.gossip.it\/#website","url":"https:\/\/www.gossip.it\/","name":"Gossip and VIP News","description":"Quotidiano di cronaca rosa, costume e societ\u00e0","publisher":{"@id":"https:\/\/www.gossip.it\/#organization"},"alternateName":"Gossip and VIP News","potentialAction":[{"@type":"SearchAction","target":{"@type":"EntryPoint","urlTemplate":"https:\/\/www.gossip.it\/?s={search_term_string}"},"query-input":{"@type":"PropertyValueSpecification","valueRequired":true,"valueName":"search_term_string"}}],"inLanguage":"it-IT"},{"@type":"Organization","@id":"https:\/\/www.gossip.it\/#organization","name":"Gossip and VIP News","alternateName":"Gossip News","url":"https:\/\/www.gossip.it\/","logo":{"@type":"ImageObject","inLanguage":"it-IT","@id":"https:\/\/www.gossip.it\/#\/schema\/logo\/image\/","url":"https:\/\/www.gossip.it\/wp-content\/uploads\/2022\/04\/cropped-corna-alta-tiny.png","contentUrl":"https:\/\/www.gossip.it\/wp-content\/uploads\/2022\/04\/cropped-corna-alta-tiny.png","width":512,"height":512,"caption":"Gossip and VIP News"},"image":{"@id":"https:\/\/www.gossip.it\/#\/schema\/logo\/image\/"},"sameAs":["https:\/\/www.facebook.com\/GossipIT","https:\/\/x.com\/gossinews_it","https:\/\/instagram.com\/gossip_it"]},{"@type":"Person","@id":"https:\/\/www.gossip.it\/#\/schema\/person\/488896f75158bff1cc83c6c39d141110","name":"La Redazione","image":{"@type":"ImageObject","inLanguage":"it-IT","@id":"https:\/\/www.gossip.it\/#\/schema\/person\/image\/","url":"https:\/\/secure.gravatar.com\/avatar\/5a5f5c6fa3e6700e4249abdad0263a1e94e927d9e0499b1cb09c1cd29c044d80?s=96&d=mm&r=g","contentUrl":"https:\/\/secure.gravatar.com\/avatar\/5a5f5c6fa3e6700e4249abdad0263a1e94e927d9e0499b1cb09c1cd29c044d80?s=96&d=mm&r=g","caption":"La Redazione"},"sameAs":["https:\/\/www.gossip.it"]}]}},"amp_enabled":true,"_links":{"self":[{"href":"https:\/\/www.gossip.it\/api\/wp\/v2\/posts\/45758","targetHints":{"allow":["GET"]}}],"collection":[{"href":"https:\/\/www.gossip.it\/api\/wp\/v2\/posts"}],"about":[{"href":"https:\/\/www.gossip.it\/api\/wp\/v2\/types\/post"}],"author":[{"embeddable":true,"href":"https:\/\/www.gossip.it\/api\/wp\/v2\/users\/1"}],"replies":[{"embeddable":true,"href":"https:\/\/www.gossip.it\/api\/wp\/v2\/comments?post=45758"}],"version-history":[{"count":0,"href":"https:\/\/www.gossip.it\/api\/wp\/v2\/posts\/45758\/revisions"}],"wp:featuredmedia":[{"embeddable":true,"href":"https:\/\/www.gossip.it\/api\/wp\/v2\/media\/101804"}],"wp:attachment":[{"href":"https:\/\/www.gossip.it\/api\/wp\/v2\/media?parent=45758"}],"wp:term":[{"taxonomy":"category","embeddable":true,"href":"https:\/\/www.gossip.it\/api\/wp\/v2\/categories?post=45758"},{"taxonomy":"post_tag","embeddable":true,"href":"https:\/\/www.gossip.it\/api\/wp\/v2\/tags?post=45758"},{"taxonomy":"vip","embeddable":true,"href":"https:\/\/www.gossip.it\/api\/wp\/v2\/vip?post=45758"}],"curies":[{"name":"wp","href":"https:\/\/api.w.org\/{rel}","templated":true}]}}