{"id":45795,"date":"2014-03-20T00:00:00","date_gmt":"2014-03-19T23:00:00","guid":{"rendered":"https:\/\/www.gossip.it\/senza-categoria\/berlusconi-non-e-piu-cavaliere\/"},"modified":"2014-03-20T00:00:00","modified_gmt":"2014-03-19T23:00:00","slug":"berlusconi-non-e-piu-cavaliere","status":"publish","type":"post","link":"https:\/\/www.gossip.it\/news\/berlusconi-non-e-piu-cavaliere\/","title":{"rendered":"Berlusconi non \u00e8 pi\u00f9 Cavaliere"},"content":{"rendered":"<p>Non chiamatelo pi\u00f9 <em>'Cavaliere'<\/em>. <a href=\"http:\/\/www.gossip.it\/news\/monografia.php?keyword=Silvio Berlusconi\">Silvio Berlusconi<\/a> non \u00e8 pi\u00f9 tale.<br \/>\nE' stato il Consiglio direttivo della Federazione nazionale dei Cavalieri del Lavoro che ne ha dato notizia dopo aver concluso l\u2019esame della posizione dell'ex premier a seguito della sentenza di condanna della Corte di Cassazione dell\u20191 agosto 2013.<\/p>\n<p>E' stato in questo modo concluso l\u2019iter previsto dalle norme statutarie, <em>\"e che ha avuto inizio ben prima delle sollecitazioni e polemiche sollevate a mezzo stampa\"<\/em>, del Consiglio Direttivo e del Collegio dei Probiviri, come spiegato la Federazione in una nota. <em>\"Nelle fasi conclusive di questa procedura, alla vigilia della riunione odierna, <b>\u00e8 pervenuta alla Federazione nazionale dei Cavalieri del Lavoro una lettera di autosospensione di Silvio Berlusconi<\/b><\/em> - si legge - <em>pur avendo egli fatto ricorso alla Corte di Giustizia Europea nonch\u00e9 avendo in corso di presentazione una istanza di revisione del processo che lo ha riguardato. <b>Il Consiglio direttivo ha preso atto dell\u2019autosospensione<\/b>\"<\/em>.<\/p>\n","protected":false},"excerpt":{"rendered":"<p>Non chiamatelo pi\u00f9 'Cavaliere'. Silvio Berlusconi non \u00e8 pi\u00f9 tale. E' stato il Consiglio direttivo della Federazione nazionale dei Cavalieri del Lavoro che ne ha dato notizia dopo aver concluso l\u2019esame della posizione dell'ex premier a seguito della sentenza di condanna della Corte di Cassazione dell\u20191 agosto 2013. E' stato in questo modo concluso l\u2019iter [&hellip;]<\/p>\n","protected":false},"author":1,"featured_media":101841,"comment_status":"closed","ping_status":"closed","sticky":false,"template":"","format":"standard","meta":{"footnotes":""},"categories":[54],"tags":[48711,21422,6458,4776],"vip":[],"class_list":["post-45795","post","type-post","status-publish","format-standard","has-post-thumbnail","hentry","category-news","tag-autosospensione","tag-cavaliere","tag-silvio-berlusconi","tag-titolo"],"yoast_head":"<title>Berlusconi non \u00e8 pi\u00f9 Cavaliere - Gossip.it | News sul Gossip e VIP<\/title>\n<meta name=\"description\" content=\"Non chiamatelo pi\u00f9 &#039;Cavaliere&#039;. Silvio Berlusconi non \u00e8 pi\u00f9 tale. E&#039; stato il Consiglio direttivo della Federazione nazionale dei Cavalieri del Lavoro che\" \/>\n<meta name=\"robots\" content=\"index, follow, max-snippet:-1, max-image-preview:large, max-video-preview:-1\" \/>\n<link rel=\"canonical\" href=\"https:\/\/www.gossip.it\/news\/berlusconi-non-e-piu-cavaliere\/\" \/>\n<meta property=\"og:locale\" content=\"it_IT\" \/>\n<meta property=\"og:type\" content=\"article\" \/>\n<meta property=\"og:title\" content=\"Berlusconi non \u00e8 pi\u00f9 Cavaliere - Gossip.it | News sul Gossip e VIP\" \/>\n<meta property=\"og:description\" content=\"Non chiamatelo pi\u00f9 &#039;Cavaliere&#039;. Silvio Berlusconi non \u00e8 pi\u00f9 tale. E&#039; stato il Consiglio direttivo della Federazione nazionale dei Cavalieri del Lavoro che\" \/>\n<meta property=\"og:url\" content=\"https:\/\/www.gossip.it\/news\/berlusconi-non-e-piu-cavaliere\/\" \/>\n<meta property=\"og:site_name\" content=\"Gossip.it | News sul Gossip e VIP\" \/>\n<meta property=\"article:publisher\" content=\"https:\/\/www.facebook.com\/GossipIT\" \/>\n<meta property=\"article:published_time\" content=\"2014-03-19T23:00:00+00:00\" \/>\n<meta property=\"og:image\" content=\"http:\/\/www.gossip.it\/images5\/1395327276_.jpg\" \/>\n<meta name=\"author\" content=\"La Redazione\" \/>\n<meta name=\"twitter:card\" content=\"summary_large_image\" \/>\n<meta name=\"twitter:image\" content=\"http:\/\/www.gossip.it\/images5\/1395327276_.jpg\" \/>\n<meta name=\"twitter:creator\" content=\"@gossinews_it\" \/>\n<meta name=\"twitter:site\" content=\"@gossinews_it\" \/>\n<meta name=\"twitter:label1\" content=\"Scritto da\" \/>\n\t<meta name=\"twitter:data1\" content=\"Annamaria Capozzi\" \/>\n\t<meta name=\"twitter:label2\" content=\"Tempo di lettura stimato\" \/>\n\t<meta name=\"twitter:data2\" content=\"1 minuto\" \/>","yoast_head_json":{"title":"Berlusconi non \u00e8 pi\u00f9 Cavaliere - Gossip.it | News sul Gossip e VIP","description":"Non chiamatelo pi\u00f9 'Cavaliere'. Silvio Berlusconi non \u00e8 pi\u00f9 tale. E' stato il Consiglio direttivo della Federazione nazionale dei Cavalieri del Lavoro che","robots":{"index":"index","follow":"follow","max-snippet":"max-snippet:-1","max-image-preview":"max-image-preview:large","max-video-preview":"max-video-preview:-1"},"canonical":"https:\/\/www.gossip.it\/news\/berlusconi-non-e-piu-cavaliere\/","og_locale":"it_IT","og_type":"article","og_title":"Berlusconi non \u00e8 pi\u00f9 Cavaliere - Gossip.it | News sul Gossip e VIP","og_description":"Non chiamatelo pi\u00f9 'Cavaliere'. Silvio Berlusconi non \u00e8 pi\u00f9 tale. E' stato il Consiglio direttivo della Federazione nazionale dei Cavalieri del Lavoro che","og_url":"https:\/\/www.gossip.it\/news\/berlusconi-non-e-piu-cavaliere\/","og_site_name":"Gossip.it | News sul Gossip e VIP","article_publisher":"https:\/\/www.facebook.com\/GossipIT","article_published_time":"2014-03-19T23:00:00+00:00","og_image":[{"url":"http:\/\/www.gossip.it\/images5\/1395327276_.jpg"}],"author":"La Redazione","twitter_card":"summary_large_image","twitter_image":"http:\/\/www.gossip.it\/images5\/1395327276_.jpg","twitter_creator":"@gossinews_it","twitter_site":"@gossinews_it","twitter_misc":{"Scritto da":"Annamaria Capozzi","Tempo di lettura stimato":"1 minuto"},"schema":{"@context":"https:\/\/schema.org","@graph":[{"@type":"Article","@id":"https:\/\/www.gossip.it\/news\/berlusconi-non-e-piu-cavaliere\/#article","isPartOf":{"@id":"https:\/\/www.gossip.it\/news\/berlusconi-non-e-piu-cavaliere\/"},"author":{"name":"La Redazione","@id":"https:\/\/www.gossip.it\/#\/schema\/person\/488896f75158bff1cc83c6c39d141110"},"headline":"Berlusconi non \u00e8 pi\u00f9 Cavaliere","datePublished":"2014-03-19T23:00:00+00:00","dateModified":"2014-03-19T23:00:00+00:00","mainEntityOfPage":{"@id":"https:\/\/www.gossip.it\/news\/berlusconi-non-e-piu-cavaliere\/"},"wordCount":158,"publisher":{"@id":"https:\/\/www.gossip.it\/#organization"},"image":{"@id":"https:\/\/www.gossip.it\/news\/berlusconi-non-e-piu-cavaliere\/#primaryimage"},"thumbnailUrl":"http:\/\/www.gossip.it\/images5\/1395327276_.jpg","keywords":["autosospensione","cavaliere","silvio berlusconi","titolo"],"articleSection":["News"],"inLanguage":"it-IT"},{"@type":"WebPage","@id":"https:\/\/www.gossip.it\/news\/berlusconi-non-e-piu-cavaliere\/","url":"https:\/\/www.gossip.it\/news\/berlusconi-non-e-piu-cavaliere\/","name":"Berlusconi non \u00e8 pi\u00f9 Cavaliere - Gossip.it | News sul Gossip e VIP","isPartOf":{"@id":"https:\/\/www.gossip.it\/#website"},"primaryImageOfPage":{"@id":"https:\/\/www.gossip.it\/news\/berlusconi-non-e-piu-cavaliere\/#primaryimage"},"image":{"@id":"https:\/\/www.gossip.it\/news\/berlusconi-non-e-piu-cavaliere\/#primaryimage"},"thumbnailUrl":"http:\/\/www.gossip.it\/images5\/1395327276_.jpg","datePublished":"2014-03-19T23:00:00+00:00","dateModified":"2014-03-19T23:00:00+00:00","description":"Non chiamatelo pi\u00f9 'Cavaliere'. Silvio Berlusconi non \u00e8 pi\u00f9 tale. E' stato il Consiglio direttivo della Federazione nazionale dei Cavalieri del Lavoro che","breadcrumb":{"@id":"https:\/\/www.gossip.it\/news\/berlusconi-non-e-piu-cavaliere\/#breadcrumb"},"inLanguage":"it-IT","potentialAction":[{"@type":"ReadAction","target":["https:\/\/www.gossip.it\/news\/berlusconi-non-e-piu-cavaliere\/"]}]},{"@type":"ImageObject","inLanguage":"it-IT","@id":"https:\/\/www.gossip.it\/news\/berlusconi-non-e-piu-cavaliere\/#primaryimage","url":"http:\/\/www.gossip.it\/images5\/1395327276_.jpg","contentUrl":"http:\/\/www.gossip.it\/images5\/1395327276_.jpg"},{"@type":"BreadcrumbList","@id":"https:\/\/www.gossip.it\/news\/berlusconi-non-e-piu-cavaliere\/#breadcrumb","itemListElement":[{"@type":"ListItem","position":1,"name":"Home","item":"https:\/\/www.gossip.it\/"},{"@type":"ListItem","position":2,"name":"Berlusconi non \u00e8 pi\u00f9 Cavaliere"}]},{"@type":"WebSite","@id":"https:\/\/www.gossip.it\/#website","url":"https:\/\/www.gossip.it\/","name":"Gossip and VIP News","description":"Quotidiano di cronaca rosa, costume e societ\u00e0","publisher":{"@id":"https:\/\/www.gossip.it\/#organization"},"alternateName":"Gossip and VIP News","potentialAction":[{"@type":"SearchAction","target":{"@type":"EntryPoint","urlTemplate":"https:\/\/www.gossip.it\/?s={search_term_string}"},"query-input":{"@type":"PropertyValueSpecification","valueRequired":true,"valueName":"search_term_string"}}],"inLanguage":"it-IT"},{"@type":"Organization","@id":"https:\/\/www.gossip.it\/#organization","name":"Gossip and VIP News","alternateName":"Gossip News","url":"https:\/\/www.gossip.it\/","logo":{"@type":"ImageObject","inLanguage":"it-IT","@id":"https:\/\/www.gossip.it\/#\/schema\/logo\/image\/","url":"https:\/\/www.gossip.it\/wp-content\/uploads\/2022\/04\/cropped-corna-alta-tiny.png","contentUrl":"https:\/\/www.gossip.it\/wp-content\/uploads\/2022\/04\/cropped-corna-alta-tiny.png","width":512,"height":512,"caption":"Gossip and VIP News"},"image":{"@id":"https:\/\/www.gossip.it\/#\/schema\/logo\/image\/"},"sameAs":["https:\/\/www.facebook.com\/GossipIT","https:\/\/x.com\/gossinews_it","https:\/\/instagram.com\/gossip_it"]},{"@type":"Person","@id":"https:\/\/www.gossip.it\/#\/schema\/person\/488896f75158bff1cc83c6c39d141110","name":"La Redazione","image":{"@type":"ImageObject","inLanguage":"it-IT","@id":"https:\/\/www.gossip.it\/#\/schema\/person\/image\/","url":"https:\/\/secure.gravatar.com\/avatar\/5a5f5c6fa3e6700e4249abdad0263a1e94e927d9e0499b1cb09c1cd29c044d80?s=96&d=mm&r=g","contentUrl":"https:\/\/secure.gravatar.com\/avatar\/5a5f5c6fa3e6700e4249abdad0263a1e94e927d9e0499b1cb09c1cd29c044d80?s=96&d=mm&r=g","caption":"La Redazione"},"sameAs":["https:\/\/www.gossip.it"]}]}},"amp_enabled":true,"_links":{"self":[{"href":"https:\/\/www.gossip.it\/api\/wp\/v2\/posts\/45795","targetHints":{"allow":["GET"]}}],"collection":[{"href":"https:\/\/www.gossip.it\/api\/wp\/v2\/posts"}],"about":[{"href":"https:\/\/www.gossip.it\/api\/wp\/v2\/types\/post"}],"author":[{"embeddable":true,"href":"https:\/\/www.gossip.it\/api\/wp\/v2\/users\/1"}],"replies":[{"embeddable":true,"href":"https:\/\/www.gossip.it\/api\/wp\/v2\/comments?post=45795"}],"version-history":[{"count":0,"href":"https:\/\/www.gossip.it\/api\/wp\/v2\/posts\/45795\/revisions"}],"wp:featuredmedia":[{"embeddable":true,"href":"https:\/\/www.gossip.it\/api\/wp\/v2\/media\/101841"}],"wp:attachment":[{"href":"https:\/\/www.gossip.it\/api\/wp\/v2\/media?parent=45795"}],"wp:term":[{"taxonomy":"category","embeddable":true,"href":"https:\/\/www.gossip.it\/api\/wp\/v2\/categories?post=45795"},{"taxonomy":"post_tag","embeddable":true,"href":"https:\/\/www.gossip.it\/api\/wp\/v2\/tags?post=45795"},{"taxonomy":"vip","embeddable":true,"href":"https:\/\/www.gossip.it\/api\/wp\/v2\/vip?post=45795"}],"curies":[{"name":"wp","href":"https:\/\/api.w.org\/{rel}","templated":true}]}}