{"id":45815,"date":"2014-03-21T00:00:00","date_gmt":"2014-03-20T23:00:00","guid":{"rendered":"https:\/\/www.gossip.it\/senza-categoria\/giulia-calcaterra-passeggiata-milanese\/"},"modified":"2014-03-21T00:00:00","modified_gmt":"2014-03-20T23:00:00","slug":"giulia-calcaterra-passeggiata-milanese","status":"publish","type":"post","link":"https:\/\/www.gossip.it\/news\/giulia-calcaterra-passeggiata-milanese\/","title":{"rendered":"Giulia Calcaterra, passeggiata milanese"},"content":{"rendered":"<p>Sono amici. <b>Eugenio Scotto<\/b> \u00e8 legatissimo a <a href=\"http:\/\/www.gossip.it\/news\/monografia.php?keyword=Francesco Facchinetti\">Francesco Facchinetti<\/a>, che conosce sin da bambino, oggi \u00e8 anche produttore, imprenditore di successo e scrittore. Con <a href=\"http:\/\/www.gossip.it\/news\/monografia.php?keyword=Giulia Calcaterra\">Giulia Calcaterra<\/a> si frequentano, fanno parte dello stesso giro, non c'\u00e8 amore, per\u00f2, l'ex <a href=\"http:\/\/www.gossip.it\/news\/monografia.php?keyword=velina\">velina<\/a> \u00e8 <em>'in love'<\/em> con <a href=\"http:\/\/www.gossip.it\/news\/monografia.php?keyword=Luca Baronchelli\">Luca Baronchelli<\/a>, esiste solo un bel rapporto da sempre.<br \/>\nI due sono stati pizzicati insieme durante una passeggiata nel centro di Milano. Giulia, divertita dai paparazzi, ha sorriso, fatto anche un cuore con le mani, poi ha continuato per la sua strada insieme al compagno, tra chiacchiere e puntatine di shopping.<\/p>\n<p>Look total black per la Calcaterra, con indosso un abito svasato a met\u00e0 coscia, giubotto in pelle, borsa a tracolla e stivali alti con il tacco rasoterra, molto pi\u00f9 sportivo Eugenio, molto street style.<\/p>\n","protected":false},"excerpt":{"rendered":"<p>Sono amici. Eugenio Scotto \u00e8 legatissimo a Francesco Facchinetti, che conosce sin da bambino, oggi \u00e8 anche produttore, imprenditore di successo e scrittore. Con Giulia Calcaterra si frequentano, fanno parte dello stesso giro, non c'\u00e8 amore, per\u00f2, l'ex velina \u00e8 'in love' con Luca Baronchelli, esiste solo un bel rapporto da sempre. I due sono [&hellip;]<\/p>\n","protected":false},"author":1,"featured_media":101861,"comment_status":"closed","ping_status":"closed","sticky":false,"template":"","format":"standard","meta":{"footnotes":""},"categories":[54],"tags":[37013,1979,5281,6561],"vip":[892,1138],"class_list":["post-45815","post","type-post","status-publish","format-standard","has-post-thumbnail","hentry","category-news","tag-eugenio-scotto","tag-milano","tag-paparazzate","tag-velina","vip-giulia_calcaterra","vip-luca_baronchelli"],"yoast_head":"<title>Giulia Calcaterra, passeggiata milanese - Gossip.it | News sul Gossip e VIP<\/title>\n<meta name=\"description\" content=\"Sono amici. Eugenio Scotto \u00e8 legatissimo a Francesco Facchinetti, che conosce sin da bambino, oggi \u00e8 anche produttore, imprenditore di successo e\" \/>\n<meta name=\"robots\" content=\"index, follow, max-snippet:-1, max-image-preview:large, max-video-preview:-1\" \/>\n<link rel=\"canonical\" href=\"https:\/\/www.gossip.it\/news\/giulia-calcaterra-passeggiata-milanese\/\" \/>\n<meta property=\"og:locale\" content=\"it_IT\" \/>\n<meta property=\"og:type\" content=\"article\" \/>\n<meta property=\"og:title\" content=\"Giulia Calcaterra, passeggiata milanese - Gossip.it | News sul Gossip e VIP\" \/>\n<meta property=\"og:description\" content=\"Sono amici. Eugenio Scotto \u00e8 legatissimo a Francesco Facchinetti, che conosce sin da bambino, oggi \u00e8 anche produttore, imprenditore di successo e\" \/>\n<meta property=\"og:url\" content=\"https:\/\/www.gossip.it\/news\/giulia-calcaterra-passeggiata-milanese\/\" \/>\n<meta property=\"og:site_name\" content=\"Gossip.it | News sul Gossip e VIP\" \/>\n<meta property=\"article:publisher\" content=\"https:\/\/www.facebook.com\/GossipIT\" \/>\n<meta property=\"article:published_time\" content=\"2014-03-20T23:00:00+00:00\" \/>\n<meta property=\"og:image\" content=\"http:\/\/www.gossip.it\/images5\/1395406780_.jpg\" \/>\n<meta name=\"author\" content=\"La Redazione\" \/>\n<meta name=\"twitter:card\" content=\"summary_large_image\" \/>\n<meta name=\"twitter:image\" content=\"http:\/\/www.gossip.it\/images5\/1395406780_.jpg\" \/>\n<meta name=\"twitter:creator\" content=\"@gossinews_it\" \/>\n<meta name=\"twitter:site\" content=\"@gossinews_it\" \/>\n<meta name=\"twitter:label1\" content=\"Scritto da\" \/>\n\t<meta name=\"twitter:data1\" content=\"Annamaria Capozzi\" \/>\n\t<meta name=\"twitter:label2\" content=\"Tempo di lettura stimato\" \/>\n\t<meta name=\"twitter:data2\" content=\"1 minuto\" \/>","yoast_head_json":{"title":"Giulia Calcaterra, passeggiata milanese - Gossip.it | News sul Gossip e VIP","description":"Sono amici. Eugenio Scotto \u00e8 legatissimo a Francesco Facchinetti, che conosce sin da bambino, oggi \u00e8 anche produttore, imprenditore di successo e","robots":{"index":"index","follow":"follow","max-snippet":"max-snippet:-1","max-image-preview":"max-image-preview:large","max-video-preview":"max-video-preview:-1"},"canonical":"https:\/\/www.gossip.it\/news\/giulia-calcaterra-passeggiata-milanese\/","og_locale":"it_IT","og_type":"article","og_title":"Giulia Calcaterra, passeggiata milanese - Gossip.it | News sul Gossip e VIP","og_description":"Sono amici. Eugenio Scotto \u00e8 legatissimo a Francesco Facchinetti, che conosce sin da bambino, oggi \u00e8 anche produttore, imprenditore di successo e","og_url":"https:\/\/www.gossip.it\/news\/giulia-calcaterra-passeggiata-milanese\/","og_site_name":"Gossip.it | News sul Gossip e VIP","article_publisher":"https:\/\/www.facebook.com\/GossipIT","article_published_time":"2014-03-20T23:00:00+00:00","og_image":[{"url":"http:\/\/www.gossip.it\/images5\/1395406780_.jpg"}],"author":"La Redazione","twitter_card":"summary_large_image","twitter_image":"http:\/\/www.gossip.it\/images5\/1395406780_.jpg","twitter_creator":"@gossinews_it","twitter_site":"@gossinews_it","twitter_misc":{"Scritto da":"Annamaria Capozzi","Tempo di lettura stimato":"1 minuto"},"schema":{"@context":"https:\/\/schema.org","@graph":[{"@type":"Article","@id":"https:\/\/www.gossip.it\/news\/giulia-calcaterra-passeggiata-milanese\/#article","isPartOf":{"@id":"https:\/\/www.gossip.it\/news\/giulia-calcaterra-passeggiata-milanese\/"},"author":{"name":"La Redazione","@id":"https:\/\/www.gossip.it\/#\/schema\/person\/488896f75158bff1cc83c6c39d141110"},"headline":"Giulia Calcaterra, passeggiata milanese","datePublished":"2014-03-20T23:00:00+00:00","dateModified":"2014-03-20T23:00:00+00:00","mainEntityOfPage":{"@id":"https:\/\/www.gossip.it\/news\/giulia-calcaterra-passeggiata-milanese\/"},"wordCount":130,"publisher":{"@id":"https:\/\/www.gossip.it\/#organization"},"image":{"@id":"https:\/\/www.gossip.it\/news\/giulia-calcaterra-passeggiata-milanese\/#primaryimage"},"thumbnailUrl":"http:\/\/www.gossip.it\/images5\/1395406780_.jpg","keywords":["eugenio scotto","milano","paparazzate","velina"],"articleSection":["News"],"inLanguage":"it-IT"},{"@type":"WebPage","@id":"https:\/\/www.gossip.it\/news\/giulia-calcaterra-passeggiata-milanese\/","url":"https:\/\/www.gossip.it\/news\/giulia-calcaterra-passeggiata-milanese\/","name":"Giulia Calcaterra, passeggiata milanese - Gossip.it | News sul Gossip e VIP","isPartOf":{"@id":"https:\/\/www.gossip.it\/#website"},"primaryImageOfPage":{"@id":"https:\/\/www.gossip.it\/news\/giulia-calcaterra-passeggiata-milanese\/#primaryimage"},"image":{"@id":"https:\/\/www.gossip.it\/news\/giulia-calcaterra-passeggiata-milanese\/#primaryimage"},"thumbnailUrl":"http:\/\/www.gossip.it\/images5\/1395406780_.jpg","datePublished":"2014-03-20T23:00:00+00:00","dateModified":"2014-03-20T23:00:00+00:00","description":"Sono amici. Eugenio Scotto \u00e8 legatissimo a Francesco Facchinetti, che conosce sin da bambino, oggi \u00e8 anche produttore, imprenditore di successo e","breadcrumb":{"@id":"https:\/\/www.gossip.it\/news\/giulia-calcaterra-passeggiata-milanese\/#breadcrumb"},"inLanguage":"it-IT","potentialAction":[{"@type":"ReadAction","target":["https:\/\/www.gossip.it\/news\/giulia-calcaterra-passeggiata-milanese\/"]}]},{"@type":"ImageObject","inLanguage":"it-IT","@id":"https:\/\/www.gossip.it\/news\/giulia-calcaterra-passeggiata-milanese\/#primaryimage","url":"http:\/\/www.gossip.it\/images5\/1395406780_.jpg","contentUrl":"http:\/\/www.gossip.it\/images5\/1395406780_.jpg"},{"@type":"BreadcrumbList","@id":"https:\/\/www.gossip.it\/news\/giulia-calcaterra-passeggiata-milanese\/#breadcrumb","itemListElement":[{"@type":"ListItem","position":1,"name":"Home","item":"https:\/\/www.gossip.it\/"},{"@type":"ListItem","position":2,"name":"Giulia Calcaterra, passeggiata milanese"}]},{"@type":"WebSite","@id":"https:\/\/www.gossip.it\/#website","url":"https:\/\/www.gossip.it\/","name":"Gossip and VIP News","description":"Quotidiano di cronaca rosa, costume e societ\u00e0","publisher":{"@id":"https:\/\/www.gossip.it\/#organization"},"alternateName":"Gossip and VIP News","potentialAction":[{"@type":"SearchAction","target":{"@type":"EntryPoint","urlTemplate":"https:\/\/www.gossip.it\/?s={search_term_string}"},"query-input":{"@type":"PropertyValueSpecification","valueRequired":true,"valueName":"search_term_string"}}],"inLanguage":"it-IT"},{"@type":"Organization","@id":"https:\/\/www.gossip.it\/#organization","name":"Gossip and VIP News","alternateName":"Gossip News","url":"https:\/\/www.gossip.it\/","logo":{"@type":"ImageObject","inLanguage":"it-IT","@id":"https:\/\/www.gossip.it\/#\/schema\/logo\/image\/","url":"https:\/\/www.gossip.it\/wp-content\/uploads\/2022\/04\/cropped-corna-alta-tiny.png","contentUrl":"https:\/\/www.gossip.it\/wp-content\/uploads\/2022\/04\/cropped-corna-alta-tiny.png","width":512,"height":512,"caption":"Gossip and VIP News"},"image":{"@id":"https:\/\/www.gossip.it\/#\/schema\/logo\/image\/"},"sameAs":["https:\/\/www.facebook.com\/GossipIT","https:\/\/x.com\/gossinews_it","https:\/\/instagram.com\/gossip_it"]},{"@type":"Person","@id":"https:\/\/www.gossip.it\/#\/schema\/person\/488896f75158bff1cc83c6c39d141110","name":"La Redazione","image":{"@type":"ImageObject","inLanguage":"it-IT","@id":"https:\/\/www.gossip.it\/#\/schema\/person\/image\/","url":"https:\/\/secure.gravatar.com\/avatar\/5a5f5c6fa3e6700e4249abdad0263a1e94e927d9e0499b1cb09c1cd29c044d80?s=96&d=mm&r=g","contentUrl":"https:\/\/secure.gravatar.com\/avatar\/5a5f5c6fa3e6700e4249abdad0263a1e94e927d9e0499b1cb09c1cd29c044d80?s=96&d=mm&r=g","caption":"La Redazione"},"sameAs":["https:\/\/www.gossip.it"]}]}},"amp_enabled":true,"_links":{"self":[{"href":"https:\/\/www.gossip.it\/api\/wp\/v2\/posts\/45815","targetHints":{"allow":["GET"]}}],"collection":[{"href":"https:\/\/www.gossip.it\/api\/wp\/v2\/posts"}],"about":[{"href":"https:\/\/www.gossip.it\/api\/wp\/v2\/types\/post"}],"author":[{"embeddable":true,"href":"https:\/\/www.gossip.it\/api\/wp\/v2\/users\/1"}],"replies":[{"embeddable":true,"href":"https:\/\/www.gossip.it\/api\/wp\/v2\/comments?post=45815"}],"version-history":[{"count":0,"href":"https:\/\/www.gossip.it\/api\/wp\/v2\/posts\/45815\/revisions"}],"wp:featuredmedia":[{"embeddable":true,"href":"https:\/\/www.gossip.it\/api\/wp\/v2\/media\/101861"}],"wp:attachment":[{"href":"https:\/\/www.gossip.it\/api\/wp\/v2\/media?parent=45815"}],"wp:term":[{"taxonomy":"category","embeddable":true,"href":"https:\/\/www.gossip.it\/api\/wp\/v2\/categories?post=45815"},{"taxonomy":"post_tag","embeddable":true,"href":"https:\/\/www.gossip.it\/api\/wp\/v2\/tags?post=45815"},{"taxonomy":"vip","embeddable":true,"href":"https:\/\/www.gossip.it\/api\/wp\/v2\/vip?post=45815"}],"curies":[{"name":"wp","href":"https:\/\/api.w.org\/{rel}","templated":true}]}}