{"id":45842,"date":"2014-03-24T00:00:00","date_gmt":"2014-03-23T23:00:00","guid":{"rendered":"https:\/\/www.gossip.it\/senza-categoria\/andrea-bocelli-a-nozze-con-veronica\/"},"modified":"2014-03-24T00:00:00","modified_gmt":"2014-03-23T23:00:00","slug":"andrea-bocelli-a-nozze-con-veronica","status":"publish","type":"post","link":"https:\/\/www.gossip.it\/news\/andrea-bocelli-a-nozze-con-veronica\/","title":{"rendered":"Andrea Bocelli a nozze con Veronica"},"content":{"rendered":"<p>Alla fine hanno detto di s\u00ec e hanno voluto farlo all'inizio della primavera, il <b>21 marzo<\/b>, data importante perch\u00e8 pure il giorno del compleanno della figlioletta <b>Virginia<\/b>, nata due anni fa. <a href=\"http:\/\/www.gossip.it\/news\/monografia.php?keyword=Andrea Bocelli\">Andrea Bocelli<\/a> e <a href=\"http:\/\/www.gossip.it\/news\/monografia.php?keyword=Veronica Berti\">Veronica Berti<\/a> (l'abito \u00e8 stato disegnato appositamente per lei dalla Maison Ermanno Scervino), dopo dodici anni di convivenza, sono andati a nozze. La cerimonia \u00e8 stata celebrata nel santuario della Madonna di Montenero a Livorno.<\/p>\n<p>Un matrimonio emozionante alla presenza di una ristretta cerchia di amici e parenti. Presenti anche <b>Amos<\/b> e <b>Matteo<\/b>, i figli avuti dal cantante durante il precedente matrimonio con <b>Enrica Cenzatti<\/b>, la madre <b>Edi Aringhieri<\/b> e il fratello <b>Alberto Bocelli<\/b>.<br \/>\nBellissima e chic Veronica in bianco, con un abito stretto arricchito da una giacca stile Chanel aperta. La sposa ha avuto pure due deliziose damigelle. Atmosfera da sogno e tanta felicit\u00e0 per i due, letteralmente al settimo cielo.<\/p>\n","protected":false},"excerpt":{"rendered":"<p>Alla fine hanno detto di s\u00ec e hanno voluto farlo all'inizio della primavera, il 21 marzo, data importante perch\u00e8 pure il giorno del compleanno della figlioletta Virginia, nata due anni fa. Andrea Bocelli e Veronica Berti (l'abito \u00e8 stato disegnato appositamente per lei dalla Maison Ermanno Scervino), dopo dodici anni di convivenza, sono andati a [&hellip;]<\/p>\n","protected":false},"author":1,"featured_media":101888,"comment_status":"closed","ping_status":"closed","sticky":false,"template":"","format":"standard","meta":{"footnotes":""},"categories":[54],"tags":[1981,23334,1950,2216,2568,31694],"vip":[306],"class_list":["post-45842","post","type-post","status-publish","format-standard","has-post-thumbnail","hentry","category-news","tag-cantante","tag-livorno","tag-matrimonio","tag-nozze","tag-protagonisti","tag-veronica-berti","vip-andrea_bocelli"],"yoast_head":"<title>Andrea Bocelli a nozze con Veronica - Gossip.it | News sul Gossip e VIP<\/title>\n<meta name=\"description\" content=\"Alla fine hanno detto di s\u00ec e hanno voluto farlo all&#039;inizio della primavera, il 21 marzo, data importante perch\u00e8 pure il giorno del compleanno della\" \/>\n<meta name=\"robots\" content=\"index, follow, max-snippet:-1, max-image-preview:large, max-video-preview:-1\" \/>\n<link rel=\"canonical\" href=\"https:\/\/www.gossip.it\/news\/andrea-bocelli-a-nozze-con-veronica\/\" \/>\n<meta property=\"og:locale\" content=\"it_IT\" \/>\n<meta property=\"og:type\" content=\"article\" \/>\n<meta property=\"og:title\" content=\"Andrea Bocelli a nozze con Veronica - Gossip.it | News sul Gossip e VIP\" \/>\n<meta property=\"og:description\" content=\"Alla fine hanno detto di s\u00ec e hanno voluto farlo all&#039;inizio della primavera, il 21 marzo, data importante perch\u00e8 pure il giorno del compleanno della\" \/>\n<meta property=\"og:url\" content=\"https:\/\/www.gossip.it\/news\/andrea-bocelli-a-nozze-con-veronica\/\" \/>\n<meta property=\"og:site_name\" content=\"Gossip.it | News sul Gossip e VIP\" \/>\n<meta property=\"article:publisher\" content=\"https:\/\/www.facebook.com\/GossipIT\" \/>\n<meta property=\"article:published_time\" content=\"2014-03-23T23:00:00+00:00\" \/>\n<meta property=\"og:image\" content=\"http:\/\/www.gossip.it\/images5\/1395660358_.jpg\" \/>\n<meta name=\"author\" content=\"La Redazione\" \/>\n<meta name=\"twitter:card\" content=\"summary_large_image\" \/>\n<meta name=\"twitter:image\" content=\"http:\/\/www.gossip.it\/images5\/1395660358_.jpg\" \/>\n<meta name=\"twitter:creator\" content=\"@gossinews_it\" \/>\n<meta name=\"twitter:site\" content=\"@gossinews_it\" \/>\n<meta name=\"twitter:label1\" content=\"Scritto da\" \/>\n\t<meta name=\"twitter:data1\" content=\"Annamaria Capozzi\" \/>\n\t<meta name=\"twitter:label2\" content=\"Tempo di lettura stimato\" \/>\n\t<meta name=\"twitter:data2\" content=\"1 minuto\" \/>","yoast_head_json":{"title":"Andrea Bocelli a nozze con Veronica - Gossip.it | News sul Gossip e VIP","description":"Alla fine hanno detto di s\u00ec e hanno voluto farlo all'inizio della primavera, il 21 marzo, data importante perch\u00e8 pure il giorno del compleanno della","robots":{"index":"index","follow":"follow","max-snippet":"max-snippet:-1","max-image-preview":"max-image-preview:large","max-video-preview":"max-video-preview:-1"},"canonical":"https:\/\/www.gossip.it\/news\/andrea-bocelli-a-nozze-con-veronica\/","og_locale":"it_IT","og_type":"article","og_title":"Andrea Bocelli a nozze con Veronica - Gossip.it | News sul Gossip e VIP","og_description":"Alla fine hanno detto di s\u00ec e hanno voluto farlo all'inizio della primavera, il 21 marzo, data importante perch\u00e8 pure il giorno del compleanno della","og_url":"https:\/\/www.gossip.it\/news\/andrea-bocelli-a-nozze-con-veronica\/","og_site_name":"Gossip.it | News sul Gossip e VIP","article_publisher":"https:\/\/www.facebook.com\/GossipIT","article_published_time":"2014-03-23T23:00:00+00:00","og_image":[{"url":"http:\/\/www.gossip.it\/images5\/1395660358_.jpg"}],"author":"La Redazione","twitter_card":"summary_large_image","twitter_image":"http:\/\/www.gossip.it\/images5\/1395660358_.jpg","twitter_creator":"@gossinews_it","twitter_site":"@gossinews_it","twitter_misc":{"Scritto da":"Annamaria Capozzi","Tempo di lettura stimato":"1 minuto"},"schema":{"@context":"https:\/\/schema.org","@graph":[{"@type":"Article","@id":"https:\/\/www.gossip.it\/news\/andrea-bocelli-a-nozze-con-veronica\/#article","isPartOf":{"@id":"https:\/\/www.gossip.it\/news\/andrea-bocelli-a-nozze-con-veronica\/"},"author":{"name":"La Redazione","@id":"https:\/\/www.gossip.it\/#\/schema\/person\/488896f75158bff1cc83c6c39d141110"},"headline":"Andrea Bocelli a nozze con Veronica","datePublished":"2014-03-23T23:00:00+00:00","dateModified":"2014-03-23T23:00:00+00:00","mainEntityOfPage":{"@id":"https:\/\/www.gossip.it\/news\/andrea-bocelli-a-nozze-con-veronica\/"},"wordCount":151,"publisher":{"@id":"https:\/\/www.gossip.it\/#organization"},"image":{"@id":"https:\/\/www.gossip.it\/news\/andrea-bocelli-a-nozze-con-veronica\/#primaryimage"},"thumbnailUrl":"http:\/\/www.gossip.it\/images5\/1395660358_.jpg","keywords":["cantante","livorno","matrimonio","nozze","protagonisti","veronica berti"],"articleSection":["News"],"inLanguage":"it-IT"},{"@type":"WebPage","@id":"https:\/\/www.gossip.it\/news\/andrea-bocelli-a-nozze-con-veronica\/","url":"https:\/\/www.gossip.it\/news\/andrea-bocelli-a-nozze-con-veronica\/","name":"Andrea Bocelli a nozze con Veronica - Gossip.it | News sul Gossip e VIP","isPartOf":{"@id":"https:\/\/www.gossip.it\/#website"},"primaryImageOfPage":{"@id":"https:\/\/www.gossip.it\/news\/andrea-bocelli-a-nozze-con-veronica\/#primaryimage"},"image":{"@id":"https:\/\/www.gossip.it\/news\/andrea-bocelli-a-nozze-con-veronica\/#primaryimage"},"thumbnailUrl":"http:\/\/www.gossip.it\/images5\/1395660358_.jpg","datePublished":"2014-03-23T23:00:00+00:00","dateModified":"2014-03-23T23:00:00+00:00","description":"Alla fine hanno detto di s\u00ec e hanno voluto farlo all'inizio della primavera, il 21 marzo, data importante perch\u00e8 pure il giorno del compleanno della","breadcrumb":{"@id":"https:\/\/www.gossip.it\/news\/andrea-bocelli-a-nozze-con-veronica\/#breadcrumb"},"inLanguage":"it-IT","potentialAction":[{"@type":"ReadAction","target":["https:\/\/www.gossip.it\/news\/andrea-bocelli-a-nozze-con-veronica\/"]}]},{"@type":"ImageObject","inLanguage":"it-IT","@id":"https:\/\/www.gossip.it\/news\/andrea-bocelli-a-nozze-con-veronica\/#primaryimage","url":"http:\/\/www.gossip.it\/images5\/1395660358_.jpg","contentUrl":"http:\/\/www.gossip.it\/images5\/1395660358_.jpg"},{"@type":"BreadcrumbList","@id":"https:\/\/www.gossip.it\/news\/andrea-bocelli-a-nozze-con-veronica\/#breadcrumb","itemListElement":[{"@type":"ListItem","position":1,"name":"Home","item":"https:\/\/www.gossip.it\/"},{"@type":"ListItem","position":2,"name":"Andrea Bocelli a nozze con Veronica"}]},{"@type":"WebSite","@id":"https:\/\/www.gossip.it\/#website","url":"https:\/\/www.gossip.it\/","name":"Gossip and VIP News","description":"Quotidiano di cronaca rosa, costume e societ\u00e0","publisher":{"@id":"https:\/\/www.gossip.it\/#organization"},"alternateName":"Gossip and VIP News","potentialAction":[{"@type":"SearchAction","target":{"@type":"EntryPoint","urlTemplate":"https:\/\/www.gossip.it\/?s={search_term_string}"},"query-input":{"@type":"PropertyValueSpecification","valueRequired":true,"valueName":"search_term_string"}}],"inLanguage":"it-IT"},{"@type":"Organization","@id":"https:\/\/www.gossip.it\/#organization","name":"Gossip and VIP News","alternateName":"Gossip News","url":"https:\/\/www.gossip.it\/","logo":{"@type":"ImageObject","inLanguage":"it-IT","@id":"https:\/\/www.gossip.it\/#\/schema\/logo\/image\/","url":"https:\/\/www.gossip.it\/wp-content\/uploads\/2022\/04\/cropped-corna-alta-tiny.png","contentUrl":"https:\/\/www.gossip.it\/wp-content\/uploads\/2022\/04\/cropped-corna-alta-tiny.png","width":512,"height":512,"caption":"Gossip and VIP News"},"image":{"@id":"https:\/\/www.gossip.it\/#\/schema\/logo\/image\/"},"sameAs":["https:\/\/www.facebook.com\/GossipIT","https:\/\/x.com\/gossinews_it","https:\/\/instagram.com\/gossip_it"]},{"@type":"Person","@id":"https:\/\/www.gossip.it\/#\/schema\/person\/488896f75158bff1cc83c6c39d141110","name":"La Redazione","image":{"@type":"ImageObject","inLanguage":"it-IT","@id":"https:\/\/www.gossip.it\/#\/schema\/person\/image\/","url":"https:\/\/secure.gravatar.com\/avatar\/5a5f5c6fa3e6700e4249abdad0263a1e94e927d9e0499b1cb09c1cd29c044d80?s=96&d=mm&r=g","contentUrl":"https:\/\/secure.gravatar.com\/avatar\/5a5f5c6fa3e6700e4249abdad0263a1e94e927d9e0499b1cb09c1cd29c044d80?s=96&d=mm&r=g","caption":"La Redazione"},"sameAs":["https:\/\/www.gossip.it"]}]}},"amp_enabled":true,"_links":{"self":[{"href":"https:\/\/www.gossip.it\/api\/wp\/v2\/posts\/45842","targetHints":{"allow":["GET"]}}],"collection":[{"href":"https:\/\/www.gossip.it\/api\/wp\/v2\/posts"}],"about":[{"href":"https:\/\/www.gossip.it\/api\/wp\/v2\/types\/post"}],"author":[{"embeddable":true,"href":"https:\/\/www.gossip.it\/api\/wp\/v2\/users\/1"}],"replies":[{"embeddable":true,"href":"https:\/\/www.gossip.it\/api\/wp\/v2\/comments?post=45842"}],"version-history":[{"count":0,"href":"https:\/\/www.gossip.it\/api\/wp\/v2\/posts\/45842\/revisions"}],"wp:featuredmedia":[{"embeddable":true,"href":"https:\/\/www.gossip.it\/api\/wp\/v2\/media\/101888"}],"wp:attachment":[{"href":"https:\/\/www.gossip.it\/api\/wp\/v2\/media?parent=45842"}],"wp:term":[{"taxonomy":"category","embeddable":true,"href":"https:\/\/www.gossip.it\/api\/wp\/v2\/categories?post=45842"},{"taxonomy":"post_tag","embeddable":true,"href":"https:\/\/www.gossip.it\/api\/wp\/v2\/tags?post=45842"},{"taxonomy":"vip","embeddable":true,"href":"https:\/\/www.gossip.it\/api\/wp\/v2\/vip?post=45842"}],"curies":[{"name":"wp","href":"https:\/\/api.w.org\/{rel}","templated":true}]}}