{"id":45885,"date":"2014-03-25T00:00:00","date_gmt":"2014-03-24T23:00:00","guid":{"rendered":"https:\/\/www.gossip.it\/senza-categoria\/anna-falchi-con-alyssa-e-cambiato-tutto\/"},"modified":"2014-03-25T00:00:00","modified_gmt":"2014-03-24T23:00:00","slug":"anna-falchi-con-alyssa-e-cambiato-tutto","status":"publish","type":"post","link":"https:\/\/www.gossip.it\/news\/anna-falchi-con-alyssa-e-cambiato-tutto\/","title":{"rendered":"Anna Falchi, con Alyssa \u00e8 cambiato tutto"},"content":{"rendered":"<p>Splendida a 41 anni <a href=\"http:\/\/www.gossip.it\/news\/monografia.php?keyword=Anna Falchi\">Anna Falchi<\/a> \u00e8 un'innamorata della vita e soprattutto di sua figlia, <b>Alyssa<\/b>, 3 anni e cinque mesi, avuta da <a href=\"http:\/\/www.gossip.it\/news\/monografia.php?keyword=Denny Montesi\">Denny Montesi<\/a>. <em>\"<b>Siamo affiatate e alleate in tutto<\/b><\/em> - racconta l'<a href=\"http:\/\/www.gossip.it\/news\/monografia.php?keyword=attrice\">attrice<\/a> e produttrice a <em>Gente<\/em> - <em>Come io lo sono stata con mia madre. Quando cresci in una famiglia mono-genitoriale ti leghi a doppio nodo con chi senti che per te sta facendo tutto. Con chi ha dolcezza e comprensione, ma pure polso e fermezza. perch\u00e9 una donna che cresce un figlio da sola \u00e8 come se si doppiasse, riuscendo anche a essere la parte maschile\"<\/em>.<br \/>\nAnna lo fa <em>'con generosit\u00e0'<\/em>, mettendo la piccola sopra ogni cosa.<\/p>\n<p>Alyssa \u00e8 molto legata al pap\u00e0: <b><em>\"Quando da San Marino viene a Roma a trovarla, lei \u00e8 felice: insieme giocano e lui \u00e8 affettuoso\"<\/em><\/b>. La Falchi, per\u00f2, la quotidianit\u00e0 la gestisce tutta sola: <em>\"Vivo sempre nell'angoscia che succeda qualcosa. Posso contare solo su me stessa quindi ogni minima preoccupazione si amplifica. Ma poi la guardo, la prendo in braccio e mi sento cos\u00ec piena, completa, che ogni timore svanisce\"<\/em>.<br \/>\n<a href=\"http:\/\/www.gossip.it\/news\/monografia.php?keyword=Andrea Ruggieri\">Andrea Ruggieri<\/a>, nipote di <a href=\"http:\/\/www.gossip.it\/news\/monografia.php?keyword=Bruno Vespa\">Bruno Vespa<\/a>, \u00e8 sempre al suo fianco. <em>\"<b>E' il compagno pi\u00f9 intellettuale che io abbia mai avuto<\/b><\/em> - spiega Anna - <em>Nasce avvocato, poi diventa giornalista politico e autore\"<\/em>. Non convivono: <b><em>\"Sono allergica alla convivenza, lo ammetto. Avere case separate \u00e8 l'unico modo per mantenere viva la passione. Adoro essere corteggiata, cercata. Il segreto in una coppia \u00e8 preservarsi. Senza fretta di bruciare tutto subito e avendo sempre voglia di parlarsi\"<\/em><\/b>.<\/p>\n<p>Con Andrea esiste tutto ci\u00f2. <em>\"In ogni uomo ho sempre cercato spunti per crescere\"<\/em>, sottolinea la Falchi. Ognuno degli ex le ha insegnato qualcosa: <a href=\"http:\/\/www.gossip.it\/news\/monografia.php?keyword=Fiorello\">Fiorello<\/a> la battuta pronta; <a href=\"http:\/\/www.gossip.it\/news\/monografia.php?keyword=Biaggi\">Biaggi<\/a> il coraggio di andare avanti, la disciplina e la determinazione; <a href=\"http:\/\/www.gossip.it\/news\/monografia.php?keyword=Ricucci\">Ricucci<\/a> <em>'la condivisione nei momenti belli e in quelli difficili'<\/em>; <a href=\"http:\/\/www.gossip.it\/news\/monografia.php?keyword=Denny Montesi\">Denny Montesi<\/a>, l'unico con cui ha desiderato un figlio.<br \/>\nAnna \u00e8 felice, nel futuro della figlia, per\u00f2, non vorrebbe i riflettori, vorrebbe <em>'che coltivasse passioni sane'<\/em>: <b><em>\"Il mondo dello spettacolo \u00e8 insidioso e ora sembra avermi allontanato. Prima c'era pi\u00f9 meritocrazia. Dopo che diventi mamma pensano che tu abbia altro a cui pensare, invece mi piacerebbe tornare\"<\/em><\/b>. Ora \u00e8 alla conduzione di uno show calcistico per una tv privata, per\u00f2 \u00e8 a quella nazionale che va il suo pensiero.<\/p>\n","protected":false},"excerpt":{"rendered":"<p>Splendida a 41 anni Anna Falchi \u00e8 un'innamorata della vita e soprattutto di sua figlia, Alyssa, 3 anni e cinque mesi, avuta da Denny Montesi. \"Siamo affiatate e alleate in tutto - racconta l'attrice e produttrice a Gente - Come io lo sono stata con mia madre. Quando cresci in una famiglia mono-genitoriale ti leghi [&hellip;]<\/p>\n","protected":false},"author":1,"featured_media":101931,"comment_status":"closed","ping_status":"closed","sticky":false,"template":"","format":"standard","meta":{"footnotes":""},"categories":[54],"tags":[6229,33519,1983,1992,2102],"vip":[330,589],"class_list":["post-45885","post","type-post","status-publish","format-standard","has-post-thumbnail","hentry","category-news","tag-alyssa","tag-andrea-ruggieri","tag-attrice","tag-conduttrice","tag-dichiarazioni","vip-anna_falchi","vip-denny_montesi"],"yoast_head":"<title>Anna Falchi, con Alyssa \u00e8 cambiato tutto - Gossip.it | News sul Gossip e VIP<\/title>\n<meta name=\"description\" content=\"Splendida a 41 anni Anna Falchi \u00e8 un&#039;innamorata della vita e soprattutto di sua figlia, Alyssa, 3 anni e cinque mesi, avuta da Denny Montesi. &quot;Siamo\" \/>\n<meta name=\"robots\" content=\"index, follow, max-snippet:-1, max-image-preview:large, max-video-preview:-1\" \/>\n<link rel=\"canonical\" href=\"https:\/\/www.gossip.it\/news\/anna-falchi-con-alyssa-e-cambiato-tutto\/\" \/>\n<meta property=\"og:locale\" content=\"it_IT\" \/>\n<meta property=\"og:type\" content=\"article\" \/>\n<meta property=\"og:title\" content=\"Anna Falchi, con Alyssa \u00e8 cambiato tutto - Gossip.it | News sul Gossip e VIP\" \/>\n<meta property=\"og:description\" content=\"Splendida a 41 anni Anna Falchi \u00e8 un&#039;innamorata della vita e soprattutto di sua figlia, Alyssa, 3 anni e cinque mesi, avuta da Denny Montesi. &quot;Siamo\" \/>\n<meta property=\"og:url\" content=\"https:\/\/www.gossip.it\/news\/anna-falchi-con-alyssa-e-cambiato-tutto\/\" \/>\n<meta property=\"og:site_name\" content=\"Gossip.it | News sul Gossip e VIP\" \/>\n<meta property=\"article:publisher\" content=\"https:\/\/www.facebook.com\/GossipIT\" \/>\n<meta property=\"article:published_time\" content=\"2014-03-24T23:00:00+00:00\" \/>\n<meta property=\"og:image\" content=\"http:\/\/www.gossip.it\/images5\/1395749097_.jpg\" \/>\n<meta name=\"author\" content=\"La Redazione\" \/>\n<meta name=\"twitter:card\" content=\"summary_large_image\" \/>\n<meta name=\"twitter:image\" content=\"http:\/\/www.gossip.it\/images5\/1395749097_.jpg\" \/>\n<meta name=\"twitter:creator\" content=\"@gossinews_it\" \/>\n<meta name=\"twitter:site\" content=\"@gossinews_it\" \/>\n<meta name=\"twitter:label1\" content=\"Scritto da\" \/>\n\t<meta name=\"twitter:data1\" content=\"Annamaria Capozzi\" \/>\n\t<meta name=\"twitter:label2\" content=\"Tempo di lettura stimato\" \/>\n\t<meta name=\"twitter:data2\" content=\"2 minuti\" \/>","yoast_head_json":{"title":"Anna Falchi, con Alyssa \u00e8 cambiato tutto - Gossip.it | News sul Gossip e VIP","description":"Splendida a 41 anni Anna Falchi \u00e8 un'innamorata della vita e soprattutto di sua figlia, Alyssa, 3 anni e cinque mesi, avuta da Denny Montesi. \"Siamo","robots":{"index":"index","follow":"follow","max-snippet":"max-snippet:-1","max-image-preview":"max-image-preview:large","max-video-preview":"max-video-preview:-1"},"canonical":"https:\/\/www.gossip.it\/news\/anna-falchi-con-alyssa-e-cambiato-tutto\/","og_locale":"it_IT","og_type":"article","og_title":"Anna Falchi, con Alyssa \u00e8 cambiato tutto - Gossip.it | News sul Gossip e VIP","og_description":"Splendida a 41 anni Anna Falchi \u00e8 un'innamorata della vita e soprattutto di sua figlia, Alyssa, 3 anni e cinque mesi, avuta da Denny Montesi. \"Siamo","og_url":"https:\/\/www.gossip.it\/news\/anna-falchi-con-alyssa-e-cambiato-tutto\/","og_site_name":"Gossip.it | News sul Gossip e VIP","article_publisher":"https:\/\/www.facebook.com\/GossipIT","article_published_time":"2014-03-24T23:00:00+00:00","og_image":[{"url":"http:\/\/www.gossip.it\/images5\/1395749097_.jpg"}],"author":"La Redazione","twitter_card":"summary_large_image","twitter_image":"http:\/\/www.gossip.it\/images5\/1395749097_.jpg","twitter_creator":"@gossinews_it","twitter_site":"@gossinews_it","twitter_misc":{"Scritto da":"Annamaria Capozzi","Tempo di lettura stimato":"2 minuti"},"schema":{"@context":"https:\/\/schema.org","@graph":[{"@type":"Article","@id":"https:\/\/www.gossip.it\/news\/anna-falchi-con-alyssa-e-cambiato-tutto\/#article","isPartOf":{"@id":"https:\/\/www.gossip.it\/news\/anna-falchi-con-alyssa-e-cambiato-tutto\/"},"author":{"name":"La Redazione","@id":"https:\/\/www.gossip.it\/#\/schema\/person\/488896f75158bff1cc83c6c39d141110"},"headline":"Anna Falchi, con Alyssa \u00e8 cambiato tutto","datePublished":"2014-03-24T23:00:00+00:00","dateModified":"2014-03-24T23:00:00+00:00","mainEntityOfPage":{"@id":"https:\/\/www.gossip.it\/news\/anna-falchi-con-alyssa-e-cambiato-tutto\/"},"wordCount":380,"publisher":{"@id":"https:\/\/www.gossip.it\/#organization"},"image":{"@id":"https:\/\/www.gossip.it\/news\/anna-falchi-con-alyssa-e-cambiato-tutto\/#primaryimage"},"thumbnailUrl":"http:\/\/www.gossip.it\/images5\/1395749097_.jpg","keywords":["alyssa","andrea ruggieri","attrice","conduttrice","dichiarazioni"],"articleSection":["News"],"inLanguage":"it-IT"},{"@type":"WebPage","@id":"https:\/\/www.gossip.it\/news\/anna-falchi-con-alyssa-e-cambiato-tutto\/","url":"https:\/\/www.gossip.it\/news\/anna-falchi-con-alyssa-e-cambiato-tutto\/","name":"Anna Falchi, con Alyssa \u00e8 cambiato tutto - Gossip.it | News sul Gossip e VIP","isPartOf":{"@id":"https:\/\/www.gossip.it\/#website"},"primaryImageOfPage":{"@id":"https:\/\/www.gossip.it\/news\/anna-falchi-con-alyssa-e-cambiato-tutto\/#primaryimage"},"image":{"@id":"https:\/\/www.gossip.it\/news\/anna-falchi-con-alyssa-e-cambiato-tutto\/#primaryimage"},"thumbnailUrl":"http:\/\/www.gossip.it\/images5\/1395749097_.jpg","datePublished":"2014-03-24T23:00:00+00:00","dateModified":"2014-03-24T23:00:00+00:00","description":"Splendida a 41 anni Anna Falchi \u00e8 un'innamorata della vita e soprattutto di sua figlia, Alyssa, 3 anni e cinque mesi, avuta da Denny Montesi. \"Siamo","breadcrumb":{"@id":"https:\/\/www.gossip.it\/news\/anna-falchi-con-alyssa-e-cambiato-tutto\/#breadcrumb"},"inLanguage":"it-IT","potentialAction":[{"@type":"ReadAction","target":["https:\/\/www.gossip.it\/news\/anna-falchi-con-alyssa-e-cambiato-tutto\/"]}]},{"@type":"ImageObject","inLanguage":"it-IT","@id":"https:\/\/www.gossip.it\/news\/anna-falchi-con-alyssa-e-cambiato-tutto\/#primaryimage","url":"http:\/\/www.gossip.it\/images5\/1395749097_.jpg","contentUrl":"http:\/\/www.gossip.it\/images5\/1395749097_.jpg"},{"@type":"BreadcrumbList","@id":"https:\/\/www.gossip.it\/news\/anna-falchi-con-alyssa-e-cambiato-tutto\/#breadcrumb","itemListElement":[{"@type":"ListItem","position":1,"name":"Home","item":"https:\/\/www.gossip.it\/"},{"@type":"ListItem","position":2,"name":"Anna Falchi, con Alyssa \u00e8 cambiato tutto"}]},{"@type":"WebSite","@id":"https:\/\/www.gossip.it\/#website","url":"https:\/\/www.gossip.it\/","name":"Gossip and VIP News","description":"Quotidiano di cronaca rosa, costume e societ\u00e0","publisher":{"@id":"https:\/\/www.gossip.it\/#organization"},"alternateName":"Gossip and VIP News","potentialAction":[{"@type":"SearchAction","target":{"@type":"EntryPoint","urlTemplate":"https:\/\/www.gossip.it\/?s={search_term_string}"},"query-input":{"@type":"PropertyValueSpecification","valueRequired":true,"valueName":"search_term_string"}}],"inLanguage":"it-IT"},{"@type":"Organization","@id":"https:\/\/www.gossip.it\/#organization","name":"Gossip and VIP News","alternateName":"Gossip News","url":"https:\/\/www.gossip.it\/","logo":{"@type":"ImageObject","inLanguage":"it-IT","@id":"https:\/\/www.gossip.it\/#\/schema\/logo\/image\/","url":"https:\/\/www.gossip.it\/wp-content\/uploads\/2022\/04\/cropped-corna-alta-tiny.png","contentUrl":"https:\/\/www.gossip.it\/wp-content\/uploads\/2022\/04\/cropped-corna-alta-tiny.png","width":512,"height":512,"caption":"Gossip and VIP News"},"image":{"@id":"https:\/\/www.gossip.it\/#\/schema\/logo\/image\/"},"sameAs":["https:\/\/www.facebook.com\/GossipIT","https:\/\/x.com\/gossinews_it","https:\/\/instagram.com\/gossip_it"]},{"@type":"Person","@id":"https:\/\/www.gossip.it\/#\/schema\/person\/488896f75158bff1cc83c6c39d141110","name":"La Redazione","image":{"@type":"ImageObject","inLanguage":"it-IT","@id":"https:\/\/www.gossip.it\/#\/schema\/person\/image\/","url":"https:\/\/secure.gravatar.com\/avatar\/5a5f5c6fa3e6700e4249abdad0263a1e94e927d9e0499b1cb09c1cd29c044d80?s=96&d=mm&r=g","contentUrl":"https:\/\/secure.gravatar.com\/avatar\/5a5f5c6fa3e6700e4249abdad0263a1e94e927d9e0499b1cb09c1cd29c044d80?s=96&d=mm&r=g","caption":"La Redazione"},"sameAs":["https:\/\/www.gossip.it"]}]}},"amp_enabled":true,"_links":{"self":[{"href":"https:\/\/www.gossip.it\/api\/wp\/v2\/posts\/45885","targetHints":{"allow":["GET"]}}],"collection":[{"href":"https:\/\/www.gossip.it\/api\/wp\/v2\/posts"}],"about":[{"href":"https:\/\/www.gossip.it\/api\/wp\/v2\/types\/post"}],"author":[{"embeddable":true,"href":"https:\/\/www.gossip.it\/api\/wp\/v2\/users\/1"}],"replies":[{"embeddable":true,"href":"https:\/\/www.gossip.it\/api\/wp\/v2\/comments?post=45885"}],"version-history":[{"count":0,"href":"https:\/\/www.gossip.it\/api\/wp\/v2\/posts\/45885\/revisions"}],"wp:featuredmedia":[{"embeddable":true,"href":"https:\/\/www.gossip.it\/api\/wp\/v2\/media\/101931"}],"wp:attachment":[{"href":"https:\/\/www.gossip.it\/api\/wp\/v2\/media?parent=45885"}],"wp:term":[{"taxonomy":"category","embeddable":true,"href":"https:\/\/www.gossip.it\/api\/wp\/v2\/categories?post=45885"},{"taxonomy":"post_tag","embeddable":true,"href":"https:\/\/www.gossip.it\/api\/wp\/v2\/tags?post=45885"},{"taxonomy":"vip","embeddable":true,"href":"https:\/\/www.gossip.it\/api\/wp\/v2\/vip?post=45885"}],"curies":[{"name":"wp","href":"https:\/\/api.w.org\/{rel}","templated":true}]}}