{"id":46065,"date":"2014-04-01T00:00:00","date_gmt":"2014-03-31T22:00:00","guid":{"rendered":"https:\/\/www.gossip.it\/senza-categoria\/gaspare-senza-zuzzurro-sono-solo-nino-formicola\/"},"modified":"2014-04-01T00:00:00","modified_gmt":"2014-03-31T22:00:00","slug":"gaspare-senza-zuzzurro-sono-solo-nino-formicola","status":"publish","type":"post","link":"https:\/\/www.gossip.it\/news\/gaspare-senza-zuzzurro-sono-solo-nino-formicola\/","title":{"rendered":"Gaspare: \u2018Senza Zuzzurro sono solo Nino Formicola\u2019"},"content":{"rendered":"<p><a href=\"http:\/\/www.gossip.it\/news\/monografia.php?keyword=Gaspare\">Gaspare<\/a>, senza <a href=\"http:\/\/www.gossip.it\/news\/monografia.php?keyword=Zuzzurro\">Zuzzurro<\/a>, non esiste pi\u00f9. \u00a0<em>\u201cMi sento un debuttante di sessant'anni. Con la morte di Zuzzurro se n'\u00e8 andato anche Gaspare. Ora sono <\/em><a href=\"http:\/\/www.gossip.it\/news\/monografia.php?keyword=Nino Formicola\">Nino Formicola<\/a><em> e mi rimetto in gioco. Cosa ne sapete se da solo sono bravo?\u201d<\/em>, ha confessato il comico a <em>Vanity Fair<\/em>.<br \/>E\u2019 ancora addolorato per la morte dell\u2019amico ed ex cognato <a href=\"http:\/\/www.gossip.it\/news\/monografia.php?keyword=Andrea Brambilla\">Andrea Brambilla<\/a>, con cui si \u00e8 esibito in coppia per quarant\u2019anni, scomparso lo scorso ottobre. Nino, per\u00f2, cerca di andare avanti e si rimette in gioco: <em>\u201cNon ho fretta, tanto dentro di me ci sono due trentenni. Non dico certo che sia facile. Ero un colonnello e mi sono ritrovato all'improvviso retrocesso a caporale\u201d<\/em>.\u00a0<br \/>Formicola ha energia da vendere: <em>\u201cArrabbiato. Mi sento come i giovani di Steve Jobs: affamato, folle. Ed \u00e8 questo che mi spinge ad andare avanti, con energia. Sono arrabbiato con la vita che mi ha costretto a ricominciare quando meno me l'aspettavo. Ma questa rabbia l'ho trasformata in energia positiva, costruttiva. Si ricomincia e si ritorna ai gradi di colonnello. <strong>Deprimersi non serve a niente, se non a farsi ulteriormente del male. Io sono sempre stato ottimista, ho sempre pensato: se ho un momento di sfortuna, passer\u00e0<\/strong>. E infatti si sono aperte, con mia grande sorpresa, tante nuove porte\u2026\u201d<\/em>.<\/p>\n<figure class=\"caption\"><img decoding=\"async\" alt=\"\" width=\"620\" height=\"472\" src=\"http:\/\/files.gossip.it\/immagini_news\/2014\/04\/1396354961_1nino.jpg\" \/><figcaption>Mai pi\u00f9 Gaspare, ora, senza Zuzzurro, \u00a0solo Nino Formicola: il gel sui capelli non c'\u00e8 pi\u00f9<\/figcaption><\/figure>\n<p><em>\u201c<\/em><a href=\"http:\/\/www.gossip.it\/news\/monografia.php?keyword=Antonio Ricci\">Antonio Ricci<\/a><em> mi ha chiesto di partecipare al suo programma <\/em><a href=\"http:\/\/www.gossip.it\/news\/monografia.php?keyword=tv\">tv<\/a><em>\u00a0<strong>Giass<\/strong> per presentare un nuovo personaggio, il cieco<\/em> \u2013 ha continuato Nino - <em>Un compito non facile: dovevo creare qualcosa di nuovo, che non assomigliasse a quello che faceva Gaspare ma che avesse anche un mio marchio umoristico. Quindi ho pensato a questo personaggio del cieco, non del \"non vedente\", proprio del cieco, arrabbiato con la modernit\u00e0, perch\u00e9 secondo me le nuove tecnologie non aiutano certo le persone che non ci vedono\u2026<\/em> (\u2026) <em>A <\/em><a href=\"http:\/\/www.gossip.it\/news\/monografia.php?keyword=teatro\">teatro<\/a><em> ho terminato la prima parte della tourn\u00e9e <strong>Tutto Shakespeare in 90 minuti<\/strong>, lo spettacolo che avevo preparato con Zuzzurro. Al suo posto \u00e8 entrato <\/em><a href=\"http:\/\/www.gossip.it\/news\/monografia.php?keyword=Alessandro Benvenuti\">Alessandro Benvenuti<\/a><em>. Ed \u00e8 andata talmente bene che a maggio faremo altre 15 repliche e poi lo riporteremo in scena a ottobre, ripartendo dal teatro Leonardo di Milano, in concomitanza con il primo anniversario della scomparsa di Andrea. Il prossimo anno lavorer\u00f2 anche in un'altra commedia, Forbici e Follie, assieme ad altri comici. Sar\u00e0 una sorta di improvvisata con il pubblico. Inoltre tengo un corso alla scuola di teatro Quelli di Grock, dove per\u00f2 non insegno come si fa a fare il comico, ma come si fa il mestiere del comico.<\/em> (\u2026). <em>Infine sto scrivendo, perch\u00e9 me l'hanno chiesta, una biografia di Andrea, dei nostri anni di lavoro insieme. Un'esperienza molto dolorosa, perch\u00e9 ti costringe a rammentarti di cose a cui altrimenti non avresti pensato pi\u00f9. Cose buone, altre meno, ma <strong>mi sono accorto che in quarant'anni non abbiamo mai litigato<\/strong>\u201d<\/em>.<\/p>\n<p>Andrea \u00e8 il suo <em>\u2018buco nero\u2019<\/em>: <em>\u201cChe dire? <strong>Mi manca tutto<\/strong>. Mi ricordo per\u00f2 di quando l'ho visto emozionarsi, o per lo meno\u2026 l'ha lasciato trapelare: \u00e8 successo quando siamo stati richiamati a partecipare alla trasmissione Zelig, dopo anni che non apparivamo pi\u00f9 in TV. \u00a0Durante la prima puntata, appena Claudio Bisio ci ha annunciato, il pubblico ha incominciato ad applaudire senza smettere, per alcuni minuti. E noi l\u00ec, fermi, senza riuscire a parlare. Abbiamo provato entrambi uno stupore e un'emozione indicibili: un momento in cui ti scorre davanti la vita, perch\u00e9 ti dici: \u201calla fine allora avevamo ragione noi\u201c. Con un'ovazione simile, vuol dire che non solo il pubblico non ti ha dimenticato, ma che gli sei anche mancato\u201d<\/em>. Presentarsi con il suo nome \u00e8 essere <strong><em>\u201cquello che sono\u201d<\/em><\/strong>: <em>\u201cCapita, quando mi chiedono l' autografo, che mi dicano: \"Puoi scrivere Gaspare?\" E io rispondo di no, perch\u00e9 Gaspare non c'\u00e8 pi\u00f9. Rimane l\u00ec, in un angolo, con Zuzzurro. <strong>Non mi metter\u00f2 mai pi\u00f9 il gel sui capelli<\/strong>\u201d<\/em>.<\/p>\n<p>\u00a0<\/p>\n","protected":false},"excerpt":{"rendered":"<p>Gaspare, senza Zuzzurro, non esiste pi\u00f9. \u00a0\u201cMi sento un debuttante di sessant'anni. Con la morte di Zuzzurro se n'\u00e8 andato anche Gaspare. Ora sono Nino Formicola e mi rimetto in gioco. Cosa ne sapete se da solo sono bravo?\u201d, ha confessato il comico a Vanity Fair.E\u2019 ancora addolorato per la morte dell\u2019amico ed ex cognato [&hellip;]<\/p>\n","protected":false},"author":1,"featured_media":102111,"comment_status":"closed","ping_status":"closed","sticky":false,"template":"","format":"standard","meta":{"footnotes":""},"categories":[54],"tags":[45680,2956,2102,32256,26021,2957,11471,2438,2097],"vip":[],"class_list":["post-46065","post","type-post","status-publish","format-standard","has-post-thumbnail","hentry","category-news","tag-andrea-brambilla","tag-comico","tag-dichiarazioni","tag-gaspare","tag-gaspare-e-zuzzurro","tag-libro","tag-nino-formicola","tag-teatro","tag-tv"],"yoast_head":"<title>Gaspare: \u2018Senza Zuzzurro sono solo Nino Formicola\u2019 - Gossip.it | News sul Gossip e VIP<\/title>\n<meta name=\"description\" content=\"Gaspare, senza Zuzzurro, non esiste pi\u00f9. \u00a0\u201cMi sento un debuttante di sessant&#039;anni. Con la morte di Zuzzurro se n&#039;\u00e8 andato anche Gaspare. Ora sono Nino\" \/>\n<meta name=\"robots\" content=\"index, follow, max-snippet:-1, max-image-preview:large, max-video-preview:-1\" \/>\n<link rel=\"canonical\" href=\"https:\/\/www.gossip.it\/news\/gaspare-senza-zuzzurro-sono-solo-nino-formicola\/\" \/>\n<meta property=\"og:locale\" content=\"it_IT\" \/>\n<meta property=\"og:type\" content=\"article\" \/>\n<meta property=\"og:title\" content=\"Gaspare: \u2018Senza Zuzzurro sono solo Nino Formicola\u2019 - Gossip.it | News sul Gossip e VIP\" \/>\n<meta property=\"og:description\" content=\"Gaspare, senza Zuzzurro, non esiste pi\u00f9. \u00a0\u201cMi sento un debuttante di sessant&#039;anni. Con la morte di Zuzzurro se n&#039;\u00e8 andato anche Gaspare. Ora sono Nino\" \/>\n<meta property=\"og:url\" content=\"https:\/\/www.gossip.it\/news\/gaspare-senza-zuzzurro-sono-solo-nino-formicola\/\" \/>\n<meta property=\"og:site_name\" content=\"Gossip.it | News sul Gossip e VIP\" \/>\n<meta property=\"article:publisher\" content=\"https:\/\/www.facebook.com\/GossipIT\" \/>\n<meta property=\"article:published_time\" content=\"2014-03-31T22:00:00+00:00\" \/>\n<meta property=\"og:image\" content=\"http:\/\/files.gossip.it\/immagini_news\/2014\/04\/1396354961_1nino.jpg\" \/>\n<meta name=\"author\" content=\"La Redazione\" \/>\n<meta name=\"twitter:card\" content=\"summary_large_image\" \/>\n<meta name=\"twitter:image\" content=\"http:\/\/files.gossip.it\/immagini_news\/2014\/04\/1396354961_1nino.jpg\" \/>\n<meta name=\"twitter:creator\" content=\"@gossinews_it\" \/>\n<meta name=\"twitter:site\" content=\"@gossinews_it\" \/>\n<meta name=\"twitter:label1\" content=\"Scritto da\" \/>\n\t<meta name=\"twitter:data1\" content=\"Annamaria Capozzi\" \/>\n\t<meta name=\"twitter:label2\" content=\"Tempo di lettura stimato\" \/>\n\t<meta name=\"twitter:data2\" content=\"3 minuti\" \/>","yoast_head_json":{"title":"Gaspare: \u2018Senza Zuzzurro sono solo Nino Formicola\u2019 - Gossip.it | News sul Gossip e VIP","description":"Gaspare, senza Zuzzurro, non esiste pi\u00f9. \u00a0\u201cMi sento un debuttante di sessant'anni. Con la morte di Zuzzurro se n'\u00e8 andato anche Gaspare. Ora sono Nino","robots":{"index":"index","follow":"follow","max-snippet":"max-snippet:-1","max-image-preview":"max-image-preview:large","max-video-preview":"max-video-preview:-1"},"canonical":"https:\/\/www.gossip.it\/news\/gaspare-senza-zuzzurro-sono-solo-nino-formicola\/","og_locale":"it_IT","og_type":"article","og_title":"Gaspare: \u2018Senza Zuzzurro sono solo Nino Formicola\u2019 - Gossip.it | News sul Gossip e VIP","og_description":"Gaspare, senza Zuzzurro, non esiste pi\u00f9. \u00a0\u201cMi sento un debuttante di sessant'anni. Con la morte di Zuzzurro se n'\u00e8 andato anche Gaspare. Ora sono Nino","og_url":"https:\/\/www.gossip.it\/news\/gaspare-senza-zuzzurro-sono-solo-nino-formicola\/","og_site_name":"Gossip.it | News sul Gossip e VIP","article_publisher":"https:\/\/www.facebook.com\/GossipIT","article_published_time":"2014-03-31T22:00:00+00:00","og_image":[{"url":"http:\/\/files.gossip.it\/immagini_news\/2014\/04\/1396354961_1nino.jpg"}],"author":"La Redazione","twitter_card":"summary_large_image","twitter_image":"http:\/\/files.gossip.it\/immagini_news\/2014\/04\/1396354961_1nino.jpg","twitter_creator":"@gossinews_it","twitter_site":"@gossinews_it","twitter_misc":{"Scritto da":"Annamaria Capozzi","Tempo di lettura stimato":"3 minuti"},"schema":{"@context":"https:\/\/schema.org","@graph":[{"@type":"Article","@id":"https:\/\/www.gossip.it\/news\/gaspare-senza-zuzzurro-sono-solo-nino-formicola\/#article","isPartOf":{"@id":"https:\/\/www.gossip.it\/news\/gaspare-senza-zuzzurro-sono-solo-nino-formicola\/"},"author":{"name":"La Redazione","@id":"https:\/\/www.gossip.it\/#\/schema\/person\/488896f75158bff1cc83c6c39d141110"},"headline":"Gaspare: \u2018Senza Zuzzurro sono solo Nino Formicola\u2019","datePublished":"2014-03-31T22:00:00+00:00","dateModified":"2014-03-31T22:00:00+00:00","mainEntityOfPage":{"@id":"https:\/\/www.gossip.it\/news\/gaspare-senza-zuzzurro-sono-solo-nino-formicola\/"},"wordCount":654,"publisher":{"@id":"https:\/\/www.gossip.it\/#organization"},"image":{"@id":"https:\/\/www.gossip.it\/news\/gaspare-senza-zuzzurro-sono-solo-nino-formicola\/#primaryimage"},"thumbnailUrl":"http:\/\/files.gossip.it\/immagini_news\/2014\/04\/1396354961_1nino.jpg","keywords":["andrea brambilla","comico","dichiarazioni","gaspare","gaspare e zuzzurro","libro","Nino Formicola","teatro","tv"],"articleSection":["News"],"inLanguage":"it-IT"},{"@type":"WebPage","@id":"https:\/\/www.gossip.it\/news\/gaspare-senza-zuzzurro-sono-solo-nino-formicola\/","url":"https:\/\/www.gossip.it\/news\/gaspare-senza-zuzzurro-sono-solo-nino-formicola\/","name":"Gaspare: \u2018Senza Zuzzurro sono solo Nino Formicola\u2019 - Gossip.it | News sul Gossip e VIP","isPartOf":{"@id":"https:\/\/www.gossip.it\/#website"},"primaryImageOfPage":{"@id":"https:\/\/www.gossip.it\/news\/gaspare-senza-zuzzurro-sono-solo-nino-formicola\/#primaryimage"},"image":{"@id":"https:\/\/www.gossip.it\/news\/gaspare-senza-zuzzurro-sono-solo-nino-formicola\/#primaryimage"},"thumbnailUrl":"http:\/\/files.gossip.it\/immagini_news\/2014\/04\/1396354961_1nino.jpg","datePublished":"2014-03-31T22:00:00+00:00","dateModified":"2014-03-31T22:00:00+00:00","description":"Gaspare, senza Zuzzurro, non esiste pi\u00f9. \u00a0\u201cMi sento un debuttante di sessant'anni. Con la morte di Zuzzurro se n'\u00e8 andato anche Gaspare. Ora sono Nino","breadcrumb":{"@id":"https:\/\/www.gossip.it\/news\/gaspare-senza-zuzzurro-sono-solo-nino-formicola\/#breadcrumb"},"inLanguage":"it-IT","potentialAction":[{"@type":"ReadAction","target":["https:\/\/www.gossip.it\/news\/gaspare-senza-zuzzurro-sono-solo-nino-formicola\/"]}]},{"@type":"ImageObject","inLanguage":"it-IT","@id":"https:\/\/www.gossip.it\/news\/gaspare-senza-zuzzurro-sono-solo-nino-formicola\/#primaryimage","url":"http:\/\/files.gossip.it\/immagini_news\/2014\/04\/1396354961_1nino.jpg","contentUrl":"http:\/\/files.gossip.it\/immagini_news\/2014\/04\/1396354961_1nino.jpg"},{"@type":"BreadcrumbList","@id":"https:\/\/www.gossip.it\/news\/gaspare-senza-zuzzurro-sono-solo-nino-formicola\/#breadcrumb","itemListElement":[{"@type":"ListItem","position":1,"name":"Home","item":"https:\/\/www.gossip.it\/"},{"@type":"ListItem","position":2,"name":"Gaspare: \u2018Senza Zuzzurro sono solo Nino Formicola\u2019"}]},{"@type":"WebSite","@id":"https:\/\/www.gossip.it\/#website","url":"https:\/\/www.gossip.it\/","name":"Gossip and VIP News","description":"Quotidiano di cronaca rosa, costume e societ\u00e0","publisher":{"@id":"https:\/\/www.gossip.it\/#organization"},"alternateName":"Gossip and VIP News","potentialAction":[{"@type":"SearchAction","target":{"@type":"EntryPoint","urlTemplate":"https:\/\/www.gossip.it\/?s={search_term_string}"},"query-input":{"@type":"PropertyValueSpecification","valueRequired":true,"valueName":"search_term_string"}}],"inLanguage":"it-IT"},{"@type":"Organization","@id":"https:\/\/www.gossip.it\/#organization","name":"Gossip and VIP News","alternateName":"Gossip News","url":"https:\/\/www.gossip.it\/","logo":{"@type":"ImageObject","inLanguage":"it-IT","@id":"https:\/\/www.gossip.it\/#\/schema\/logo\/image\/","url":"https:\/\/www.gossip.it\/wp-content\/uploads\/2022\/04\/cropped-corna-alta-tiny.png","contentUrl":"https:\/\/www.gossip.it\/wp-content\/uploads\/2022\/04\/cropped-corna-alta-tiny.png","width":512,"height":512,"caption":"Gossip and VIP News"},"image":{"@id":"https:\/\/www.gossip.it\/#\/schema\/logo\/image\/"},"sameAs":["https:\/\/www.facebook.com\/GossipIT","https:\/\/x.com\/gossinews_it","https:\/\/instagram.com\/gossip_it"]},{"@type":"Person","@id":"https:\/\/www.gossip.it\/#\/schema\/person\/488896f75158bff1cc83c6c39d141110","name":"La Redazione","image":{"@type":"ImageObject","inLanguage":"it-IT","@id":"https:\/\/www.gossip.it\/#\/schema\/person\/image\/","url":"https:\/\/secure.gravatar.com\/avatar\/5a5f5c6fa3e6700e4249abdad0263a1e94e927d9e0499b1cb09c1cd29c044d80?s=96&d=mm&r=g","contentUrl":"https:\/\/secure.gravatar.com\/avatar\/5a5f5c6fa3e6700e4249abdad0263a1e94e927d9e0499b1cb09c1cd29c044d80?s=96&d=mm&r=g","caption":"La Redazione"},"sameAs":["https:\/\/www.gossip.it"]}]}},"amp_enabled":true,"_links":{"self":[{"href":"https:\/\/www.gossip.it\/api\/wp\/v2\/posts\/46065","targetHints":{"allow":["GET"]}}],"collection":[{"href":"https:\/\/www.gossip.it\/api\/wp\/v2\/posts"}],"about":[{"href":"https:\/\/www.gossip.it\/api\/wp\/v2\/types\/post"}],"author":[{"embeddable":true,"href":"https:\/\/www.gossip.it\/api\/wp\/v2\/users\/1"}],"replies":[{"embeddable":true,"href":"https:\/\/www.gossip.it\/api\/wp\/v2\/comments?post=46065"}],"version-history":[{"count":0,"href":"https:\/\/www.gossip.it\/api\/wp\/v2\/posts\/46065\/revisions"}],"wp:featuredmedia":[{"embeddable":true,"href":"https:\/\/www.gossip.it\/api\/wp\/v2\/media\/102111"}],"wp:attachment":[{"href":"https:\/\/www.gossip.it\/api\/wp\/v2\/media?parent=46065"}],"wp:term":[{"taxonomy":"category","embeddable":true,"href":"https:\/\/www.gossip.it\/api\/wp\/v2\/categories?post=46065"},{"taxonomy":"post_tag","embeddable":true,"href":"https:\/\/www.gossip.it\/api\/wp\/v2\/tags?post=46065"},{"taxonomy":"vip","embeddable":true,"href":"https:\/\/www.gossip.it\/api\/wp\/v2\/vip?post=46065"}],"curies":[{"name":"wp","href":"https:\/\/api.w.org\/{rel}","templated":true}]}}