{"id":46240,"date":"2014-04-08T00:00:00","date_gmt":"2014-04-07T22:00:00","guid":{"rendered":"https:\/\/www.gossip.it\/senza-categoria\/per-paola-ferrari-e-gia-tempo-di-sandali\/"},"modified":"2014-04-08T00:00:00","modified_gmt":"2014-04-07T22:00:00","slug":"per-paola-ferrari-e-gia-tempo-di-sandali","status":"publish","type":"post","link":"https:\/\/www.gossip.it\/news\/per-paola-ferrari-e-gia-tempo-di-sandali\/","title":{"rendered":"Per Paola Ferrari \u00e8 gi\u00e0 tempo di sandali"},"content":{"rendered":"<p>A Milano fa molto caldo, per <a href=\"http:\/\/www.gossip.it\/news\/monografia.php?keyword=Paola Ferrari\">Paola Ferrari<\/a>, conduttrice in <a href=\"http:\/\/www.gossip.it\/news\/monografia.php?keyword=tv\">tv<\/a> de <b>\"La Domenica Sportiva\"<\/b>, probabilmente per l'ultima stagione, come ha dichiarato in passato, \u00e8 gi\u00e0 tempo di sandali, chiaramente <em>'tacco 12'<\/em>. La formosa bionda, non spicca certo per l'altezza, quindi rinuncia difficilmente al rialzo. Pizzicata dai paparazzi in via Montenapoleone, a passeggio con un'amica, la Ferrari ha mostrato tutta la sua disinvoltura nel camminare in strada, pur calzando scarpe non comodissime. Paola, con indosso un tubino nero sbracciato sopra il ginocchio, ha parlato a lungo con l'intima, poi, per strada, ha incontrato <a href=\"http:\/\/www.gossip.it\/news\/monografia.php?keyword=Nicola Porro\">Nicola Porro<\/a>, conduttore di <b>\"Virus - Il contagio delle idee\"<\/b>, su Rai Due, e si \u00e8 intrattenuta a lungo scambiado convenevoli e sorrisi.<\/p>\n<p>Sposata con <a href=\"http:\/\/www.gossip.it\/news\/monografia.php?keyword=Marco De Benedetti\">Marco De Benedetti<\/a>, la giornalista \u00e8 molto sicura si s\u00e9, della propria professionalit\u00e0, della sua famiglia e delle proprie idee. Su <em>Twitter<\/em> pi\u00f9 di una volta si \u00e8 resa protagonista di cinguettii al veleno, in passato contro chi le dava della <em>'rifatta'<\/em>, ultimamente contro <a href=\"http:\/\/www.gossip.it\/news\/monografia.php?keyword=Michelle Hunziker\">Michelle Hunziker<\/a>, <a href=\"http:\/\/www.gossip.it\/news\/paola_ferrari_ancora_contro_michelle_hunziker_news.html?ID=1396350616\"><b><u>a cui ha dato della 'spiumatrice'<\/u><\/b><\/a> per il suo legame con <a href=\"http:\/\/www.gossip.it\/news\/monografia.php?keyword=Tomaso Trussardi\">Tomaso Trussardi<\/a>. In realt\u00e0 <a href=\"http:\/\/www.gossip.it\/news\/paola_ferrari_su_twitter_attacca_antonio_ricci_news.html?ID=1395757915\"><b><u>la polemica \u00e8 nata a causa di un servizio andato in onda su \"Giass\"<\/u><\/b><\/a>, il programma di <a href=\"http:\/\/www.gossip.it\/news\/monografia.php?keyword=Antonio Ricci\">Antonio Ricci<\/a>, in cui la Ferrari era stata inserita nell\u2019elenco delle donne che hanno sposato un uomo molto benestante, insieme a <a href=\"http:\/\/www.gossip.it\/news\/monografia.php?keyword=Elisabetta Gregoraci\">Elisabetta Gregoraci<\/a> ed <a href=\"http:\/\/www.gossip.it\/news\/monografia.php?keyword=Elisabetta Tulliani\">Elisabetta Tulliani<\/a>. L'unica colpa della svizzera \u00e8, appunto essere amica di Ricci, Paola se l'\u00e8 presa con lei.<\/p>\n","protected":false},"excerpt":{"rendered":"<p>A Milano fa molto caldo, per Paola Ferrari, conduttrice in tv de \"La Domenica Sportiva\", probabilmente per l'ultima stagione, come ha dichiarato in passato, \u00e8 gi\u00e0 tempo di sandali, chiaramente 'tacco 12'. La formosa bionda, non spicca certo per l'altezza, quindi rinuncia difficilmente al rialzo. Pizzicata dai paparazzi in via Montenapoleone, a passeggio con un'amica, [&hellip;]<\/p>\n","protected":false},"author":1,"featured_media":102286,"comment_status":"closed","ping_status":"closed","sticky":false,"template":"","format":"standard","meta":{"footnotes":""},"categories":[54],"tags":[1992,41692,35289,18282,5281,2281,2097],"vip":[],"class_list":["post-46240","post","type-post","status-publish","format-standard","has-post-thumbnail","hentry","category-news","tag-conduttrice","tag-la-domenica-sportiva","tag-nicola-porro","tag-paola-ferrari","tag-paparazzate","tag-televisione","tag-tv"],"yoast_head":"<title>Per Paola Ferrari \u00e8 gi\u00e0 tempo di sandali - Gossip.it | News sul Gossip e VIP<\/title>\n<meta name=\"description\" content=\"A Milano fa molto caldo, per Paola Ferrari, conduttrice in tv de &quot;La Domenica Sportiva&quot;, probabilmente per l&#039;ultima stagione, come ha dichiarato in\" \/>\n<meta name=\"robots\" content=\"index, follow, max-snippet:-1, max-image-preview:large, max-video-preview:-1\" \/>\n<link rel=\"canonical\" href=\"https:\/\/www.gossip.it\/news\/per-paola-ferrari-e-gia-tempo-di-sandali\/\" \/>\n<meta property=\"og:locale\" content=\"it_IT\" \/>\n<meta property=\"og:type\" content=\"article\" \/>\n<meta property=\"og:title\" content=\"Per Paola Ferrari \u00e8 gi\u00e0 tempo di sandali - Gossip.it | News sul Gossip e VIP\" \/>\n<meta property=\"og:description\" content=\"A Milano fa molto caldo, per Paola Ferrari, conduttrice in tv de &quot;La Domenica Sportiva&quot;, probabilmente per l&#039;ultima stagione, come ha dichiarato in\" \/>\n<meta property=\"og:url\" content=\"https:\/\/www.gossip.it\/news\/per-paola-ferrari-e-gia-tempo-di-sandali\/\" \/>\n<meta property=\"og:site_name\" content=\"Gossip.it | News sul Gossip e VIP\" \/>\n<meta property=\"article:publisher\" content=\"https:\/\/www.facebook.com\/GossipIT\" \/>\n<meta property=\"article:published_time\" content=\"2014-04-07T22:00:00+00:00\" \/>\n<meta property=\"og:image\" content=\"http:\/\/www.gossip.it\/images5\/1396958676_.jpg\" \/>\n<meta name=\"author\" content=\"La Redazione\" \/>\n<meta name=\"twitter:card\" content=\"summary_large_image\" \/>\n<meta name=\"twitter:image\" content=\"http:\/\/www.gossip.it\/images5\/1396958676_.jpg\" \/>\n<meta name=\"twitter:creator\" content=\"@gossinews_it\" \/>\n<meta name=\"twitter:site\" content=\"@gossinews_it\" \/>\n<meta name=\"twitter:label1\" content=\"Scritto da\" \/>\n\t<meta name=\"twitter:data1\" content=\"Annamaria Capozzi\" \/>\n\t<meta name=\"twitter:label2\" content=\"Tempo di lettura stimato\" \/>\n\t<meta name=\"twitter:data2\" content=\"1 minuto\" \/>","yoast_head_json":{"title":"Per Paola Ferrari \u00e8 gi\u00e0 tempo di sandali - Gossip.it | News sul Gossip e VIP","description":"A Milano fa molto caldo, per Paola Ferrari, conduttrice in tv de \"La Domenica Sportiva\", probabilmente per l'ultima stagione, come ha dichiarato in","robots":{"index":"index","follow":"follow","max-snippet":"max-snippet:-1","max-image-preview":"max-image-preview:large","max-video-preview":"max-video-preview:-1"},"canonical":"https:\/\/www.gossip.it\/news\/per-paola-ferrari-e-gia-tempo-di-sandali\/","og_locale":"it_IT","og_type":"article","og_title":"Per Paola Ferrari \u00e8 gi\u00e0 tempo di sandali - Gossip.it | News sul Gossip e VIP","og_description":"A Milano fa molto caldo, per Paola Ferrari, conduttrice in tv de \"La Domenica Sportiva\", probabilmente per l'ultima stagione, come ha dichiarato in","og_url":"https:\/\/www.gossip.it\/news\/per-paola-ferrari-e-gia-tempo-di-sandali\/","og_site_name":"Gossip.it | News sul Gossip e VIP","article_publisher":"https:\/\/www.facebook.com\/GossipIT","article_published_time":"2014-04-07T22:00:00+00:00","og_image":[{"url":"http:\/\/www.gossip.it\/images5\/1396958676_.jpg"}],"author":"La Redazione","twitter_card":"summary_large_image","twitter_image":"http:\/\/www.gossip.it\/images5\/1396958676_.jpg","twitter_creator":"@gossinews_it","twitter_site":"@gossinews_it","twitter_misc":{"Scritto da":"Annamaria Capozzi","Tempo di lettura stimato":"1 minuto"},"schema":{"@context":"https:\/\/schema.org","@graph":[{"@type":"Article","@id":"https:\/\/www.gossip.it\/news\/per-paola-ferrari-e-gia-tempo-di-sandali\/#article","isPartOf":{"@id":"https:\/\/www.gossip.it\/news\/per-paola-ferrari-e-gia-tempo-di-sandali\/"},"author":{"name":"La Redazione","@id":"https:\/\/www.gossip.it\/#\/schema\/person\/488896f75158bff1cc83c6c39d141110"},"headline":"Per Paola Ferrari \u00e8 gi\u00e0 tempo di sandali","datePublished":"2014-04-07T22:00:00+00:00","dateModified":"2014-04-07T22:00:00+00:00","mainEntityOfPage":{"@id":"https:\/\/www.gossip.it\/news\/per-paola-ferrari-e-gia-tempo-di-sandali\/"},"wordCount":244,"publisher":{"@id":"https:\/\/www.gossip.it\/#organization"},"image":{"@id":"https:\/\/www.gossip.it\/news\/per-paola-ferrari-e-gia-tempo-di-sandali\/#primaryimage"},"thumbnailUrl":"http:\/\/www.gossip.it\/images5\/1396958676_.jpg","keywords":["conduttrice","la domenica sportiva","nicola porro","Paola Ferrari","paparazzate","televisione","tv"],"articleSection":["News"],"inLanguage":"it-IT"},{"@type":"WebPage","@id":"https:\/\/www.gossip.it\/news\/per-paola-ferrari-e-gia-tempo-di-sandali\/","url":"https:\/\/www.gossip.it\/news\/per-paola-ferrari-e-gia-tempo-di-sandali\/","name":"Per Paola Ferrari \u00e8 gi\u00e0 tempo di sandali - Gossip.it | News sul Gossip e VIP","isPartOf":{"@id":"https:\/\/www.gossip.it\/#website"},"primaryImageOfPage":{"@id":"https:\/\/www.gossip.it\/news\/per-paola-ferrari-e-gia-tempo-di-sandali\/#primaryimage"},"image":{"@id":"https:\/\/www.gossip.it\/news\/per-paola-ferrari-e-gia-tempo-di-sandali\/#primaryimage"},"thumbnailUrl":"http:\/\/www.gossip.it\/images5\/1396958676_.jpg","datePublished":"2014-04-07T22:00:00+00:00","dateModified":"2014-04-07T22:00:00+00:00","description":"A Milano fa molto caldo, per Paola Ferrari, conduttrice in tv de \"La Domenica Sportiva\", probabilmente per l'ultima stagione, come ha dichiarato in","breadcrumb":{"@id":"https:\/\/www.gossip.it\/news\/per-paola-ferrari-e-gia-tempo-di-sandali\/#breadcrumb"},"inLanguage":"it-IT","potentialAction":[{"@type":"ReadAction","target":["https:\/\/www.gossip.it\/news\/per-paola-ferrari-e-gia-tempo-di-sandali\/"]}]},{"@type":"ImageObject","inLanguage":"it-IT","@id":"https:\/\/www.gossip.it\/news\/per-paola-ferrari-e-gia-tempo-di-sandali\/#primaryimage","url":"http:\/\/www.gossip.it\/images5\/1396958676_.jpg","contentUrl":"http:\/\/www.gossip.it\/images5\/1396958676_.jpg"},{"@type":"BreadcrumbList","@id":"https:\/\/www.gossip.it\/news\/per-paola-ferrari-e-gia-tempo-di-sandali\/#breadcrumb","itemListElement":[{"@type":"ListItem","position":1,"name":"Home","item":"https:\/\/www.gossip.it\/"},{"@type":"ListItem","position":2,"name":"Per Paola Ferrari \u00e8 gi\u00e0 tempo di sandali"}]},{"@type":"WebSite","@id":"https:\/\/www.gossip.it\/#website","url":"https:\/\/www.gossip.it\/","name":"Gossip and VIP News","description":"Quotidiano di cronaca rosa, costume e societ\u00e0","publisher":{"@id":"https:\/\/www.gossip.it\/#organization"},"alternateName":"Gossip and VIP News","potentialAction":[{"@type":"SearchAction","target":{"@type":"EntryPoint","urlTemplate":"https:\/\/www.gossip.it\/?s={search_term_string}"},"query-input":{"@type":"PropertyValueSpecification","valueRequired":true,"valueName":"search_term_string"}}],"inLanguage":"it-IT"},{"@type":"Organization","@id":"https:\/\/www.gossip.it\/#organization","name":"Gossip and VIP News","alternateName":"Gossip News","url":"https:\/\/www.gossip.it\/","logo":{"@type":"ImageObject","inLanguage":"it-IT","@id":"https:\/\/www.gossip.it\/#\/schema\/logo\/image\/","url":"https:\/\/www.gossip.it\/wp-content\/uploads\/2022\/04\/cropped-corna-alta-tiny.png","contentUrl":"https:\/\/www.gossip.it\/wp-content\/uploads\/2022\/04\/cropped-corna-alta-tiny.png","width":512,"height":512,"caption":"Gossip and VIP News"},"image":{"@id":"https:\/\/www.gossip.it\/#\/schema\/logo\/image\/"},"sameAs":["https:\/\/www.facebook.com\/GossipIT","https:\/\/x.com\/gossinews_it","https:\/\/instagram.com\/gossip_it"]},{"@type":"Person","@id":"https:\/\/www.gossip.it\/#\/schema\/person\/488896f75158bff1cc83c6c39d141110","name":"La Redazione","image":{"@type":"ImageObject","inLanguage":"it-IT","@id":"https:\/\/www.gossip.it\/#\/schema\/person\/image\/","url":"https:\/\/secure.gravatar.com\/avatar\/5a5f5c6fa3e6700e4249abdad0263a1e94e927d9e0499b1cb09c1cd29c044d80?s=96&d=mm&r=g","contentUrl":"https:\/\/secure.gravatar.com\/avatar\/5a5f5c6fa3e6700e4249abdad0263a1e94e927d9e0499b1cb09c1cd29c044d80?s=96&d=mm&r=g","caption":"La Redazione"},"sameAs":["https:\/\/www.gossip.it"]}]}},"amp_enabled":true,"_links":{"self":[{"href":"https:\/\/www.gossip.it\/api\/wp\/v2\/posts\/46240","targetHints":{"allow":["GET"]}}],"collection":[{"href":"https:\/\/www.gossip.it\/api\/wp\/v2\/posts"}],"about":[{"href":"https:\/\/www.gossip.it\/api\/wp\/v2\/types\/post"}],"author":[{"embeddable":true,"href":"https:\/\/www.gossip.it\/api\/wp\/v2\/users\/1"}],"replies":[{"embeddable":true,"href":"https:\/\/www.gossip.it\/api\/wp\/v2\/comments?post=46240"}],"version-history":[{"count":0,"href":"https:\/\/www.gossip.it\/api\/wp\/v2\/posts\/46240\/revisions"}],"wp:featuredmedia":[{"embeddable":true,"href":"https:\/\/www.gossip.it\/api\/wp\/v2\/media\/102286"}],"wp:attachment":[{"href":"https:\/\/www.gossip.it\/api\/wp\/v2\/media?parent=46240"}],"wp:term":[{"taxonomy":"category","embeddable":true,"href":"https:\/\/www.gossip.it\/api\/wp\/v2\/categories?post=46240"},{"taxonomy":"post_tag","embeddable":true,"href":"https:\/\/www.gossip.it\/api\/wp\/v2\/tags?post=46240"},{"taxonomy":"vip","embeddable":true,"href":"https:\/\/www.gossip.it\/api\/wp\/v2\/vip?post=46240"}],"curies":[{"name":"wp","href":"https:\/\/api.w.org\/{rel}","templated":true}]}}