{"id":46273,"date":"2014-04-09T00:00:00","date_gmt":"2014-04-08T22:00:00","guid":{"rendered":"https:\/\/www.gossip.it\/senza-categoria\/micol-olivieri-mi-chiedo-come-saro-da-genitore\/"},"modified":"2014-04-09T00:00:00","modified_gmt":"2014-04-08T22:00:00","slug":"micol-olivieri-mi-chiedo-come-saro-da-genitore","status":"publish","type":"post","link":"https:\/\/www.gossip.it\/news\/micol-olivieri-mi-chiedo-come-saro-da-genitore\/","title":{"rendered":"Micol Olivieri: 'Mi chiedo come sar\u00f2 da genitore'"},"content":{"rendered":"<p>Il prossimo autunno su <em>Canale 5<\/em> sar\u00e0 ancora Alice ne <b>\"I Cesaroni\"<\/b>, la famosa serie <a href=\"http:\/\/www.gossip.it\/news\/monografia.php?keyword=tv\">tv<\/a>. <a href=\"http:\/\/www.gossip.it\/news\/monografia.php?keyword=Micol Olivieri\">Micol Olivieri<\/a>, 21 anni, a <em>Vanity Fair<\/em> parla ancora della sua <a href=\"http:\/\/www.gossip.it\/news\/monografia.php?keyword=gravidanza\">gravidanza<\/a>, che sta vivendo <b><em>\"in maniera naturale, serena e tranquilla\"<\/em><\/b>. In molti si sono meravigliati, vista la sua giovane et\u00e0, per la <a href=\"http:\/\/www.gossip.it\/news\/monografia.php?keyword=cicogna\">cicogna<\/a>. <b><em>\"Non c\u2019\u00e8 nulla di strano. E' la societ\u00e0 che ci sta imponendo certe regole, dovremmo invece tornare a fare figli da giovani, come facevano i nostri genitori o i nostri nonni<\/em><\/b> - ha spiegato sicura l'<a href=\"http:\/\/www.gossip.it\/news\/monografia.php?keyword=attrice\">attrice<\/a> - <b><em>I figli vanno goduti a questa et\u00e0 e in questo modo potr\u00f2 farne pi\u00f9 di uno. In Italia purtroppo ci stanno inculcando la cultura che concepire un figlio a vent\u2019anni \u00e8 una pazzia. Invece a 50 anni \u00e8 normale? Dovrebbe essere normale in entrambi i casi\"<\/em><\/b>.<\/p>\n<p>E' felice, a luglio sposer\u00e0 <a href=\"http:\/\/www.gossip.it\/news\/monografia.php?keyword=Christian Massella\">Christian Massella<\/a>, 24 anni, il padre del beb\u00e8. <a href=\"http:\/\/www.gossip.it\/news\/micol_olivieri_ce_qualcosa_che_cresce_news.html?ID=1396955068\"><b><u>Micol ha persino mostrato il pancino scoperto in due scatti social<\/u><\/b><\/a>. Pensa che forse siano i genitori stessi colpevoli di una mentalit\u00e0 sbagliata: <em>\"Spesso sono troppo protettivi, pensano prima alla carriera dei figli e vedono un bambino come un ostacolo verso il futuro. Per fortuna non sono stata cresciuta con questa educazione\"<\/em>. Ha, certo, alcune ansie, come \u00e8 normale che sia: <b><em>\"Tante, mi chiedo come sar\u00f2 come genitore, ma la natura far\u00e0 il suo corso\"<\/em><\/b>. Partorir\u00e0 <b>a met\u00e0 ottobre<\/b>, proprio quando i telespettatori gusteranno le sue nuove avventure in televisione. Molte novit\u00e0: <em>\"Andr\u00f2 a convivere con Francesco (<a href=\"http:\/\/www.gossip.it\/news\/monografia.php?keyword=Alessandro Tersigni\">Alessandro Tersigni<\/a>), ma qualcosa non andr\u00e0 nel verso giusto. Alice dovr\u00e0 superare dei momenti complicati, attraverser\u00e0 una fase difficile, la vedrete meno ragazzina e pi\u00f9 donna\"<\/em>. Si cresce anche nella <a href=\"http:\/\/www.gossip.it\/news\/monografia.php?keyword=fiction\">fiction<\/a>.<\/p>\n","protected":false},"excerpt":{"rendered":"<p>Il prossimo autunno su Canale 5 sar\u00e0 ancora Alice ne \"I Cesaroni\", la famosa serie tv. Micol Olivieri, 21 anni, a Vanity Fair parla ancora della sua gravidanza, che sta vivendo \"in maniera naturale, serena e tranquilla\". In molti si sono meravigliati, vista la sua giovane et\u00e0, per la cicogna. \"Non c\u2019\u00e8 nulla di strano. [&hellip;]<\/p>\n","protected":false},"author":1,"featured_media":102319,"comment_status":"closed","ping_status":"closed","sticky":false,"template":"","format":"standard","meta":{"footnotes":""},"categories":[54],"tags":[1983,8465,4548,2102,4790,2220,2181,2944,2094,1950,2216,8631,1923],"vip":[1357],"class_list":["post-46273","post","type-post","status-publish","format-standard","has-post-thumbnail","hentry","category-news","tag-attrice","tag-christian-massella","tag-cicogna","tag-dichiarazioni","tag-facebook","tag-fiori-darancio","tag-gravidanza","tag-i-cesaroni","tag-incinta","tag-matrimonio","tag-nozze","tag-selfie","tag-social","vip-micol_olivieri"],"yoast_head":"<title>Micol Olivieri: &#039;Mi chiedo come sar\u00f2 da genitore&#039; - Gossip.it | News sul Gossip e VIP<\/title>\n<meta name=\"description\" content=\"Il prossimo autunno su Canale 5 sar\u00e0 ancora Alice ne &quot;I Cesaroni&quot;, la famosa serie tv. Micol Olivieri, 21 anni, a Vanity Fair parla ancora della sua\" \/>\n<meta name=\"robots\" content=\"index, follow, max-snippet:-1, max-image-preview:large, max-video-preview:-1\" \/>\n<link rel=\"canonical\" href=\"https:\/\/www.gossip.it\/news\/micol-olivieri-mi-chiedo-come-saro-da-genitore\/\" \/>\n<meta property=\"og:locale\" content=\"it_IT\" \/>\n<meta property=\"og:type\" content=\"article\" \/>\n<meta property=\"og:title\" content=\"Micol Olivieri: &#039;Mi chiedo come sar\u00f2 da genitore&#039; - Gossip.it | News sul Gossip e VIP\" \/>\n<meta property=\"og:description\" content=\"Il prossimo autunno su Canale 5 sar\u00e0 ancora Alice ne &quot;I Cesaroni&quot;, la famosa serie tv. Micol Olivieri, 21 anni, a Vanity Fair parla ancora della sua\" \/>\n<meta property=\"og:url\" content=\"https:\/\/www.gossip.it\/news\/micol-olivieri-mi-chiedo-come-saro-da-genitore\/\" \/>\n<meta property=\"og:site_name\" content=\"Gossip.it | News sul Gossip e VIP\" \/>\n<meta property=\"article:publisher\" content=\"https:\/\/www.facebook.com\/GossipIT\" \/>\n<meta property=\"article:published_time\" content=\"2014-04-08T22:00:00+00:00\" \/>\n<meta property=\"og:image\" content=\"http:\/\/www.gossip.it\/images5\/1397042693_.jpg\" \/>\n<meta name=\"author\" content=\"La Redazione\" \/>\n<meta name=\"twitter:card\" content=\"summary_large_image\" \/>\n<meta name=\"twitter:image\" content=\"http:\/\/www.gossip.it\/images5\/1397042693_.jpg\" \/>\n<meta name=\"twitter:creator\" content=\"@gossinews_it\" \/>\n<meta name=\"twitter:site\" content=\"@gossinews_it\" \/>\n<meta name=\"twitter:label1\" content=\"Scritto da\" \/>\n\t<meta name=\"twitter:data1\" content=\"La Redazione\" \/>\n\t<meta name=\"twitter:label2\" content=\"Tempo di lettura stimato\" \/>\n\t<meta name=\"twitter:data2\" content=\"1 minuto\" \/>","yoast_head_json":{"title":"Micol Olivieri: 'Mi chiedo come sar\u00f2 da genitore' - Gossip.it | News sul Gossip e VIP","description":"Il prossimo autunno su Canale 5 sar\u00e0 ancora Alice ne \"I Cesaroni\", la famosa serie tv. Micol Olivieri, 21 anni, a Vanity Fair parla ancora della sua","robots":{"index":"index","follow":"follow","max-snippet":"max-snippet:-1","max-image-preview":"max-image-preview:large","max-video-preview":"max-video-preview:-1"},"canonical":"https:\/\/www.gossip.it\/news\/micol-olivieri-mi-chiedo-come-saro-da-genitore\/","og_locale":"it_IT","og_type":"article","og_title":"Micol Olivieri: 'Mi chiedo come sar\u00f2 da genitore' - Gossip.it | News sul Gossip e VIP","og_description":"Il prossimo autunno su Canale 5 sar\u00e0 ancora Alice ne \"I Cesaroni\", la famosa serie tv. Micol Olivieri, 21 anni, a Vanity Fair parla ancora della sua","og_url":"https:\/\/www.gossip.it\/news\/micol-olivieri-mi-chiedo-come-saro-da-genitore\/","og_site_name":"Gossip.it | News sul Gossip e VIP","article_publisher":"https:\/\/www.facebook.com\/GossipIT","article_published_time":"2014-04-08T22:00:00+00:00","og_image":[{"url":"http:\/\/www.gossip.it\/images5\/1397042693_.jpg"}],"author":"La Redazione","twitter_card":"summary_large_image","twitter_image":"http:\/\/www.gossip.it\/images5\/1397042693_.jpg","twitter_creator":"@gossinews_it","twitter_site":"@gossinews_it","twitter_misc":{"Scritto da":"La Redazione","Tempo di lettura stimato":"1 minuto"},"schema":{"@context":"https:\/\/schema.org","@graph":[{"@type":"Article","@id":"https:\/\/www.gossip.it\/news\/micol-olivieri-mi-chiedo-come-saro-da-genitore\/#article","isPartOf":{"@id":"https:\/\/www.gossip.it\/news\/micol-olivieri-mi-chiedo-come-saro-da-genitore\/"},"author":{"name":"La Redazione","@id":"https:\/\/www.gossip.it\/#\/schema\/person\/488896f75158bff1cc83c6c39d141110"},"headline":"Micol Olivieri: 'Mi chiedo come sar\u00f2 da genitore'","datePublished":"2014-04-08T22:00:00+00:00","dateModified":"2014-04-08T22:00:00+00:00","mainEntityOfPage":{"@id":"https:\/\/www.gossip.it\/news\/micol-olivieri-mi-chiedo-come-saro-da-genitore\/"},"wordCount":277,"publisher":{"@id":"https:\/\/www.gossip.it\/#organization"},"image":{"@id":"https:\/\/www.gossip.it\/news\/micol-olivieri-mi-chiedo-come-saro-da-genitore\/#primaryimage"},"thumbnailUrl":"http:\/\/www.gossip.it\/images5\/1397042693_.jpg","keywords":["attrice","christian massella","cicogna","dichiarazioni","facebook","fiori d&#039;arancio","gravidanza","i cesaroni","incinta","matrimonio","nozze","selfie","social"],"articleSection":["News"],"inLanguage":"it-IT"},{"@type":"WebPage","@id":"https:\/\/www.gossip.it\/news\/micol-olivieri-mi-chiedo-come-saro-da-genitore\/","url":"https:\/\/www.gossip.it\/news\/micol-olivieri-mi-chiedo-come-saro-da-genitore\/","name":"Micol Olivieri: 'Mi chiedo come sar\u00f2 da genitore' - Gossip.it | News sul Gossip e VIP","isPartOf":{"@id":"https:\/\/www.gossip.it\/#website"},"primaryImageOfPage":{"@id":"https:\/\/www.gossip.it\/news\/micol-olivieri-mi-chiedo-come-saro-da-genitore\/#primaryimage"},"image":{"@id":"https:\/\/www.gossip.it\/news\/micol-olivieri-mi-chiedo-come-saro-da-genitore\/#primaryimage"},"thumbnailUrl":"http:\/\/www.gossip.it\/images5\/1397042693_.jpg","datePublished":"2014-04-08T22:00:00+00:00","dateModified":"2014-04-08T22:00:00+00:00","description":"Il prossimo autunno su Canale 5 sar\u00e0 ancora Alice ne \"I Cesaroni\", la famosa serie tv. Micol Olivieri, 21 anni, a Vanity Fair parla ancora della sua","breadcrumb":{"@id":"https:\/\/www.gossip.it\/news\/micol-olivieri-mi-chiedo-come-saro-da-genitore\/#breadcrumb"},"inLanguage":"it-IT","potentialAction":[{"@type":"ReadAction","target":["https:\/\/www.gossip.it\/news\/micol-olivieri-mi-chiedo-come-saro-da-genitore\/"]}]},{"@type":"ImageObject","inLanguage":"it-IT","@id":"https:\/\/www.gossip.it\/news\/micol-olivieri-mi-chiedo-come-saro-da-genitore\/#primaryimage","url":"http:\/\/www.gossip.it\/images5\/1397042693_.jpg","contentUrl":"http:\/\/www.gossip.it\/images5\/1397042693_.jpg"},{"@type":"BreadcrumbList","@id":"https:\/\/www.gossip.it\/news\/micol-olivieri-mi-chiedo-come-saro-da-genitore\/#breadcrumb","itemListElement":[{"@type":"ListItem","position":1,"name":"Home","item":"https:\/\/www.gossip.it\/"},{"@type":"ListItem","position":2,"name":"Micol Olivieri: 'Mi chiedo come sar\u00f2 da genitore'"}]},{"@type":"WebSite","@id":"https:\/\/www.gossip.it\/#website","url":"https:\/\/www.gossip.it\/","name":"Gossip and VIP News","description":"Quotidiano di cronaca rosa, costume e societ\u00e0","publisher":{"@id":"https:\/\/www.gossip.it\/#organization"},"alternateName":"Gossip and VIP News","potentialAction":[{"@type":"SearchAction","target":{"@type":"EntryPoint","urlTemplate":"https:\/\/www.gossip.it\/?s={search_term_string}"},"query-input":{"@type":"PropertyValueSpecification","valueRequired":true,"valueName":"search_term_string"}}],"inLanguage":"it-IT"},{"@type":"Organization","@id":"https:\/\/www.gossip.it\/#organization","name":"Gossip and VIP News","alternateName":"Gossip News","url":"https:\/\/www.gossip.it\/","logo":{"@type":"ImageObject","inLanguage":"it-IT","@id":"https:\/\/www.gossip.it\/#\/schema\/logo\/image\/","url":"https:\/\/www.gossip.it\/wp-content\/uploads\/2022\/04\/cropped-corna-alta-tiny.png","contentUrl":"https:\/\/www.gossip.it\/wp-content\/uploads\/2022\/04\/cropped-corna-alta-tiny.png","width":512,"height":512,"caption":"Gossip and VIP News"},"image":{"@id":"https:\/\/www.gossip.it\/#\/schema\/logo\/image\/"},"sameAs":["https:\/\/www.facebook.com\/GossipIT","https:\/\/x.com\/gossinews_it","https:\/\/instagram.com\/gossip_it"]},{"@type":"Person","@id":"https:\/\/www.gossip.it\/#\/schema\/person\/488896f75158bff1cc83c6c39d141110","name":"La Redazione","image":{"@type":"ImageObject","inLanguage":"it-IT","@id":"https:\/\/www.gossip.it\/#\/schema\/person\/image\/","url":"https:\/\/secure.gravatar.com\/avatar\/5a5f5c6fa3e6700e4249abdad0263a1e94e927d9e0499b1cb09c1cd29c044d80?s=96&d=mm&r=g","contentUrl":"https:\/\/secure.gravatar.com\/avatar\/5a5f5c6fa3e6700e4249abdad0263a1e94e927d9e0499b1cb09c1cd29c044d80?s=96&d=mm&r=g","caption":"La Redazione"},"sameAs":["https:\/\/www.gossip.it"]}]}},"amp_enabled":true,"_links":{"self":[{"href":"https:\/\/www.gossip.it\/api\/wp\/v2\/posts\/46273","targetHints":{"allow":["GET"]}}],"collection":[{"href":"https:\/\/www.gossip.it\/api\/wp\/v2\/posts"}],"about":[{"href":"https:\/\/www.gossip.it\/api\/wp\/v2\/types\/post"}],"author":[{"embeddable":true,"href":"https:\/\/www.gossip.it\/api\/wp\/v2\/users\/1"}],"replies":[{"embeddable":true,"href":"https:\/\/www.gossip.it\/api\/wp\/v2\/comments?post=46273"}],"version-history":[{"count":0,"href":"https:\/\/www.gossip.it\/api\/wp\/v2\/posts\/46273\/revisions"}],"wp:featuredmedia":[{"embeddable":true,"href":"https:\/\/www.gossip.it\/api\/wp\/v2\/media\/102319"}],"wp:attachment":[{"href":"https:\/\/www.gossip.it\/api\/wp\/v2\/media?parent=46273"}],"wp:term":[{"taxonomy":"category","embeddable":true,"href":"https:\/\/www.gossip.it\/api\/wp\/v2\/categories?post=46273"},{"taxonomy":"post_tag","embeddable":true,"href":"https:\/\/www.gossip.it\/api\/wp\/v2\/tags?post=46273"},{"taxonomy":"vip","embeddable":true,"href":"https:\/\/www.gossip.it\/api\/wp\/v2\/vip?post=46273"}],"curies":[{"name":"wp","href":"https:\/\/api.w.org\/{rel}","templated":true}]}}