{"id":46398,"date":"2014-04-15T00:00:00","date_gmt":"2014-04-14T22:00:00","guid":{"rendered":"https:\/\/www.gossip.it\/senza-categoria\/belen-giass-con-luca-e-paolo\/"},"modified":"2014-04-15T00:00:00","modified_gmt":"2014-04-14T22:00:00","slug":"belen-giass-con-luca-e-paolo","status":"publish","type":"post","link":"https:\/\/www.gossip.it\/news\/belen-giass-con-luca-e-paolo\/","title":{"rendered":"Belen, 'Giass' con Luca e Paolo"},"content":{"rendered":"<p><a href=\"http:\/\/www.gossip.it\/news\/monografia.php?keyword=Belen Rodriguez\">Belen Rodriguez<\/a> tra <strong>Luca<\/strong> e <strong>Paolo<\/strong>. La splendida argentina, che sar\u00e0 ospite dell'ultima puntata di <strong>\"Giass\"<\/strong>, in onda alle 21.10 su<strong> Canale 5<\/strong> marted\u00ec 15 aprile, verr\u00e0 sottoposta alla grinfie dei <strong>Cugini Merda<\/strong> e potr\u00e0 rivedere la sua pi\u00f9 grande imitatrice: previsto, infatti, il ritorno della bravissima <a href=\"http:\/\/www.gossip.it\/news\/monografia.php?keyword=Virginia Raffaele\">Virginia Raffaele<\/a>. Tra gli altri, interverranno anche <strong>Nino Formicola<\/strong>, <strong>Pino Caruso<\/strong> e e <a href=\"http:\/\/www.gossip.it\/news\/monografia.php?keyword=Andy Luotto\">Andy Luotto<\/a>. Ospite speciale, <a href=\"http:\/\/www.gossip.it\/news\/monografia.php?keyword=Gerry Scotti\">Gerry Scotti<\/a>, direttamente dal timone di <strong>\"Avanti Un Altro\"<\/strong> (ha preso il posto di <a href=\"http:\/\/www.gossip.it\/news\/monografia.php?keyword=Paolo Bonolis\">Paolo Bonolis<\/a> alla conduzione della fortunata trasmissione Mediaset). Non resta che attendere, per scoprire chi vincer\u00e0 tra Centro, Nord e Sud. Al momento pare sia in vantaggio la parte Settentrionale del Paese, ma \u00e8 ancora tutto da stabilire.<\/p>\n<figure class=\"caption\"><img decoding=\"async\" alt=\"\" src=\"http:\/\/files.gossip.it\/immagini_news\/2014\/04\/1397574616_1-6.jpg\" \/><figcaption>Belen Rodriguez con Luca e Paolo dietro le quinte di 'Giass'<\/figcaption><\/figure>\n<p><span style=\"line-height:1.6em\">Luca e Paolo non sono partiti benissimo con la loro trasmissione in termini di ascolti, dopo lo spostamento di <\/span><strong style=\"line-height:1.6em\">palinsesto<\/strong><span style=\"line-height:1.6em\">, dalla domenica al marted\u00ec sera, per\u00f2, le cose sono migliorate. E ora si preparano a chiudere in bellezza la prima edizione del loro <\/span><a style=\"line-height: 1.6em;\" href=\"http:\/\/www.gossip.it\/news\/monografia.php?keyword=show\">show<\/a><span style=\"line-height:1.6em\"> nuovo di zecca. Con Belen al loro fianco, di certo metteranno la ciliegina sulla torta a questo finale. Chiss\u00e0 se si tratter\u00e0 di un addio o semplicemente di un <\/span><strong style=\"line-height:1.6em\">arrivederci<\/strong><span style=\"line-height:1.6em\">, per tornare in futuro con una nuova stagione del <\/span><a style=\"line-height: 1.6em;\" href=\"http:\/\/www.gossip.it\/news\/monografia.php?keyword=programma\">programma<\/a><span style=\"line-height:1.6em\">.<\/span><\/p>\n","protected":false},"excerpt":{"rendered":"<p>Belen Rodriguez tra Luca e Paolo. La splendida argentina, che sar\u00e0 ospite dell'ultima puntata di \"Giass\", in onda alle 21.10 su Canale 5 marted\u00ec 15 aprile, verr\u00e0 sottoposta alla grinfie dei Cugini Merda e potr\u00e0 rivedere la sua pi\u00f9 grande imitatrice: previsto, infatti, il ritorno della bravissima Virginia Raffaele. Tra gli altri, interverranno anche Nino [&hellip;]<\/p>\n","protected":false},"author":1,"featured_media":102444,"comment_status":"closed","ping_status":"closed","sticky":false,"template":"","format":"standard","meta":{"footnotes":""},"categories":[54],"tags":[7056,48484,2121,1923,4105,2097],"vip":[396,1140,1466,1471],"class_list":["post-46398","post","type-post","status-publish","format-standard","has-post-thumbnail","hentry","category-news","tag-gerry-scotti","tag-giass","tag-instagram","tag-social","tag-trasmissione","tag-tv","vip-belen_rodriguez","vip-luca_bizzarri","vip-paolo_bonolis","vip-paolo_kessisoglu"],"yoast_head":"<title>Belen, &#039;Giass&#039; con Luca e Paolo - Gossip.it | News sul Gossip e VIP<\/title>\n<meta name=\"description\" content=\"Belen Rodriguez tra Luca e Paolo. La splendida argentina, che sar\u00e0 ospite dell&#039;ultima puntata di &quot;Giass&quot;, in onda alle 21.10 su Canale 5 marted\u00ec 15\" \/>\n<meta name=\"robots\" content=\"index, follow, max-snippet:-1, max-image-preview:large, max-video-preview:-1\" \/>\n<link rel=\"canonical\" href=\"https:\/\/www.gossip.it\/news\/belen-giass-con-luca-e-paolo\/\" \/>\n<meta property=\"og:locale\" content=\"it_IT\" \/>\n<meta property=\"og:type\" content=\"article\" \/>\n<meta property=\"og:title\" content=\"Belen, &#039;Giass&#039; con Luca e Paolo - Gossip.it | News sul Gossip e VIP\" \/>\n<meta property=\"og:description\" content=\"Belen Rodriguez tra Luca e Paolo. La splendida argentina, che sar\u00e0 ospite dell&#039;ultima puntata di &quot;Giass&quot;, in onda alle 21.10 su Canale 5 marted\u00ec 15\" \/>\n<meta property=\"og:url\" content=\"https:\/\/www.gossip.it\/news\/belen-giass-con-luca-e-paolo\/\" \/>\n<meta property=\"og:site_name\" content=\"Gossip.it | News sul Gossip e VIP\" \/>\n<meta property=\"article:publisher\" content=\"https:\/\/www.facebook.com\/GossipIT\" \/>\n<meta property=\"article:published_time\" content=\"2014-04-14T22:00:00+00:00\" \/>\n<meta property=\"og:image\" content=\"http:\/\/files.gossip.it\/immagini_news\/2014\/04\/1397574616_1-6.jpg\" \/>\n<meta name=\"author\" content=\"La Redazione\" \/>\n<meta name=\"twitter:card\" content=\"summary_large_image\" \/>\n<meta name=\"twitter:image\" content=\"http:\/\/files.gossip.it\/immagini_news\/2014\/04\/1397574616_1-6.jpg\" \/>\n<meta name=\"twitter:creator\" content=\"@gossinews_it\" \/>\n<meta name=\"twitter:site\" content=\"@gossinews_it\" \/>\n<meta name=\"twitter:label1\" content=\"Scritto da\" \/>\n\t<meta name=\"twitter:data1\" content=\"Francesca Romana Domenici\" \/>\n\t<meta name=\"twitter:label2\" content=\"Tempo di lettura stimato\" \/>\n\t<meta name=\"twitter:data2\" content=\"1 minuto\" \/>","yoast_head_json":{"title":"Belen, 'Giass' con Luca e Paolo - Gossip.it | News sul Gossip e VIP","description":"Belen Rodriguez tra Luca e Paolo. La splendida argentina, che sar\u00e0 ospite dell'ultima puntata di \"Giass\", in onda alle 21.10 su Canale 5 marted\u00ec 15","robots":{"index":"index","follow":"follow","max-snippet":"max-snippet:-1","max-image-preview":"max-image-preview:large","max-video-preview":"max-video-preview:-1"},"canonical":"https:\/\/www.gossip.it\/news\/belen-giass-con-luca-e-paolo\/","og_locale":"it_IT","og_type":"article","og_title":"Belen, 'Giass' con Luca e Paolo - Gossip.it | News sul Gossip e VIP","og_description":"Belen Rodriguez tra Luca e Paolo. La splendida argentina, che sar\u00e0 ospite dell'ultima puntata di \"Giass\", in onda alle 21.10 su Canale 5 marted\u00ec 15","og_url":"https:\/\/www.gossip.it\/news\/belen-giass-con-luca-e-paolo\/","og_site_name":"Gossip.it | News sul Gossip e VIP","article_publisher":"https:\/\/www.facebook.com\/GossipIT","article_published_time":"2014-04-14T22:00:00+00:00","og_image":[{"url":"http:\/\/files.gossip.it\/immagini_news\/2014\/04\/1397574616_1-6.jpg"}],"author":"La Redazione","twitter_card":"summary_large_image","twitter_image":"http:\/\/files.gossip.it\/immagini_news\/2014\/04\/1397574616_1-6.jpg","twitter_creator":"@gossinews_it","twitter_site":"@gossinews_it","twitter_misc":{"Scritto da":"Francesca Romana Domenici","Tempo di lettura stimato":"1 minuto"},"schema":{"@context":"https:\/\/schema.org","@graph":[{"@type":"Article","@id":"https:\/\/www.gossip.it\/news\/belen-giass-con-luca-e-paolo\/#article","isPartOf":{"@id":"https:\/\/www.gossip.it\/news\/belen-giass-con-luca-e-paolo\/"},"author":{"name":"La Redazione","@id":"https:\/\/www.gossip.it\/#\/schema\/person\/488896f75158bff1cc83c6c39d141110"},"headline":"Belen, 'Giass' con Luca e Paolo","datePublished":"2014-04-14T22:00:00+00:00","dateModified":"2014-04-14T22:00:00+00:00","mainEntityOfPage":{"@id":"https:\/\/www.gossip.it\/news\/belen-giass-con-luca-e-paolo\/"},"wordCount":214,"publisher":{"@id":"https:\/\/www.gossip.it\/#organization"},"image":{"@id":"https:\/\/www.gossip.it\/news\/belen-giass-con-luca-e-paolo\/#primaryimage"},"thumbnailUrl":"http:\/\/files.gossip.it\/immagini_news\/2014\/04\/1397574616_1-6.jpg","keywords":["gerry scotti","giass","instagram","social","trasmissione","tv"],"articleSection":["News"],"inLanguage":"it-IT"},{"@type":"WebPage","@id":"https:\/\/www.gossip.it\/news\/belen-giass-con-luca-e-paolo\/","url":"https:\/\/www.gossip.it\/news\/belen-giass-con-luca-e-paolo\/","name":"Belen, 'Giass' con Luca e Paolo - Gossip.it | News sul Gossip e VIP","isPartOf":{"@id":"https:\/\/www.gossip.it\/#website"},"primaryImageOfPage":{"@id":"https:\/\/www.gossip.it\/news\/belen-giass-con-luca-e-paolo\/#primaryimage"},"image":{"@id":"https:\/\/www.gossip.it\/news\/belen-giass-con-luca-e-paolo\/#primaryimage"},"thumbnailUrl":"http:\/\/files.gossip.it\/immagini_news\/2014\/04\/1397574616_1-6.jpg","datePublished":"2014-04-14T22:00:00+00:00","dateModified":"2014-04-14T22:00:00+00:00","description":"Belen Rodriguez tra Luca e Paolo. La splendida argentina, che sar\u00e0 ospite dell'ultima puntata di \"Giass\", in onda alle 21.10 su Canale 5 marted\u00ec 15","breadcrumb":{"@id":"https:\/\/www.gossip.it\/news\/belen-giass-con-luca-e-paolo\/#breadcrumb"},"inLanguage":"it-IT","potentialAction":[{"@type":"ReadAction","target":["https:\/\/www.gossip.it\/news\/belen-giass-con-luca-e-paolo\/"]}]},{"@type":"ImageObject","inLanguage":"it-IT","@id":"https:\/\/www.gossip.it\/news\/belen-giass-con-luca-e-paolo\/#primaryimage","url":"http:\/\/files.gossip.it\/immagini_news\/2014\/04\/1397574616_1-6.jpg","contentUrl":"http:\/\/files.gossip.it\/immagini_news\/2014\/04\/1397574616_1-6.jpg"},{"@type":"BreadcrumbList","@id":"https:\/\/www.gossip.it\/news\/belen-giass-con-luca-e-paolo\/#breadcrumb","itemListElement":[{"@type":"ListItem","position":1,"name":"Home","item":"https:\/\/www.gossip.it\/"},{"@type":"ListItem","position":2,"name":"Belen, 'Giass' con Luca e Paolo"}]},{"@type":"WebSite","@id":"https:\/\/www.gossip.it\/#website","url":"https:\/\/www.gossip.it\/","name":"Gossip and VIP News","description":"Quotidiano di cronaca rosa, costume e societ\u00e0","publisher":{"@id":"https:\/\/www.gossip.it\/#organization"},"alternateName":"Gossip and VIP News","potentialAction":[{"@type":"SearchAction","target":{"@type":"EntryPoint","urlTemplate":"https:\/\/www.gossip.it\/?s={search_term_string}"},"query-input":{"@type":"PropertyValueSpecification","valueRequired":true,"valueName":"search_term_string"}}],"inLanguage":"it-IT"},{"@type":"Organization","@id":"https:\/\/www.gossip.it\/#organization","name":"Gossip and VIP News","alternateName":"Gossip News","url":"https:\/\/www.gossip.it\/","logo":{"@type":"ImageObject","inLanguage":"it-IT","@id":"https:\/\/www.gossip.it\/#\/schema\/logo\/image\/","url":"https:\/\/www.gossip.it\/wp-content\/uploads\/2022\/04\/cropped-corna-alta-tiny.png","contentUrl":"https:\/\/www.gossip.it\/wp-content\/uploads\/2022\/04\/cropped-corna-alta-tiny.png","width":512,"height":512,"caption":"Gossip and VIP News"},"image":{"@id":"https:\/\/www.gossip.it\/#\/schema\/logo\/image\/"},"sameAs":["https:\/\/www.facebook.com\/GossipIT","https:\/\/x.com\/gossinews_it","https:\/\/instagram.com\/gossip_it"]},{"@type":"Person","@id":"https:\/\/www.gossip.it\/#\/schema\/person\/488896f75158bff1cc83c6c39d141110","name":"La Redazione","image":{"@type":"ImageObject","inLanguage":"it-IT","@id":"https:\/\/www.gossip.it\/#\/schema\/person\/image\/","url":"https:\/\/secure.gravatar.com\/avatar\/5a5f5c6fa3e6700e4249abdad0263a1e94e927d9e0499b1cb09c1cd29c044d80?s=96&d=mm&r=g","contentUrl":"https:\/\/secure.gravatar.com\/avatar\/5a5f5c6fa3e6700e4249abdad0263a1e94e927d9e0499b1cb09c1cd29c044d80?s=96&d=mm&r=g","caption":"La Redazione"},"sameAs":["https:\/\/www.gossip.it"]}]}},"amp_enabled":true,"_links":{"self":[{"href":"https:\/\/www.gossip.it\/api\/wp\/v2\/posts\/46398","targetHints":{"allow":["GET"]}}],"collection":[{"href":"https:\/\/www.gossip.it\/api\/wp\/v2\/posts"}],"about":[{"href":"https:\/\/www.gossip.it\/api\/wp\/v2\/types\/post"}],"author":[{"embeddable":true,"href":"https:\/\/www.gossip.it\/api\/wp\/v2\/users\/1"}],"replies":[{"embeddable":true,"href":"https:\/\/www.gossip.it\/api\/wp\/v2\/comments?post=46398"}],"version-history":[{"count":0,"href":"https:\/\/www.gossip.it\/api\/wp\/v2\/posts\/46398\/revisions"}],"wp:featuredmedia":[{"embeddable":true,"href":"https:\/\/www.gossip.it\/api\/wp\/v2\/media\/102444"}],"wp:attachment":[{"href":"https:\/\/www.gossip.it\/api\/wp\/v2\/media?parent=46398"}],"wp:term":[{"taxonomy":"category","embeddable":true,"href":"https:\/\/www.gossip.it\/api\/wp\/v2\/categories?post=46398"},{"taxonomy":"post_tag","embeddable":true,"href":"https:\/\/www.gossip.it\/api\/wp\/v2\/tags?post=46398"},{"taxonomy":"vip","embeddable":true,"href":"https:\/\/www.gossip.it\/api\/wp\/v2\/vip?post=46398"}],"curies":[{"name":"wp","href":"https:\/\/api.w.org\/{rel}","templated":true}]}}