{"id":46422,"date":"2014-04-17T00:00:00","date_gmt":"2014-04-16T22:00:00","guid":{"rendered":"https:\/\/www.gossip.it\/senza-categoria\/eli-gregoraci-di-nuovo-con-nathan\/"},"modified":"2014-04-17T00:00:00","modified_gmt":"2014-04-16T22:00:00","slug":"eli-gregoraci-di-nuovo-con-nathan","status":"publish","type":"post","link":"https:\/\/www.gossip.it\/news\/eli-gregoraci-di-nuovo-con-nathan\/","title":{"rendered":"Eli Gregoraci, di nuovo con Nathan"},"content":{"rendered":"<p>Conclusosi l'impegno settimanale con <strong>\"Made in Sud\"<\/strong>, <a href=\"http:\/\/www.gossip.it\/news\/monografia.php?keyword=Elisabetta Gregoraci\">Elisabetta Gregoraci<\/a> \u00e8 tornata nella sua casa di <strong>Montecarlo<\/strong>: <em>\"Finally at home with my big love\"<\/em>, scrive accanto alla foto postata su <a href=\"http:\/\/www.gossip.it\/news\/monografia.php?keyword=Instagram\">Instagram<\/a> che la ritrae insieme al figlioletto <a href=\"http:\/\/www.gossip.it\/news\/monografia.php?keyword=Nathan Falco\">Nathan Falco<\/a> gi\u00e0 in pigiama, pronto per andare a dormire. Prima per\u00f2 guarda con attenzione i doni che gli ha portato la sua bellissima mammina. Elisabetta in questo periodo \u00e8 molto impegnata e fa la spola tra <strong>Napoli<\/strong>,<strong> Roma<\/strong> e <strong>Monaco<\/strong> dove vive insieme all'erede e al marito <a href=\"http:\/\/www.gossip.it\/news\/monografia.php?keyword=Flavio Briatore\">Flavio Briatore<\/a>.<\/p>\n<figure class=\"caption\"><img decoding=\"async\" alt=\"\" width=\"620\" height=\"439\" src=\"http:\/\/files.gossip.it\/immagini_news\/2014\/04\/1397735964_2-5.jpg\" \/><figcaption>Elisabetta Gregoraci \u00e8 tornata a casa dal figlio Nathan Falco<\/figcaption><\/figure>\n<p><span style=\"line-height:1.6em\">Svegliarsi nella sua confortevole camera da letto \u00e8 tutta un'altra cosa. A darle il<\/span><strong style=\"line-height:1.6em\"> buongiorno<\/strong><span style=\"line-height:1.6em\">, infatti, il piccolo Nathan che l'abbraccia coricandosi sulla sua spalla. Tra le lenzuola insieme ad Elisabetta anche il suo adorato cagnolino, un pelosissimo <\/span><strong style=\"line-height:1.6em\">yorkshire<\/strong><span style=\"line-height:1.6em\"> <\/span><strong style=\"line-height:1.6em\">toy<\/strong><span style=\"line-height:1.6em\">, una femminuccia di nome <\/span><strong style=\"line-height:1.6em\">Diva<\/strong><span style=\"line-height:1.6em\">.<\/span><em style=\"line-height:1.6em\"> \"Wake-up Mama! Early morning!!!! Nooooo, non ce la posso fare io e Diva vogliamo dormire\"<\/em><span style=\"line-height:1.6em\">. Ma il <\/span><em style=\"line-height:1.6em\">boss<\/em><span style=\"line-height:1.6em\"> di casa non sente ragione, mammina e cagnolina dovranno alzarsi, il mattino ha l'oro in bocca. Nathan non vede l'ora di iniziare una nuova giornata insieme alla Gregoraci, finalmente con lui dopo essere stata via per <\/span><strong style=\"line-height:1.6em\">lavoro<\/strong><span style=\"line-height:1.6em\">.<\/span><\/p>\n<figure class=\"caption\"><img decoding=\"async\" alt=\"\" src=\"http:\/\/files.gossip.it\/immagini_news\/2014\/04\/1397736137_1-11.jpg\" \/><figcaption>Elisabetta Gregoraci il cagnolino Diva svegliati dal piccolo Nathan Falco<\/figcaption><\/figure>\n<p>\u00a0<\/p>\n<p>\u00a0<\/p>\n<p>\u00a0<\/p>\n<p>\u00a0<\/p>\n<p>\u00a0<\/p>\n<p>\u00a0<\/p>\n<p>\u00a0<\/p>\n<p>\u00a0<\/p>\n","protected":false},"excerpt":{"rendered":"<p>Conclusosi l'impegno settimanale con \"Made in Sud\", Elisabetta Gregoraci \u00e8 tornata nella sua casa di Montecarlo: \"Finally at home with my big love\", scrive accanto alla foto postata su Instagram che la ritrae insieme al figlioletto Nathan Falco gi\u00e0 in pigiama, pronto per andare a dormire. Prima per\u00f2 guarda con attenzione i doni che gli [&hellip;]<\/p>\n","protected":false},"author":1,"featured_media":102468,"comment_status":"closed","ping_status":"closed","sticky":false,"template":"","format":"standard","meta":{"footnotes":""},"categories":[54],"tags":[1897,11135,2121,9360,6685,1967,1923],"vip":[651,762],"class_list":["post-46422","post","type-post","status-publish","format-standard","has-post-thumbnail","hentry","category-news","tag-casa","tag-divano","tag-instagram","tag-montecarlo","tag-nathan-falco","tag-showgirl","tag-social","vip-elisabetta_gregoraci","vip-flavio_briatore"],"yoast_head":"<title>Eli Gregoraci, di nuovo con Nathan - Gossip.it | News sul Gossip e VIP<\/title>\n<meta name=\"description\" content=\"Conclusosi l&#039;impegno settimanale con &quot;Made in Sud&quot;, Elisabetta Gregoraci \u00e8 tornata nella sua casa di Montecarlo: &quot;Finally at home with my big love&quot;,\" \/>\n<meta name=\"robots\" content=\"index, follow, max-snippet:-1, max-image-preview:large, max-video-preview:-1\" \/>\n<link rel=\"canonical\" href=\"https:\/\/www.gossip.it\/news\/eli-gregoraci-di-nuovo-con-nathan\/\" \/>\n<meta property=\"og:locale\" content=\"it_IT\" \/>\n<meta property=\"og:type\" content=\"article\" \/>\n<meta property=\"og:title\" content=\"Eli Gregoraci, di nuovo con Nathan - Gossip.it | News sul Gossip e VIP\" \/>\n<meta property=\"og:description\" content=\"Conclusosi l&#039;impegno settimanale con &quot;Made in Sud&quot;, Elisabetta Gregoraci \u00e8 tornata nella sua casa di Montecarlo: &quot;Finally at home with my big love&quot;,\" \/>\n<meta property=\"og:url\" content=\"https:\/\/www.gossip.it\/news\/eli-gregoraci-di-nuovo-con-nathan\/\" \/>\n<meta property=\"og:site_name\" content=\"Gossip.it | News sul Gossip e VIP\" \/>\n<meta property=\"article:publisher\" content=\"https:\/\/www.facebook.com\/GossipIT\" \/>\n<meta property=\"article:published_time\" content=\"2014-04-16T22:00:00+00:00\" \/>\n<meta property=\"og:image\" content=\"http:\/\/files.gossip.it\/immagini_news\/2014\/04\/1397735964_2-5.jpg\" \/>\n<meta name=\"author\" content=\"La Redazione\" \/>\n<meta name=\"twitter:card\" content=\"summary_large_image\" \/>\n<meta name=\"twitter:image\" content=\"http:\/\/files.gossip.it\/immagini_news\/2014\/04\/1397735964_2-5.jpg\" \/>\n<meta name=\"twitter:creator\" content=\"@gossinews_it\" \/>\n<meta name=\"twitter:site\" content=\"@gossinews_it\" \/>\n<meta name=\"twitter:label1\" content=\"Scritto da\" \/>\n\t<meta name=\"twitter:data1\" content=\"Francesca Romana Domenici\" \/>\n\t<meta name=\"twitter:label2\" content=\"Tempo di lettura stimato\" \/>\n\t<meta name=\"twitter:data2\" content=\"1 minuto\" \/>","yoast_head_json":{"title":"Eli Gregoraci, di nuovo con Nathan - Gossip.it | News sul Gossip e VIP","description":"Conclusosi l'impegno settimanale con \"Made in Sud\", Elisabetta Gregoraci \u00e8 tornata nella sua casa di Montecarlo: \"Finally at home with my big love\",","robots":{"index":"index","follow":"follow","max-snippet":"max-snippet:-1","max-image-preview":"max-image-preview:large","max-video-preview":"max-video-preview:-1"},"canonical":"https:\/\/www.gossip.it\/news\/eli-gregoraci-di-nuovo-con-nathan\/","og_locale":"it_IT","og_type":"article","og_title":"Eli Gregoraci, di nuovo con Nathan - Gossip.it | News sul Gossip e VIP","og_description":"Conclusosi l'impegno settimanale con \"Made in Sud\", Elisabetta Gregoraci \u00e8 tornata nella sua casa di Montecarlo: \"Finally at home with my big love\",","og_url":"https:\/\/www.gossip.it\/news\/eli-gregoraci-di-nuovo-con-nathan\/","og_site_name":"Gossip.it | News sul Gossip e VIP","article_publisher":"https:\/\/www.facebook.com\/GossipIT","article_published_time":"2014-04-16T22:00:00+00:00","og_image":[{"url":"http:\/\/files.gossip.it\/immagini_news\/2014\/04\/1397735964_2-5.jpg"}],"author":"La Redazione","twitter_card":"summary_large_image","twitter_image":"http:\/\/files.gossip.it\/immagini_news\/2014\/04\/1397735964_2-5.jpg","twitter_creator":"@gossinews_it","twitter_site":"@gossinews_it","twitter_misc":{"Scritto da":"Francesca Romana Domenici","Tempo di lettura stimato":"1 minuto"},"schema":{"@context":"https:\/\/schema.org","@graph":[{"@type":"Article","@id":"https:\/\/www.gossip.it\/news\/eli-gregoraci-di-nuovo-con-nathan\/#article","isPartOf":{"@id":"https:\/\/www.gossip.it\/news\/eli-gregoraci-di-nuovo-con-nathan\/"},"author":{"name":"La Redazione","@id":"https:\/\/www.gossip.it\/#\/schema\/person\/488896f75158bff1cc83c6c39d141110"},"headline":"Eli Gregoraci, di nuovo con Nathan","datePublished":"2014-04-16T22:00:00+00:00","dateModified":"2014-04-16T22:00:00+00:00","mainEntityOfPage":{"@id":"https:\/\/www.gossip.it\/news\/eli-gregoraci-di-nuovo-con-nathan\/"},"wordCount":214,"publisher":{"@id":"https:\/\/www.gossip.it\/#organization"},"image":{"@id":"https:\/\/www.gossip.it\/news\/eli-gregoraci-di-nuovo-con-nathan\/#primaryimage"},"thumbnailUrl":"http:\/\/files.gossip.it\/immagini_news\/2014\/04\/1397735964_2-5.jpg","keywords":["casa","divano","instagram","montecarlo","nathan falco","showgirl","social"],"articleSection":["News"],"inLanguage":"it-IT"},{"@type":"WebPage","@id":"https:\/\/www.gossip.it\/news\/eli-gregoraci-di-nuovo-con-nathan\/","url":"https:\/\/www.gossip.it\/news\/eli-gregoraci-di-nuovo-con-nathan\/","name":"Eli Gregoraci, di nuovo con Nathan - Gossip.it | News sul Gossip e VIP","isPartOf":{"@id":"https:\/\/www.gossip.it\/#website"},"primaryImageOfPage":{"@id":"https:\/\/www.gossip.it\/news\/eli-gregoraci-di-nuovo-con-nathan\/#primaryimage"},"image":{"@id":"https:\/\/www.gossip.it\/news\/eli-gregoraci-di-nuovo-con-nathan\/#primaryimage"},"thumbnailUrl":"http:\/\/files.gossip.it\/immagini_news\/2014\/04\/1397735964_2-5.jpg","datePublished":"2014-04-16T22:00:00+00:00","dateModified":"2014-04-16T22:00:00+00:00","description":"Conclusosi l'impegno settimanale con \"Made in Sud\", Elisabetta Gregoraci \u00e8 tornata nella sua casa di Montecarlo: \"Finally at home with my big love\",","breadcrumb":{"@id":"https:\/\/www.gossip.it\/news\/eli-gregoraci-di-nuovo-con-nathan\/#breadcrumb"},"inLanguage":"it-IT","potentialAction":[{"@type":"ReadAction","target":["https:\/\/www.gossip.it\/news\/eli-gregoraci-di-nuovo-con-nathan\/"]}]},{"@type":"ImageObject","inLanguage":"it-IT","@id":"https:\/\/www.gossip.it\/news\/eli-gregoraci-di-nuovo-con-nathan\/#primaryimage","url":"http:\/\/files.gossip.it\/immagini_news\/2014\/04\/1397735964_2-5.jpg","contentUrl":"http:\/\/files.gossip.it\/immagini_news\/2014\/04\/1397735964_2-5.jpg"},{"@type":"BreadcrumbList","@id":"https:\/\/www.gossip.it\/news\/eli-gregoraci-di-nuovo-con-nathan\/#breadcrumb","itemListElement":[{"@type":"ListItem","position":1,"name":"Home","item":"https:\/\/www.gossip.it\/"},{"@type":"ListItem","position":2,"name":"Eli Gregoraci, di nuovo con Nathan"}]},{"@type":"WebSite","@id":"https:\/\/www.gossip.it\/#website","url":"https:\/\/www.gossip.it\/","name":"Gossip and VIP News","description":"Quotidiano di cronaca rosa, costume e societ\u00e0","publisher":{"@id":"https:\/\/www.gossip.it\/#organization"},"alternateName":"Gossip and VIP News","potentialAction":[{"@type":"SearchAction","target":{"@type":"EntryPoint","urlTemplate":"https:\/\/www.gossip.it\/?s={search_term_string}"},"query-input":{"@type":"PropertyValueSpecification","valueRequired":true,"valueName":"search_term_string"}}],"inLanguage":"it-IT"},{"@type":"Organization","@id":"https:\/\/www.gossip.it\/#organization","name":"Gossip and VIP News","alternateName":"Gossip News","url":"https:\/\/www.gossip.it\/","logo":{"@type":"ImageObject","inLanguage":"it-IT","@id":"https:\/\/www.gossip.it\/#\/schema\/logo\/image\/","url":"https:\/\/www.gossip.it\/wp-content\/uploads\/2022\/04\/cropped-corna-alta-tiny.png","contentUrl":"https:\/\/www.gossip.it\/wp-content\/uploads\/2022\/04\/cropped-corna-alta-tiny.png","width":512,"height":512,"caption":"Gossip and VIP News"},"image":{"@id":"https:\/\/www.gossip.it\/#\/schema\/logo\/image\/"},"sameAs":["https:\/\/www.facebook.com\/GossipIT","https:\/\/x.com\/gossinews_it","https:\/\/instagram.com\/gossip_it"]},{"@type":"Person","@id":"https:\/\/www.gossip.it\/#\/schema\/person\/488896f75158bff1cc83c6c39d141110","name":"La Redazione","image":{"@type":"ImageObject","inLanguage":"it-IT","@id":"https:\/\/www.gossip.it\/#\/schema\/person\/image\/","url":"https:\/\/secure.gravatar.com\/avatar\/5a5f5c6fa3e6700e4249abdad0263a1e94e927d9e0499b1cb09c1cd29c044d80?s=96&d=mm&r=g","contentUrl":"https:\/\/secure.gravatar.com\/avatar\/5a5f5c6fa3e6700e4249abdad0263a1e94e927d9e0499b1cb09c1cd29c044d80?s=96&d=mm&r=g","caption":"La Redazione"},"sameAs":["https:\/\/www.gossip.it"]}]}},"amp_enabled":true,"_links":{"self":[{"href":"https:\/\/www.gossip.it\/api\/wp\/v2\/posts\/46422","targetHints":{"allow":["GET"]}}],"collection":[{"href":"https:\/\/www.gossip.it\/api\/wp\/v2\/posts"}],"about":[{"href":"https:\/\/www.gossip.it\/api\/wp\/v2\/types\/post"}],"author":[{"embeddable":true,"href":"https:\/\/www.gossip.it\/api\/wp\/v2\/users\/1"}],"replies":[{"embeddable":true,"href":"https:\/\/www.gossip.it\/api\/wp\/v2\/comments?post=46422"}],"version-history":[{"count":0,"href":"https:\/\/www.gossip.it\/api\/wp\/v2\/posts\/46422\/revisions"}],"wp:featuredmedia":[{"embeddable":true,"href":"https:\/\/www.gossip.it\/api\/wp\/v2\/media\/102468"}],"wp:attachment":[{"href":"https:\/\/www.gossip.it\/api\/wp\/v2\/media?parent=46422"}],"wp:term":[{"taxonomy":"category","embeddable":true,"href":"https:\/\/www.gossip.it\/api\/wp\/v2\/categories?post=46422"},{"taxonomy":"post_tag","embeddable":true,"href":"https:\/\/www.gossip.it\/api\/wp\/v2\/tags?post=46422"},{"taxonomy":"vip","embeddable":true,"href":"https:\/\/www.gossip.it\/api\/wp\/v2\/vip?post=46422"}],"curies":[{"name":"wp","href":"https:\/\/api.w.org\/{rel}","templated":true}]}}