{"id":46432,"date":"2014-04-18T00:00:00","date_gmt":"2014-04-17T22:00:00","guid":{"rendered":"https:\/\/www.gossip.it\/senza-categoria\/shakira-ricorda-gabriel-garcia-marquez\/"},"modified":"2014-04-18T00:00:00","modified_gmt":"2014-04-17T22:00:00","slug":"shakira-ricorda-gabriel-garcia-marquez","status":"publish","type":"post","link":"https:\/\/www.gossip.it\/news\/shakira-ricorda-gabriel-garcia-marquez\/","title":{"rendered":"Shakira ricorda Gabr\u00ecel G\u00e0rcia Marquez"},"content":{"rendered":"<p><em>\"Caro Gabo, una volta dicesti che la vita non \u00e8 quella che si \u00e8 vissuta , ma quella che si ricorda e come la si ricorda per raccontarla... La tua vita caro Gabo la ricorderemo come un regalo unico e irripetibile e come una delle storie pi\u00f9 originali. E' difficile dirti addio, dal momento che ci hai dato cos\u00ec tanto! Resterai con me per sempre e con tutti quelli che ti hanno stimato e ammirato. Shak\"<\/em>. Queste le parole che <a href=\"http:\/\/www.gossip.it\/news\/monografia.php?keyword=Shakira\">Shakira<\/a> ha voluto dedicare al connazionale <a href=\"http:\/\/www.gossip.it\/news\/monografia.php?keyword=Gabriel Garc\u00eca M\u00e0rquez\">Gabriel Garc\u00eca M\u00e0rquez<\/a>, lo scrittore e giornalista colombiano morto all'et\u00e0 di 87 anni dopo una lunga malattia, vittima di un cancro. <a href=\"http:\/\/www.gossip.it\/news\/monografia.php?keyword=La cantante\">La cantante<\/a> ha pubblicato sul suo profilo Instagram una foto che la ritrae insieme al compianto <strong>Premio Nobel<\/strong>.<\/p>\n<figure class=\"caption\"><img decoding=\"async\" alt=\"\" src=\"http:\/\/files.gossip.it\/immagini_news\/2014\/04\/1397814704_1-1.jpg\" \/><figcaption>Shakira riorda Gabriel Garc\u00eca M\u00e0rquez, scomparso all'et\u00e0 di 87 anni dopo una lunga lotta con la malattia<\/figcaption><\/figure>\n<p>Gabriel Garc\u00eca M\u00e0rquez, nato nel 1927 a <strong>Aracataca<\/strong> in <strong>Colombia<\/strong>, \u00e8 morto a <strong>Citt\u00e0 del Messico<\/strong>. Vinse il Premio Nobel per la Letteratura nel 1982. <strong>Gabo<\/strong>, questo il suo soprannome, <strong>era considerato il maggiore esponente del realismo magico<\/strong>. Ad annunciarne la morte la famiglia. Il presidente della Colombia <strong>Juan Manuel Santos<\/strong> ha confermato la scomparsa dello scrittore: <em>\"Mille anni di solitudine e tristezza per la morte del pi\u00f9 grande dei colombiani di tutti i tempi. Solidariet\u00e0 e condoglianze a Gabo e la famiglia\"<\/em>, scrive su <a href=\"http:\/\/www.gossip.it\/news\/monografia.php?keyword=Twitter\">Twitter<\/a>. <strong>La Colombia ha indetto tre giorni di lutto nazionale<\/strong>. Nonostante la scelta di funerali privati, il suo corpo verr\u00e0 cremato, luned\u00ec prossimo al Palazzo delle <strong>Belle Arti del Messico<\/strong>, un edificio di marmo nel centro storico di Citt\u00e0 del Messico, si terr\u00e0 una commemorazione pubblica.<\/p>\n<p>\u00a0<\/p>\n","protected":false},"excerpt":{"rendered":"<p>\"Caro Gabo, una volta dicesti che la vita non \u00e8 quella che si \u00e8 vissuta , ma quella che si ricorda e come la si ricorda per raccontarla... La tua vita caro Gabo la ricorderemo come un regalo unico e irripetibile e come una delle storie pi\u00f9 originali. E' difficile dirti addio, dal momento che [&hellip;]<\/p>\n","protected":false},"author":1,"featured_media":102478,"comment_status":"closed","ping_status":"closed","sticky":false,"template":"","format":"standard","meta":{"footnotes":""},"categories":[54],"tags":[2314,28747,10684,49107,2168,2121,3495,8687,40310,3268,1923],"vip":[1680],"class_list":["post-46432","post","type-post","status-publish","format-standard","has-post-thumbnail","hentry","category-news","tag-cancro","tag-colombia","tag-funerali","tag-gabiel-garcia-marquez","tag-giornalista","tag-instagram","tag-messico","tag-morte","tag-premio-nobel","tag-scrittore","tag-social","vip-shakira"],"yoast_head":"<title>Shakira ricorda Gabr\u00ecel G\u00e0rcia Marquez - Gossip.it | News sul Gossip e VIP<\/title>\n<meta name=\"description\" content=\"&quot;Caro Gabo, una volta dicesti che la vita non \u00e8 quella che si \u00e8 vissuta , ma quella che si ricorda e come la si ricorda per raccontarla... La tua vita\" \/>\n<meta name=\"robots\" content=\"index, follow, max-snippet:-1, max-image-preview:large, max-video-preview:-1\" \/>\n<link rel=\"canonical\" href=\"https:\/\/www.gossip.it\/news\/shakira-ricorda-gabriel-garcia-marquez\/\" \/>\n<meta property=\"og:locale\" content=\"it_IT\" \/>\n<meta property=\"og:type\" content=\"article\" \/>\n<meta property=\"og:title\" content=\"Shakira ricorda Gabr\u00ecel G\u00e0rcia Marquez - Gossip.it | News sul Gossip e VIP\" \/>\n<meta property=\"og:description\" content=\"&quot;Caro Gabo, una volta dicesti che la vita non \u00e8 quella che si \u00e8 vissuta , ma quella che si ricorda e come la si ricorda per raccontarla... La tua vita\" \/>\n<meta property=\"og:url\" content=\"https:\/\/www.gossip.it\/news\/shakira-ricorda-gabriel-garcia-marquez\/\" \/>\n<meta property=\"og:site_name\" content=\"Gossip.it | News sul Gossip e VIP\" \/>\n<meta property=\"article:publisher\" content=\"https:\/\/www.facebook.com\/GossipIT\" \/>\n<meta property=\"article:published_time\" content=\"2014-04-17T22:00:00+00:00\" \/>\n<meta property=\"og:image\" content=\"http:\/\/files.gossip.it\/immagini_news\/2014\/04\/1397814704_1-1.jpg\" \/>\n<meta name=\"author\" content=\"La Redazione\" \/>\n<meta name=\"twitter:card\" content=\"summary_large_image\" \/>\n<meta name=\"twitter:image\" content=\"http:\/\/files.gossip.it\/immagini_news\/2014\/04\/1397814704_1-1.jpg\" \/>\n<meta name=\"twitter:creator\" content=\"@gossinews_it\" \/>\n<meta name=\"twitter:site\" content=\"@gossinews_it\" \/>\n<meta name=\"twitter:label1\" content=\"Scritto da\" \/>\n\t<meta name=\"twitter:data1\" content=\"Francesca Romana Domenici\" \/>\n\t<meta name=\"twitter:label2\" content=\"Tempo di lettura stimato\" \/>\n\t<meta name=\"twitter:data2\" content=\"1 minuto\" \/>","yoast_head_json":{"title":"Shakira ricorda Gabr\u00ecel G\u00e0rcia Marquez - Gossip.it | News sul Gossip e VIP","description":"\"Caro Gabo, una volta dicesti che la vita non \u00e8 quella che si \u00e8 vissuta , ma quella che si ricorda e come la si ricorda per raccontarla... La tua vita","robots":{"index":"index","follow":"follow","max-snippet":"max-snippet:-1","max-image-preview":"max-image-preview:large","max-video-preview":"max-video-preview:-1"},"canonical":"https:\/\/www.gossip.it\/news\/shakira-ricorda-gabriel-garcia-marquez\/","og_locale":"it_IT","og_type":"article","og_title":"Shakira ricorda Gabr\u00ecel G\u00e0rcia Marquez - Gossip.it | News sul Gossip e VIP","og_description":"\"Caro Gabo, una volta dicesti che la vita non \u00e8 quella che si \u00e8 vissuta , ma quella che si ricorda e come la si ricorda per raccontarla... La tua vita","og_url":"https:\/\/www.gossip.it\/news\/shakira-ricorda-gabriel-garcia-marquez\/","og_site_name":"Gossip.it | News sul Gossip e VIP","article_publisher":"https:\/\/www.facebook.com\/GossipIT","article_published_time":"2014-04-17T22:00:00+00:00","og_image":[{"url":"http:\/\/files.gossip.it\/immagini_news\/2014\/04\/1397814704_1-1.jpg"}],"author":"La Redazione","twitter_card":"summary_large_image","twitter_image":"http:\/\/files.gossip.it\/immagini_news\/2014\/04\/1397814704_1-1.jpg","twitter_creator":"@gossinews_it","twitter_site":"@gossinews_it","twitter_misc":{"Scritto da":"Francesca Romana Domenici","Tempo di lettura stimato":"1 minuto"},"schema":{"@context":"https:\/\/schema.org","@graph":[{"@type":"Article","@id":"https:\/\/www.gossip.it\/news\/shakira-ricorda-gabriel-garcia-marquez\/#article","isPartOf":{"@id":"https:\/\/www.gossip.it\/news\/shakira-ricorda-gabriel-garcia-marquez\/"},"author":{"name":"La Redazione","@id":"https:\/\/www.gossip.it\/#\/schema\/person\/488896f75158bff1cc83c6c39d141110"},"headline":"Shakira ricorda Gabr\u00ecel G\u00e0rcia Marquez","datePublished":"2014-04-17T22:00:00+00:00","dateModified":"2014-04-17T22:00:00+00:00","mainEntityOfPage":{"@id":"https:\/\/www.gossip.it\/news\/shakira-ricorda-gabriel-garcia-marquez\/"},"wordCount":280,"publisher":{"@id":"https:\/\/www.gossip.it\/#organization"},"image":{"@id":"https:\/\/www.gossip.it\/news\/shakira-ricorda-gabriel-garcia-marquez\/#primaryimage"},"thumbnailUrl":"http:\/\/files.gossip.it\/immagini_news\/2014\/04\/1397814704_1-1.jpg","keywords":["cancro","colombia","funerali","gabiel garcia marquez","giornalista","instagram","messico","morte","premio nobel","scrittore","social"],"articleSection":["News"],"inLanguage":"it-IT"},{"@type":"WebPage","@id":"https:\/\/www.gossip.it\/news\/shakira-ricorda-gabriel-garcia-marquez\/","url":"https:\/\/www.gossip.it\/news\/shakira-ricorda-gabriel-garcia-marquez\/","name":"Shakira ricorda Gabr\u00ecel G\u00e0rcia Marquez - Gossip.it | News sul Gossip e VIP","isPartOf":{"@id":"https:\/\/www.gossip.it\/#website"},"primaryImageOfPage":{"@id":"https:\/\/www.gossip.it\/news\/shakira-ricorda-gabriel-garcia-marquez\/#primaryimage"},"image":{"@id":"https:\/\/www.gossip.it\/news\/shakira-ricorda-gabriel-garcia-marquez\/#primaryimage"},"thumbnailUrl":"http:\/\/files.gossip.it\/immagini_news\/2014\/04\/1397814704_1-1.jpg","datePublished":"2014-04-17T22:00:00+00:00","dateModified":"2014-04-17T22:00:00+00:00","description":"\"Caro Gabo, una volta dicesti che la vita non \u00e8 quella che si \u00e8 vissuta , ma quella che si ricorda e come la si ricorda per raccontarla... La tua vita","breadcrumb":{"@id":"https:\/\/www.gossip.it\/news\/shakira-ricorda-gabriel-garcia-marquez\/#breadcrumb"},"inLanguage":"it-IT","potentialAction":[{"@type":"ReadAction","target":["https:\/\/www.gossip.it\/news\/shakira-ricorda-gabriel-garcia-marquez\/"]}]},{"@type":"ImageObject","inLanguage":"it-IT","@id":"https:\/\/www.gossip.it\/news\/shakira-ricorda-gabriel-garcia-marquez\/#primaryimage","url":"http:\/\/files.gossip.it\/immagini_news\/2014\/04\/1397814704_1-1.jpg","contentUrl":"http:\/\/files.gossip.it\/immagini_news\/2014\/04\/1397814704_1-1.jpg"},{"@type":"BreadcrumbList","@id":"https:\/\/www.gossip.it\/news\/shakira-ricorda-gabriel-garcia-marquez\/#breadcrumb","itemListElement":[{"@type":"ListItem","position":1,"name":"Home","item":"https:\/\/www.gossip.it\/"},{"@type":"ListItem","position":2,"name":"Shakira ricorda Gabr\u00ecel G\u00e0rcia Marquez"}]},{"@type":"WebSite","@id":"https:\/\/www.gossip.it\/#website","url":"https:\/\/www.gossip.it\/","name":"Gossip and VIP News","description":"Quotidiano di cronaca rosa, costume e societ\u00e0","publisher":{"@id":"https:\/\/www.gossip.it\/#organization"},"alternateName":"Gossip and VIP News","potentialAction":[{"@type":"SearchAction","target":{"@type":"EntryPoint","urlTemplate":"https:\/\/www.gossip.it\/?s={search_term_string}"},"query-input":{"@type":"PropertyValueSpecification","valueRequired":true,"valueName":"search_term_string"}}],"inLanguage":"it-IT"},{"@type":"Organization","@id":"https:\/\/www.gossip.it\/#organization","name":"Gossip and VIP News","alternateName":"Gossip News","url":"https:\/\/www.gossip.it\/","logo":{"@type":"ImageObject","inLanguage":"it-IT","@id":"https:\/\/www.gossip.it\/#\/schema\/logo\/image\/","url":"https:\/\/www.gossip.it\/wp-content\/uploads\/2022\/04\/cropped-corna-alta-tiny.png","contentUrl":"https:\/\/www.gossip.it\/wp-content\/uploads\/2022\/04\/cropped-corna-alta-tiny.png","width":512,"height":512,"caption":"Gossip and VIP News"},"image":{"@id":"https:\/\/www.gossip.it\/#\/schema\/logo\/image\/"},"sameAs":["https:\/\/www.facebook.com\/GossipIT","https:\/\/x.com\/gossinews_it","https:\/\/instagram.com\/gossip_it"]},{"@type":"Person","@id":"https:\/\/www.gossip.it\/#\/schema\/person\/488896f75158bff1cc83c6c39d141110","name":"La Redazione","image":{"@type":"ImageObject","inLanguage":"it-IT","@id":"https:\/\/www.gossip.it\/#\/schema\/person\/image\/","url":"https:\/\/secure.gravatar.com\/avatar\/5a5f5c6fa3e6700e4249abdad0263a1e94e927d9e0499b1cb09c1cd29c044d80?s=96&d=mm&r=g","contentUrl":"https:\/\/secure.gravatar.com\/avatar\/5a5f5c6fa3e6700e4249abdad0263a1e94e927d9e0499b1cb09c1cd29c044d80?s=96&d=mm&r=g","caption":"La Redazione"},"sameAs":["https:\/\/www.gossip.it"]}]}},"amp_enabled":true,"_links":{"self":[{"href":"https:\/\/www.gossip.it\/api\/wp\/v2\/posts\/46432","targetHints":{"allow":["GET"]}}],"collection":[{"href":"https:\/\/www.gossip.it\/api\/wp\/v2\/posts"}],"about":[{"href":"https:\/\/www.gossip.it\/api\/wp\/v2\/types\/post"}],"author":[{"embeddable":true,"href":"https:\/\/www.gossip.it\/api\/wp\/v2\/users\/1"}],"replies":[{"embeddable":true,"href":"https:\/\/www.gossip.it\/api\/wp\/v2\/comments?post=46432"}],"version-history":[{"count":0,"href":"https:\/\/www.gossip.it\/api\/wp\/v2\/posts\/46432\/revisions"}],"wp:featuredmedia":[{"embeddable":true,"href":"https:\/\/www.gossip.it\/api\/wp\/v2\/media\/102478"}],"wp:attachment":[{"href":"https:\/\/www.gossip.it\/api\/wp\/v2\/media?parent=46432"}],"wp:term":[{"taxonomy":"category","embeddable":true,"href":"https:\/\/www.gossip.it\/api\/wp\/v2\/categories?post=46432"},{"taxonomy":"post_tag","embeddable":true,"href":"https:\/\/www.gossip.it\/api\/wp\/v2\/tags?post=46432"},{"taxonomy":"vip","embeddable":true,"href":"https:\/\/www.gossip.it\/api\/wp\/v2\/vip?post=46432"}],"curies":[{"name":"wp","href":"https:\/\/api.w.org\/{rel}","templated":true}]}}