{"id":46473,"date":"2014-04-23T00:00:00","date_gmt":"2014-04-22T22:00:00","guid":{"rendered":"https:\/\/www.gossip.it\/senza-categoria\/valeria-marini-nozze-al-capolinea\/"},"modified":"2014-04-23T00:00:00","modified_gmt":"2014-04-22T22:00:00","slug":"valeria-marini-nozze-al-capolinea","status":"publish","type":"post","link":"https:\/\/www.gossip.it\/news\/valeria-marini-nozze-al-capolinea\/","title":{"rendered":"Valeria Marini, nozze al capolinea"},"content":{"rendered":"<p>Fra pochi giorni avrebbero festeggiato il primo anniversario di <a href=\"http:\/\/www.gossip.it\/news\/monografia.php?keyword=nozze\">nozze<\/a>, ma la rottura \u00e8 arrivata prima: <a href=\"http:\/\/www.gossip.it\/news\/monografia.php?keyword=Valeria Marini\">Valeria Marini<\/a>, 46 anni, e l'imprenditore <a href=\"http:\/\/www.gossip.it\/news\/monografia.php?keyword=Giovanni Cotone\">Giovanni Cotone<\/a>, 56,\u00a0 <a href=\"http:\/\/www.gossip.it\/protagonisti\/valeria_marini_finalmente_ha_sposato_giovanni_cottone_foto_sperw.html?id=7f0187bd914eb1ab815e914b5ef9067c\">hanno messo la parola fine alle loro matrimonio, celebrato il 5 maggio del 2013 nella <strong>Basilica dell'Ara Coeli<\/strong> a Roma<\/a>. Come testimoni due cari amici della coppia, <a href=\"http:\/\/www.gossip.it\/news\/monografia.php?keyword=Anna Tatangelo\">Anna Tatangelo<\/a> e <a href=\"http:\/\/www.gossip.it\/news\/monografia.php?keyword=Gigi D'Alessio.\">Gigi D'Alessio.<\/a><\/p>\n<figure class=\"caption\"><img decoding=\"async\" alt=\"\" width=\"620\" height=\"390\" src=\"http:\/\/files.gossip.it\/immagini_news\/2014\/04\/1398246946_1-1.jpg\" \/><figcaption>Valeria Marini e Giovanni Cottone nel giorno delle loro nozze, celebrate il 5 maggio del 2013<\/figcaption><\/figure>\n<p>Secondo il settimanale <em>Chi<\/em> la separazione sarebbe stata gi\u00e0 firmata. Tra poco ci sar\u00e0 la prima udienza, il 6 maggio, a un anno esatto dal <strong>fatidico s\u00ec<\/strong>, per lo scioglimento el vincolo matrimoniale che, secondo indiscrezioni, potrebbe portare all'annullamento da parte della <strong>Sacra Rota<\/strong>. I diretti interessati non hanno ancora rilasciato <strong>dichiarazioni<\/strong> in merito alla fine del loro amore. La relazione, iniziata nel 2008,\u00a0 \u00e8 durata sei anni, ma come <strong>marito<\/strong> e <strong>moglie<\/strong>, sono stati insieme appena 365 giorni. Problemi tra i due sarebbero sorti subito dopo lo scambio degli anelli, da mesi non si vedevano pi\u00f9 in giro insieme, sia durante gli avvenimenti pubblici che quelli privati. Cottone non era presente neppure al <strong>funerale <\/strong>di <strong>Mario Marini,<\/strong> pap\u00e0 della moglie, che si \u00e8 tenuto alla fine di gennaio. La mamma di Valeria <a href=\"http:\/\/www.gossip.it\/news\/monografia.php?keyword=Gianna Orru\">Gianna Orru<\/a> e il genero pare non andassero pi\u00f9 d'accordo, fra loro, ultimamente, la tensione era alta.<\/p>\n<figure class=\"caption\"><img decoding=\"async\" alt=\"\" src=\"http:\/\/files.gossip.it\/immagini_news\/2014\/04\/1398246997_2-1.jpg\" \/><figcaption>Valeria Marini e Giovanni Cottone il 6 maggio del 2014 firmeranno i documenti per l'annullamento del matrimonio<\/figcaption><\/figure>\n<p><strong>Valeria avrebbe gi\u00e0 trovato un nuovo compagno<\/strong>, il settimanale <em>Diva e Donna<\/em> l'ha paparazzata insieme ad <strong>Antonio Brosio<\/strong>, 11 anni pi\u00f9 giocane di lei. E gi\u00e0 si parla di <a href=\"http:\/\/www.gossip.it\/news\/monografia.php?keyword=tot boy\">tot boy<\/a> per la \u00a0<a href=\"http:\/\/www.gossip.it\/news\/monografia.php?keyword=showgirl\">showgirl<\/a>. L'uomo non \u00e8 un volto nuovo dello <strong>show-biz<\/strong>, ha un passato da ex <a href=\"http:\/\/www.gossip.it\/news\/monografia.php?keyword=tronista\">tronista<\/a> di<strong> \"Uomini e Donne\"<\/strong>. Fotografati insieme a <strong>Roma<\/strong>, con la Marini sono apparsi sorridenti e felici. Tra loro sembra esserci un certo<strong> feeling<\/strong>. L'ultima fidanzata di Antonio, sempre circondato da belle donne, \u00e8 stata <a href=\"http:\/\/www.gossip.it\/news\/monografia.php?keyword=Teodora Rutigliano\">Teodora Rutigliano<\/a>, ex meteorina, ex fiamma di <a href=\"http:\/\/www.gossip.it\/news\/monografia.php?keyword=Stefano Ricucci\">Stefano Ricucci<\/a> e dello stilista <a href=\"http:\/\/www.gossip.it\/news\/monografia.php?keyword=Philipp Plein\">Philipp Plein<\/a>. Nel passato di Brosio pure un <a href=\"http:\/\/www.gossip.it\/news\/monografia.php?keyword=flirt\">flirt<\/a> con l'ex gieffina <a href=\"http:\/\/www.gossip.it\/news\/monografia.php?keyword=Guendalina Tavassi\">Guendalina Tavassi<\/a>. Ora per\u00f2 sembra aver ceduto al fascino di Valeria, se sono rose fioriranno...<\/p>\n<figure class=\"caption\"><img decoding=\"async\" alt=\"\" src=\"http:\/\/files.gossip.it\/immagini_news\/2014\/04\/1398247073_3.jpg\" \/><figcaption>Valeria Marini avrebbe gi\u00e0 ritrovato l'amore, si tratta di Antonio Brosio, ex tronista di 'Uomini e Donne'<\/figcaption><\/figure>\n<p>\u00a0<\/p>\n","protected":false},"excerpt":{"rendered":"<p>Fra pochi giorni avrebbero festeggiato il primo anniversario di nozze, ma la rottura \u00e8 arrivata prima: Valeria Marini, 46 anni, e l'imprenditore Giovanni Cotone, 56,\u00a0 hanno messo la parola fine alle loro matrimonio, celebrato il 5 maggio del 2013 nella Basilica dell'Ara Coeli a Roma. Come testimoni due cari amici della coppia, Anna Tatangelo e [&hellip;]<\/p>\n","protected":false},"author":1,"featured_media":102519,"comment_status":"closed","ping_status":"closed","sticky":false,"template":"","format":"standard","meta":{"footnotes":""},"categories":[54],"tags":[1950,2216,2110,4144,14617,26015,6327],"vip":[355,884,926,1807],"class_list":["post-46473","post","type-post","status-publish","format-standard","has-post-thumbnail","hentry","category-news","tag-matrimonio","tag-nozze","tag-paparazzata","tag-separazione","tag-stefano-ricucci","tag-teodora-rutigliano","tag-toy-boy","vip-antonio_brosio","vip-giovanni_cottone","vip-guendalina_tavassi","vip-valeria_marini"],"yoast_head":"<title>Valeria Marini, nozze al capolinea - Gossip.it | News sul Gossip e VIP<\/title>\n<meta name=\"description\" content=\"Fra pochi giorni avrebbero festeggiato il primo anniversario di nozze, ma la rottura \u00e8 arrivata prima: Valeria Marini, 46 anni, e l&#039;imprenditore Giovanni\" \/>\n<meta name=\"robots\" content=\"index, follow, max-snippet:-1, max-image-preview:large, max-video-preview:-1\" \/>\n<link rel=\"canonical\" href=\"https:\/\/www.gossip.it\/news\/valeria-marini-nozze-al-capolinea\/\" \/>\n<meta property=\"og:locale\" content=\"it_IT\" \/>\n<meta property=\"og:type\" content=\"article\" \/>\n<meta property=\"og:title\" content=\"Valeria Marini, nozze al capolinea - Gossip.it | News sul Gossip e VIP\" \/>\n<meta property=\"og:description\" content=\"Fra pochi giorni avrebbero festeggiato il primo anniversario di nozze, ma la rottura \u00e8 arrivata prima: Valeria Marini, 46 anni, e l&#039;imprenditore Giovanni\" \/>\n<meta property=\"og:url\" content=\"https:\/\/www.gossip.it\/news\/valeria-marini-nozze-al-capolinea\/\" \/>\n<meta property=\"og:site_name\" content=\"Gossip.it | News sul Gossip e VIP\" \/>\n<meta property=\"article:publisher\" content=\"https:\/\/www.facebook.com\/GossipIT\" \/>\n<meta property=\"article:published_time\" content=\"2014-04-22T22:00:00+00:00\" \/>\n<meta property=\"og:image\" content=\"http:\/\/files.gossip.it\/immagini_news\/2014\/04\/1398246946_1-1.jpg\" \/>\n<meta name=\"author\" content=\"La Redazione\" \/>\n<meta name=\"twitter:card\" content=\"summary_large_image\" \/>\n<meta name=\"twitter:image\" content=\"http:\/\/files.gossip.it\/immagini_news\/2014\/04\/1398246946_1-1.jpg\" \/>\n<meta name=\"twitter:creator\" content=\"@gossinews_it\" \/>\n<meta name=\"twitter:site\" content=\"@gossinews_it\" \/>\n<meta name=\"twitter:label1\" content=\"Scritto da\" \/>\n\t<meta name=\"twitter:data1\" content=\"Francesca Romana Domenici\" \/>\n\t<meta name=\"twitter:label2\" content=\"Tempo di lettura stimato\" \/>\n\t<meta name=\"twitter:data2\" content=\"2 minuti\" \/>","yoast_head_json":{"title":"Valeria Marini, nozze al capolinea - Gossip.it | News sul Gossip e VIP","description":"Fra pochi giorni avrebbero festeggiato il primo anniversario di nozze, ma la rottura \u00e8 arrivata prima: Valeria Marini, 46 anni, e l'imprenditore Giovanni","robots":{"index":"index","follow":"follow","max-snippet":"max-snippet:-1","max-image-preview":"max-image-preview:large","max-video-preview":"max-video-preview:-1"},"canonical":"https:\/\/www.gossip.it\/news\/valeria-marini-nozze-al-capolinea\/","og_locale":"it_IT","og_type":"article","og_title":"Valeria Marini, nozze al capolinea - Gossip.it | News sul Gossip e VIP","og_description":"Fra pochi giorni avrebbero festeggiato il primo anniversario di nozze, ma la rottura \u00e8 arrivata prima: Valeria Marini, 46 anni, e l'imprenditore Giovanni","og_url":"https:\/\/www.gossip.it\/news\/valeria-marini-nozze-al-capolinea\/","og_site_name":"Gossip.it | News sul Gossip e VIP","article_publisher":"https:\/\/www.facebook.com\/GossipIT","article_published_time":"2014-04-22T22:00:00+00:00","og_image":[{"url":"http:\/\/files.gossip.it\/immagini_news\/2014\/04\/1398246946_1-1.jpg"}],"author":"La Redazione","twitter_card":"summary_large_image","twitter_image":"http:\/\/files.gossip.it\/immagini_news\/2014\/04\/1398246946_1-1.jpg","twitter_creator":"@gossinews_it","twitter_site":"@gossinews_it","twitter_misc":{"Scritto da":"Francesca Romana Domenici","Tempo di lettura stimato":"2 minuti"},"schema":{"@context":"https:\/\/schema.org","@graph":[{"@type":"Article","@id":"https:\/\/www.gossip.it\/news\/valeria-marini-nozze-al-capolinea\/#article","isPartOf":{"@id":"https:\/\/www.gossip.it\/news\/valeria-marini-nozze-al-capolinea\/"},"author":{"name":"La Redazione","@id":"https:\/\/www.gossip.it\/#\/schema\/person\/488896f75158bff1cc83c6c39d141110"},"headline":"Valeria Marini, nozze al capolinea","datePublished":"2014-04-22T22:00:00+00:00","dateModified":"2014-04-22T22:00:00+00:00","mainEntityOfPage":{"@id":"https:\/\/www.gossip.it\/news\/valeria-marini-nozze-al-capolinea\/"},"wordCount":377,"publisher":{"@id":"https:\/\/www.gossip.it\/#organization"},"image":{"@id":"https:\/\/www.gossip.it\/news\/valeria-marini-nozze-al-capolinea\/#primaryimage"},"thumbnailUrl":"http:\/\/files.gossip.it\/immagini_news\/2014\/04\/1398246946_1-1.jpg","keywords":["matrimonio","nozze","paparazzata","separazione","stefano ricucci","teodora rutigliano","toy boy"],"articleSection":["News"],"inLanguage":"it-IT"},{"@type":"WebPage","@id":"https:\/\/www.gossip.it\/news\/valeria-marini-nozze-al-capolinea\/","url":"https:\/\/www.gossip.it\/news\/valeria-marini-nozze-al-capolinea\/","name":"Valeria Marini, nozze al capolinea - Gossip.it | News sul Gossip e VIP","isPartOf":{"@id":"https:\/\/www.gossip.it\/#website"},"primaryImageOfPage":{"@id":"https:\/\/www.gossip.it\/news\/valeria-marini-nozze-al-capolinea\/#primaryimage"},"image":{"@id":"https:\/\/www.gossip.it\/news\/valeria-marini-nozze-al-capolinea\/#primaryimage"},"thumbnailUrl":"http:\/\/files.gossip.it\/immagini_news\/2014\/04\/1398246946_1-1.jpg","datePublished":"2014-04-22T22:00:00+00:00","dateModified":"2014-04-22T22:00:00+00:00","description":"Fra pochi giorni avrebbero festeggiato il primo anniversario di nozze, ma la rottura \u00e8 arrivata prima: Valeria Marini, 46 anni, e l'imprenditore Giovanni","breadcrumb":{"@id":"https:\/\/www.gossip.it\/news\/valeria-marini-nozze-al-capolinea\/#breadcrumb"},"inLanguage":"it-IT","potentialAction":[{"@type":"ReadAction","target":["https:\/\/www.gossip.it\/news\/valeria-marini-nozze-al-capolinea\/"]}]},{"@type":"ImageObject","inLanguage":"it-IT","@id":"https:\/\/www.gossip.it\/news\/valeria-marini-nozze-al-capolinea\/#primaryimage","url":"http:\/\/files.gossip.it\/immagini_news\/2014\/04\/1398246946_1-1.jpg","contentUrl":"http:\/\/files.gossip.it\/immagini_news\/2014\/04\/1398246946_1-1.jpg"},{"@type":"BreadcrumbList","@id":"https:\/\/www.gossip.it\/news\/valeria-marini-nozze-al-capolinea\/#breadcrumb","itemListElement":[{"@type":"ListItem","position":1,"name":"Home","item":"https:\/\/www.gossip.it\/"},{"@type":"ListItem","position":2,"name":"Valeria Marini, nozze al capolinea"}]},{"@type":"WebSite","@id":"https:\/\/www.gossip.it\/#website","url":"https:\/\/www.gossip.it\/","name":"Gossip and VIP News","description":"Quotidiano di cronaca rosa, costume e societ\u00e0","publisher":{"@id":"https:\/\/www.gossip.it\/#organization"},"alternateName":"Gossip and VIP News","potentialAction":[{"@type":"SearchAction","target":{"@type":"EntryPoint","urlTemplate":"https:\/\/www.gossip.it\/?s={search_term_string}"},"query-input":{"@type":"PropertyValueSpecification","valueRequired":true,"valueName":"search_term_string"}}],"inLanguage":"it-IT"},{"@type":"Organization","@id":"https:\/\/www.gossip.it\/#organization","name":"Gossip and VIP News","alternateName":"Gossip News","url":"https:\/\/www.gossip.it\/","logo":{"@type":"ImageObject","inLanguage":"it-IT","@id":"https:\/\/www.gossip.it\/#\/schema\/logo\/image\/","url":"https:\/\/www.gossip.it\/wp-content\/uploads\/2022\/04\/cropped-corna-alta-tiny.png","contentUrl":"https:\/\/www.gossip.it\/wp-content\/uploads\/2022\/04\/cropped-corna-alta-tiny.png","width":512,"height":512,"caption":"Gossip and VIP News"},"image":{"@id":"https:\/\/www.gossip.it\/#\/schema\/logo\/image\/"},"sameAs":["https:\/\/www.facebook.com\/GossipIT","https:\/\/x.com\/gossinews_it","https:\/\/instagram.com\/gossip_it"]},{"@type":"Person","@id":"https:\/\/www.gossip.it\/#\/schema\/person\/488896f75158bff1cc83c6c39d141110","name":"La Redazione","image":{"@type":"ImageObject","inLanguage":"it-IT","@id":"https:\/\/www.gossip.it\/#\/schema\/person\/image\/","url":"https:\/\/secure.gravatar.com\/avatar\/5a5f5c6fa3e6700e4249abdad0263a1e94e927d9e0499b1cb09c1cd29c044d80?s=96&d=mm&r=g","contentUrl":"https:\/\/secure.gravatar.com\/avatar\/5a5f5c6fa3e6700e4249abdad0263a1e94e927d9e0499b1cb09c1cd29c044d80?s=96&d=mm&r=g","caption":"La Redazione"},"sameAs":["https:\/\/www.gossip.it"]}]}},"amp_enabled":true,"_links":{"self":[{"href":"https:\/\/www.gossip.it\/api\/wp\/v2\/posts\/46473","targetHints":{"allow":["GET"]}}],"collection":[{"href":"https:\/\/www.gossip.it\/api\/wp\/v2\/posts"}],"about":[{"href":"https:\/\/www.gossip.it\/api\/wp\/v2\/types\/post"}],"author":[{"embeddable":true,"href":"https:\/\/www.gossip.it\/api\/wp\/v2\/users\/1"}],"replies":[{"embeddable":true,"href":"https:\/\/www.gossip.it\/api\/wp\/v2\/comments?post=46473"}],"version-history":[{"count":0,"href":"https:\/\/www.gossip.it\/api\/wp\/v2\/posts\/46473\/revisions"}],"wp:featuredmedia":[{"embeddable":true,"href":"https:\/\/www.gossip.it\/api\/wp\/v2\/media\/102519"}],"wp:attachment":[{"href":"https:\/\/www.gossip.it\/api\/wp\/v2\/media?parent=46473"}],"wp:term":[{"taxonomy":"category","embeddable":true,"href":"https:\/\/www.gossip.it\/api\/wp\/v2\/categories?post=46473"},{"taxonomy":"post_tag","embeddable":true,"href":"https:\/\/www.gossip.it\/api\/wp\/v2\/tags?post=46473"},{"taxonomy":"vip","embeddable":true,"href":"https:\/\/www.gossip.it\/api\/wp\/v2\/vip?post=46473"}],"curies":[{"name":"wp","href":"https:\/\/api.w.org\/{rel}","templated":true}]}}