{"id":46614,"date":"2014-05-05T00:00:00","date_gmt":"2014-05-04T22:00:00","guid":{"rendered":"https:\/\/www.gossip.it\/senza-categoria\/sarah-e-veronica-in-love-da-amiche\/"},"modified":"2014-05-05T00:00:00","modified_gmt":"2014-05-04T22:00:00","slug":"sarah-e-veronica-in-love-da-amiche","status":"publish","type":"post","link":"https:\/\/www.gossip.it\/news\/sarah-e-veronica-in-love-da-amiche\/","title":{"rendered":"Sarah e Veronica, in love da amiche"},"content":{"rendered":"<p>Insieme hanno partecipato al <strong>\"Grande Fratello 10\"<\/strong>, sotto i riflettori del <a href=\"http:\/\/www.gossip.it\/news\/monografia.php?keyword=reality-show\">reality-show<\/a> di <strong>Canale 5<\/strong> tra loro \u00e8 nata un'<a href=\"http:\/\/www.gossip.it\/news\/monografia.php?keyword=amicizia\">amicizia<\/a>, rapporto che ha fatto parlare per dei baci a fior di labbra, ma le due dirette interessate hanno sempre smentito chi definiva la loro una <strong>relazione lesbo<\/strong>. <a href=\"http:\/\/www.gossip.it\/news\/monografia.php?keyword=Veronica Ciardi\">Veronica Ciardi<\/a> e <a href=\"http:\/\/www.gossip.it\/news\/monografia.php?keyword=Sarah Nile\">Sarah Nile<\/a> tornano al centro del <strong>gossip<\/strong>. Quest'ultima ha postato delle foto insieme alla <em>friend<\/em> su <a href=\"http:\/\/www.gossip.it\/news\/monografia.php?keyword=Facebook\">Facebook<\/a>, scatti che le ritrae in atteggiamenti intimi, con accanto scritto: <em>\"Gran bella malattia l'amore\"<\/em>. Una frase che ha subito scatenato di nuovo i rumour sulla natura del rapporto che intercorre tra le due<strong> ex gieffine<\/strong>. Ma la stessa Nile ha subito chiarito, la loro \u00e8 solo amicizia.<\/p>\n<figure class=\"caption\"><img decoding=\"async\" alt=\"\" width=\"620\" height=\"701\" src=\"http:\/\/files.gossip.it\/immagini_news\/2014\/05\/1399282791_1.jpg\" \/><figcaption>Sarah Nile e Veronica Ciardi, la loro amicizia \u00e8 come l'amore<\/figcaption><\/figure>\n<p><em>\"Solo per essere chiari<\/em> - ha scritto sempre sul <strong>social<\/strong> l'ex coniglietta di <strong>Playboy<\/strong> -<em> perch\u00e9 non credevo si creasse questo caos per una bella foto e una bella frase... vorrei ribadire (e non \u00e8 la prima volta) che l'amore \u00e8 inteso, nella frase 'che bella malattia \u00e8 l'amore', come una forma d'amicizia, perch\u00e9 in fondo anche l'amicizia \u00e8 una forma d'amore... Ognuna ha la propria vita ma siamo comunque presenti una nella vita dell'altra e ci vogliamo bene\"<\/em>.<\/p>\n<figure class=\"caption\"><img decoding=\"async\" alt=\"\" width=\"620\" height=\"757\" src=\"http:\/\/files.gossip.it\/immagini_news\/2014\/05\/1399282888_2.jpg\" \/><figcaption>Sarah Nile ha postato su Facebook le foto con Veronica Ciardi, 'Gran bella malattia l'amore', ha scritto, ma con l'ex coinquilina del GF c'\u00e8 solo amicizia<\/figcaption><\/figure>\n<p>Era un po' di tempo che Sarah e Veronica non si vedano insieme. Queste immagini dimostrano che il loro legame \u00e8 ancora molto forte. Guai per\u00f2 a mal interpretare il loro rapporto, si amano, ma solo come <strong>amiche del cuore<\/strong>, nulla di pi\u00f9.\u00a0<\/p>\n<figure class=\"caption\"><img decoding=\"async\" alt=\"\" width=\"620\" height=\"408\" src=\"http:\/\/files.gossip.it\/immagini_news\/2014\/05\/1399283022_3.jpg\" \/><figcaption>Sarah e Veronica, amiche per la pelle, il loro rapporto continua a far parlare<\/figcaption><\/figure>\n<p>\u00a0<\/p>\n<p>\u00a0<\/p>\n","protected":false},"excerpt":{"rendered":"<p>Insieme hanno partecipato al \"Grande Fratello 10\", sotto i riflettori del reality-show di Canale 5 tra loro \u00e8 nata un'amicizia, rapporto che ha fatto parlare per dei baci a fior di labbra, ma le due dirette interessate hanno sempre smentito chi definiva la loro una relazione lesbo. Veronica Ciardi e Sarah Nile tornano al centro [&hellip;]<\/p>\n","protected":false},"author":1,"featured_media":102660,"comment_status":"closed","ping_status":"closed","sticky":false,"template":"","format":"standard","meta":{"footnotes":""},"categories":[54],"tags":[2737,4790,9465,2107,5464,3305,1934,3377,1923],"vip":[1662,1820],"class_list":["post-46614","post","type-post","status-publish","format-standard","has-post-thumbnail","hentry","category-news","tag-amicizia","tag-facebook","tag-gieffine","tag-grande-fratello","tag-lesbo","tag-rapporto","tag-reality","tag-relazione","tag-social","vip-sarah_nile","vip-veronica_ciardi"],"yoast_head":"<title>Sarah e Veronica, in love da amiche - Gossip.it | News sul Gossip e VIP<\/title>\n<meta name=\"description\" content=\"Insieme hanno partecipato al &quot;Grande Fratello 10&quot;, sotto i riflettori del reality-show di Canale 5 tra loro \u00e8 nata un&#039;amicizia, rapporto che ha fatto\" \/>\n<meta name=\"robots\" content=\"index, follow, max-snippet:-1, max-image-preview:large, max-video-preview:-1\" \/>\n<link rel=\"canonical\" href=\"https:\/\/www.gossip.it\/news\/sarah-e-veronica-in-love-da-amiche\/\" \/>\n<meta property=\"og:locale\" content=\"it_IT\" \/>\n<meta property=\"og:type\" content=\"article\" \/>\n<meta property=\"og:title\" content=\"Sarah e Veronica, in love da amiche - Gossip.it | News sul Gossip e VIP\" \/>\n<meta property=\"og:description\" content=\"Insieme hanno partecipato al &quot;Grande Fratello 10&quot;, sotto i riflettori del reality-show di Canale 5 tra loro \u00e8 nata un&#039;amicizia, rapporto che ha fatto\" \/>\n<meta property=\"og:url\" content=\"https:\/\/www.gossip.it\/news\/sarah-e-veronica-in-love-da-amiche\/\" \/>\n<meta property=\"og:site_name\" content=\"Gossip.it | News sul Gossip e VIP\" \/>\n<meta property=\"article:publisher\" content=\"https:\/\/www.facebook.com\/GossipIT\" \/>\n<meta property=\"article:published_time\" content=\"2014-05-04T22:00:00+00:00\" \/>\n<meta property=\"og:image\" content=\"http:\/\/files.gossip.it\/immagini_news\/2014\/05\/1399282791_1.jpg\" \/>\n<meta name=\"author\" content=\"La Redazione\" \/>\n<meta name=\"twitter:card\" content=\"summary_large_image\" \/>\n<meta name=\"twitter:image\" content=\"http:\/\/files.gossip.it\/immagini_news\/2014\/05\/1399282791_1.jpg\" \/>\n<meta name=\"twitter:creator\" content=\"@gossinews_it\" \/>\n<meta name=\"twitter:site\" content=\"@gossinews_it\" \/>\n<meta name=\"twitter:label1\" content=\"Scritto da\" \/>\n\t<meta name=\"twitter:data1\" content=\"Francesca Romana Domenici\" \/>\n\t<meta name=\"twitter:label2\" content=\"Tempo di lettura stimato\" \/>\n\t<meta name=\"twitter:data2\" content=\"1 minuto\" \/>","yoast_head_json":{"title":"Sarah e Veronica, in love da amiche - Gossip.it | News sul Gossip e VIP","description":"Insieme hanno partecipato al \"Grande Fratello 10\", sotto i riflettori del reality-show di Canale 5 tra loro \u00e8 nata un'amicizia, rapporto che ha fatto","robots":{"index":"index","follow":"follow","max-snippet":"max-snippet:-1","max-image-preview":"max-image-preview:large","max-video-preview":"max-video-preview:-1"},"canonical":"https:\/\/www.gossip.it\/news\/sarah-e-veronica-in-love-da-amiche\/","og_locale":"it_IT","og_type":"article","og_title":"Sarah e Veronica, in love da amiche - Gossip.it | News sul Gossip e VIP","og_description":"Insieme hanno partecipato al \"Grande Fratello 10\", sotto i riflettori del reality-show di Canale 5 tra loro \u00e8 nata un'amicizia, rapporto che ha fatto","og_url":"https:\/\/www.gossip.it\/news\/sarah-e-veronica-in-love-da-amiche\/","og_site_name":"Gossip.it | News sul Gossip e VIP","article_publisher":"https:\/\/www.facebook.com\/GossipIT","article_published_time":"2014-05-04T22:00:00+00:00","og_image":[{"url":"http:\/\/files.gossip.it\/immagini_news\/2014\/05\/1399282791_1.jpg"}],"author":"La Redazione","twitter_card":"summary_large_image","twitter_image":"http:\/\/files.gossip.it\/immagini_news\/2014\/05\/1399282791_1.jpg","twitter_creator":"@gossinews_it","twitter_site":"@gossinews_it","twitter_misc":{"Scritto da":"Francesca Romana Domenici","Tempo di lettura stimato":"1 minuto"},"schema":{"@context":"https:\/\/schema.org","@graph":[{"@type":"Article","@id":"https:\/\/www.gossip.it\/news\/sarah-e-veronica-in-love-da-amiche\/#article","isPartOf":{"@id":"https:\/\/www.gossip.it\/news\/sarah-e-veronica-in-love-da-amiche\/"},"author":{"name":"La Redazione","@id":"https:\/\/www.gossip.it\/#\/schema\/person\/488896f75158bff1cc83c6c39d141110"},"headline":"Sarah e Veronica, in love da amiche","datePublished":"2014-05-04T22:00:00+00:00","dateModified":"2014-05-04T22:00:00+00:00","mainEntityOfPage":{"@id":"https:\/\/www.gossip.it\/news\/sarah-e-veronica-in-love-da-amiche\/"},"wordCount":297,"publisher":{"@id":"https:\/\/www.gossip.it\/#organization"},"image":{"@id":"https:\/\/www.gossip.it\/news\/sarah-e-veronica-in-love-da-amiche\/#primaryimage"},"thumbnailUrl":"http:\/\/files.gossip.it\/immagini_news\/2014\/05\/1399282791_1.jpg","keywords":["amicizia","facebook","gieffine","grande fratello","lesbo","rapporto","reality","relazione","social"],"articleSection":["News"],"inLanguage":"it-IT"},{"@type":"WebPage","@id":"https:\/\/www.gossip.it\/news\/sarah-e-veronica-in-love-da-amiche\/","url":"https:\/\/www.gossip.it\/news\/sarah-e-veronica-in-love-da-amiche\/","name":"Sarah e Veronica, in love da amiche - Gossip.it | News sul Gossip e VIP","isPartOf":{"@id":"https:\/\/www.gossip.it\/#website"},"primaryImageOfPage":{"@id":"https:\/\/www.gossip.it\/news\/sarah-e-veronica-in-love-da-amiche\/#primaryimage"},"image":{"@id":"https:\/\/www.gossip.it\/news\/sarah-e-veronica-in-love-da-amiche\/#primaryimage"},"thumbnailUrl":"http:\/\/files.gossip.it\/immagini_news\/2014\/05\/1399282791_1.jpg","datePublished":"2014-05-04T22:00:00+00:00","dateModified":"2014-05-04T22:00:00+00:00","description":"Insieme hanno partecipato al \"Grande Fratello 10\", sotto i riflettori del reality-show di Canale 5 tra loro \u00e8 nata un'amicizia, rapporto che ha fatto","breadcrumb":{"@id":"https:\/\/www.gossip.it\/news\/sarah-e-veronica-in-love-da-amiche\/#breadcrumb"},"inLanguage":"it-IT","potentialAction":[{"@type":"ReadAction","target":["https:\/\/www.gossip.it\/news\/sarah-e-veronica-in-love-da-amiche\/"]}]},{"@type":"ImageObject","inLanguage":"it-IT","@id":"https:\/\/www.gossip.it\/news\/sarah-e-veronica-in-love-da-amiche\/#primaryimage","url":"http:\/\/files.gossip.it\/immagini_news\/2014\/05\/1399282791_1.jpg","contentUrl":"http:\/\/files.gossip.it\/immagini_news\/2014\/05\/1399282791_1.jpg"},{"@type":"BreadcrumbList","@id":"https:\/\/www.gossip.it\/news\/sarah-e-veronica-in-love-da-amiche\/#breadcrumb","itemListElement":[{"@type":"ListItem","position":1,"name":"Home","item":"https:\/\/www.gossip.it\/"},{"@type":"ListItem","position":2,"name":"Sarah e Veronica, in love da amiche"}]},{"@type":"WebSite","@id":"https:\/\/www.gossip.it\/#website","url":"https:\/\/www.gossip.it\/","name":"Gossip and VIP News","description":"Quotidiano di cronaca rosa, costume e societ\u00e0","publisher":{"@id":"https:\/\/www.gossip.it\/#organization"},"alternateName":"Gossip and VIP News","potentialAction":[{"@type":"SearchAction","target":{"@type":"EntryPoint","urlTemplate":"https:\/\/www.gossip.it\/?s={search_term_string}"},"query-input":{"@type":"PropertyValueSpecification","valueRequired":true,"valueName":"search_term_string"}}],"inLanguage":"it-IT"},{"@type":"Organization","@id":"https:\/\/www.gossip.it\/#organization","name":"Gossip and VIP News","alternateName":"Gossip News","url":"https:\/\/www.gossip.it\/","logo":{"@type":"ImageObject","inLanguage":"it-IT","@id":"https:\/\/www.gossip.it\/#\/schema\/logo\/image\/","url":"https:\/\/www.gossip.it\/wp-content\/uploads\/2022\/04\/cropped-corna-alta-tiny.png","contentUrl":"https:\/\/www.gossip.it\/wp-content\/uploads\/2022\/04\/cropped-corna-alta-tiny.png","width":512,"height":512,"caption":"Gossip and VIP News"},"image":{"@id":"https:\/\/www.gossip.it\/#\/schema\/logo\/image\/"},"sameAs":["https:\/\/www.facebook.com\/GossipIT","https:\/\/x.com\/gossinews_it","https:\/\/instagram.com\/gossip_it"]},{"@type":"Person","@id":"https:\/\/www.gossip.it\/#\/schema\/person\/488896f75158bff1cc83c6c39d141110","name":"La Redazione","image":{"@type":"ImageObject","inLanguage":"it-IT","@id":"https:\/\/www.gossip.it\/#\/schema\/person\/image\/","url":"https:\/\/secure.gravatar.com\/avatar\/5a5f5c6fa3e6700e4249abdad0263a1e94e927d9e0499b1cb09c1cd29c044d80?s=96&d=mm&r=g","contentUrl":"https:\/\/secure.gravatar.com\/avatar\/5a5f5c6fa3e6700e4249abdad0263a1e94e927d9e0499b1cb09c1cd29c044d80?s=96&d=mm&r=g","caption":"La Redazione"},"sameAs":["https:\/\/www.gossip.it"]}]}},"amp_enabled":true,"_links":{"self":[{"href":"https:\/\/www.gossip.it\/api\/wp\/v2\/posts\/46614","targetHints":{"allow":["GET"]}}],"collection":[{"href":"https:\/\/www.gossip.it\/api\/wp\/v2\/posts"}],"about":[{"href":"https:\/\/www.gossip.it\/api\/wp\/v2\/types\/post"}],"author":[{"embeddable":true,"href":"https:\/\/www.gossip.it\/api\/wp\/v2\/users\/1"}],"replies":[{"embeddable":true,"href":"https:\/\/www.gossip.it\/api\/wp\/v2\/comments?post=46614"}],"version-history":[{"count":0,"href":"https:\/\/www.gossip.it\/api\/wp\/v2\/posts\/46614\/revisions"}],"wp:featuredmedia":[{"embeddable":true,"href":"https:\/\/www.gossip.it\/api\/wp\/v2\/media\/102660"}],"wp:attachment":[{"href":"https:\/\/www.gossip.it\/api\/wp\/v2\/media?parent=46614"}],"wp:term":[{"taxonomy":"category","embeddable":true,"href":"https:\/\/www.gossip.it\/api\/wp\/v2\/categories?post=46614"},{"taxonomy":"post_tag","embeddable":true,"href":"https:\/\/www.gossip.it\/api\/wp\/v2\/tags?post=46614"},{"taxonomy":"vip","embeddable":true,"href":"https:\/\/www.gossip.it\/api\/wp\/v2\/vip?post=46614"}],"curies":[{"name":"wp","href":"https:\/\/api.w.org\/{rel}","templated":true}]}}