{"id":46671,"date":"2014-05-06T00:00:00","date_gmt":"2014-05-05T22:00:00","guid":{"rendered":"https:\/\/www.gossip.it\/senza-categoria\/ale-pellegrini-porta-la-fidanzata-a-gardaland\/"},"modified":"2014-05-06T00:00:00","modified_gmt":"2014-05-05T22:00:00","slug":"ale-pellegrini-porta-la-fidanzata-a-gardaland","status":"publish","type":"post","link":"https:\/\/www.gossip.it\/news\/ale-pellegrini-porta-la-fidanzata-a-gardaland\/","title":{"rendered":"Ale Pellegrini porta la fidanzata a Gardaland"},"content":{"rendered":"<p>Stanno insieme da sei mesi e due settimane. Il giorno del loro <em>'anniversario a met\u00e0'<\/em>, <a href=\"http:\/\/www.gossip.it\/news\/monografia.php?keyword=Alessandro Pellegrini\">Alessandro Pellegrini<\/a>, fratello della campionessa di nuoto <a href=\"http:\/\/www.gossip.it\/news\/monografia.php?keyword=Federica Pellegrini\">Federica Pellegrini<\/a>, ha scritto sul <a href=\"http:\/\/www.gossip.it\/news\/monografia.php?keyword=social\">social<\/a>: <em>\"I sei mesi pi\u00f9 belli della mia vita \ud83d\ude42 LOVE U! #love #tiamo #mesiversario #uarebeautiful #happiness #thanks\"<\/em>. Oggi \u00e8 un altro giorno specialissimo nella giovane vita della coppia. <strong>Elena Zacchetti<\/strong>, la sua fidanzata,\u00a0compie <strong>23 anni<\/strong>. Gi\u00e0 stamane il ragazzo ha voluto svegliarla dedicandole un pensiero speciale. <em>\"Auguri amore #23 #hbday #love #youandme #meandyou\"<\/em>, ha cinguettatp. Poi l'ha fatta vestire di gran lena ed \u00e8 arrivato il suo regalo.\u00a0<\/p>\n<figure class=\"caption\"><img decoding=\"async\" alt=\"\" width=\"620\" height=\"597\" src=\"http:\/\/files.gossip.it\/immagini_news\/2014\/05\/1399385918_1pel.jpg\" \/><figcaption>Alessandro Pellegrini e la fidanzata Elena Zacchetti in auto: direzione Gardaland<\/figcaption><\/figure>\n<p>L'ha fatta montare in macchina, ha messo in moto e i due sono partiti: destinazione Gardaland, per una giornata piena di risate e divertimento al parco giochi. <em>\"Auguri principessa #love #happybirthday #ioete #teeme #tiamo\"<\/em>, ha continuato a scrivere. Entusiasti. Ale ed Elena, a giudicare dai tanti scatti postati su <em>Instagram<\/em>, insieme dividono la maggior parte del loro tempo. Nonostante siano ancora molto piccoli, sembrano essere sicurissimi del sentimento che li lega, cos\u00ec assaporano ogni istante insieme, concedendosi passatempi strabilianti e dolcissimi, che alla loro et\u00e0 sono necessari, come un giro sul Colorado Boat in cui la testa non gira solamente per l'amore. Non \u00e8 solo un <a href=\"http:\/\/www.gossip.it\/news\/monografia.php?keyword=flirt\">flirt<\/a>...<\/p>\n<p>\u00a0<\/p>\n<p>\u00a0<\/p>\n","protected":false},"excerpt":{"rendered":"<p>Stanno insieme da sei mesi e due settimane. Il giorno del loro 'anniversario a met\u00e0', Alessandro Pellegrini, fratello della campionessa di nuoto Federica Pellegrini, ha scritto sul social: \"I sei mesi pi\u00f9 belli della mia vita \ud83d\ude42 LOVE U! #love #tiamo #mesiversario #uarebeautiful #happiness #thanks\". Oggi \u00e8 un altro giorno specialissimo nella giovane vita della [&hellip;]<\/p>\n","protected":false},"author":1,"featured_media":102717,"comment_status":"closed","ping_status":"closed","sticky":false,"template":"","format":"standard","meta":{"footnotes":""},"categories":[54],"tags":[6703,48234,2121,1923],"vip":[732],"class_list":["post-46671","post","type-post","status-publish","format-standard","has-post-thumbnail","hentry","category-news","tag-alessandro-pellegrini","tag-elena-zanchetti","tag-instagram","tag-social","vip-federica_pellegrini"],"yoast_head":"<title>Ale Pellegrini porta la fidanzata a Gardaland - Gossip.it | News sul Gossip e VIP<\/title>\n<meta name=\"description\" content=\"Stanno insieme da sei mesi e due settimane. Il giorno del loro &#039;anniversario a met\u00e0&#039;, Alessandro Pellegrini, fratello della campionessa di nuoto Federica\" \/>\n<meta name=\"robots\" content=\"index, follow, max-snippet:-1, max-image-preview:large, max-video-preview:-1\" \/>\n<link rel=\"canonical\" href=\"https:\/\/www.gossip.it\/news\/ale-pellegrini-porta-la-fidanzata-a-gardaland\/\" \/>\n<meta property=\"og:locale\" content=\"it_IT\" \/>\n<meta property=\"og:type\" content=\"article\" \/>\n<meta property=\"og:title\" content=\"Ale Pellegrini porta la fidanzata a Gardaland - Gossip.it | News sul Gossip e VIP\" \/>\n<meta property=\"og:description\" content=\"Stanno insieme da sei mesi e due settimane. Il giorno del loro &#039;anniversario a met\u00e0&#039;, Alessandro Pellegrini, fratello della campionessa di nuoto Federica\" \/>\n<meta property=\"og:url\" content=\"https:\/\/www.gossip.it\/news\/ale-pellegrini-porta-la-fidanzata-a-gardaland\/\" \/>\n<meta property=\"og:site_name\" content=\"Gossip.it | News sul Gossip e VIP\" \/>\n<meta property=\"article:publisher\" content=\"https:\/\/www.facebook.com\/GossipIT\" \/>\n<meta property=\"article:published_time\" content=\"2014-05-05T22:00:00+00:00\" \/>\n<meta property=\"og:image\" content=\"http:\/\/files.gossip.it\/immagini_news\/2014\/05\/1399385918_1pel.jpg\" \/>\n<meta name=\"author\" content=\"La Redazione\" \/>\n<meta name=\"twitter:card\" content=\"summary_large_image\" \/>\n<meta name=\"twitter:image\" content=\"http:\/\/files.gossip.it\/immagini_news\/2014\/05\/1399385918_1pel.jpg\" \/>\n<meta name=\"twitter:creator\" content=\"@gossinews_it\" \/>\n<meta name=\"twitter:site\" content=\"@gossinews_it\" \/>\n<meta name=\"twitter:label1\" content=\"Scritto da\" \/>\n\t<meta name=\"twitter:data1\" content=\"Annamaria Capozzi\" \/>\n\t<meta name=\"twitter:label2\" content=\"Tempo di lettura stimato\" \/>\n\t<meta name=\"twitter:data2\" content=\"1 minuto\" \/>","yoast_head_json":{"title":"Ale Pellegrini porta la fidanzata a Gardaland - Gossip.it | News sul Gossip e VIP","description":"Stanno insieme da sei mesi e due settimane. Il giorno del loro 'anniversario a met\u00e0', Alessandro Pellegrini, fratello della campionessa di nuoto Federica","robots":{"index":"index","follow":"follow","max-snippet":"max-snippet:-1","max-image-preview":"max-image-preview:large","max-video-preview":"max-video-preview:-1"},"canonical":"https:\/\/www.gossip.it\/news\/ale-pellegrini-porta-la-fidanzata-a-gardaland\/","og_locale":"it_IT","og_type":"article","og_title":"Ale Pellegrini porta la fidanzata a Gardaland - Gossip.it | News sul Gossip e VIP","og_description":"Stanno insieme da sei mesi e due settimane. Il giorno del loro 'anniversario a met\u00e0', Alessandro Pellegrini, fratello della campionessa di nuoto Federica","og_url":"https:\/\/www.gossip.it\/news\/ale-pellegrini-porta-la-fidanzata-a-gardaland\/","og_site_name":"Gossip.it | News sul Gossip e VIP","article_publisher":"https:\/\/www.facebook.com\/GossipIT","article_published_time":"2014-05-05T22:00:00+00:00","og_image":[{"url":"http:\/\/files.gossip.it\/immagini_news\/2014\/05\/1399385918_1pel.jpg"}],"author":"La Redazione","twitter_card":"summary_large_image","twitter_image":"http:\/\/files.gossip.it\/immagini_news\/2014\/05\/1399385918_1pel.jpg","twitter_creator":"@gossinews_it","twitter_site":"@gossinews_it","twitter_misc":{"Scritto da":"Annamaria Capozzi","Tempo di lettura stimato":"1 minuto"},"schema":{"@context":"https:\/\/schema.org","@graph":[{"@type":"Article","@id":"https:\/\/www.gossip.it\/news\/ale-pellegrini-porta-la-fidanzata-a-gardaland\/#article","isPartOf":{"@id":"https:\/\/www.gossip.it\/news\/ale-pellegrini-porta-la-fidanzata-a-gardaland\/"},"author":{"name":"La Redazione","@id":"https:\/\/www.gossip.it\/#\/schema\/person\/488896f75158bff1cc83c6c39d141110"},"headline":"Ale Pellegrini porta la fidanzata a Gardaland","datePublished":"2014-05-05T22:00:00+00:00","dateModified":"2014-05-05T22:00:00+00:00","mainEntityOfPage":{"@id":"https:\/\/www.gossip.it\/news\/ale-pellegrini-porta-la-fidanzata-a-gardaland\/"},"wordCount":219,"publisher":{"@id":"https:\/\/www.gossip.it\/#organization"},"image":{"@id":"https:\/\/www.gossip.it\/news\/ale-pellegrini-porta-la-fidanzata-a-gardaland\/#primaryimage"},"thumbnailUrl":"http:\/\/files.gossip.it\/immagini_news\/2014\/05\/1399385918_1pel.jpg","keywords":["alessandro pellegrini","elena zanchetti","instagram","social"],"articleSection":["News"],"inLanguage":"it-IT"},{"@type":"WebPage","@id":"https:\/\/www.gossip.it\/news\/ale-pellegrini-porta-la-fidanzata-a-gardaland\/","url":"https:\/\/www.gossip.it\/news\/ale-pellegrini-porta-la-fidanzata-a-gardaland\/","name":"Ale Pellegrini porta la fidanzata a Gardaland - Gossip.it | News sul Gossip e VIP","isPartOf":{"@id":"https:\/\/www.gossip.it\/#website"},"primaryImageOfPage":{"@id":"https:\/\/www.gossip.it\/news\/ale-pellegrini-porta-la-fidanzata-a-gardaland\/#primaryimage"},"image":{"@id":"https:\/\/www.gossip.it\/news\/ale-pellegrini-porta-la-fidanzata-a-gardaland\/#primaryimage"},"thumbnailUrl":"http:\/\/files.gossip.it\/immagini_news\/2014\/05\/1399385918_1pel.jpg","datePublished":"2014-05-05T22:00:00+00:00","dateModified":"2014-05-05T22:00:00+00:00","description":"Stanno insieme da sei mesi e due settimane. Il giorno del loro 'anniversario a met\u00e0', Alessandro Pellegrini, fratello della campionessa di nuoto Federica","breadcrumb":{"@id":"https:\/\/www.gossip.it\/news\/ale-pellegrini-porta-la-fidanzata-a-gardaland\/#breadcrumb"},"inLanguage":"it-IT","potentialAction":[{"@type":"ReadAction","target":["https:\/\/www.gossip.it\/news\/ale-pellegrini-porta-la-fidanzata-a-gardaland\/"]}]},{"@type":"ImageObject","inLanguage":"it-IT","@id":"https:\/\/www.gossip.it\/news\/ale-pellegrini-porta-la-fidanzata-a-gardaland\/#primaryimage","url":"http:\/\/files.gossip.it\/immagini_news\/2014\/05\/1399385918_1pel.jpg","contentUrl":"http:\/\/files.gossip.it\/immagini_news\/2014\/05\/1399385918_1pel.jpg"},{"@type":"BreadcrumbList","@id":"https:\/\/www.gossip.it\/news\/ale-pellegrini-porta-la-fidanzata-a-gardaland\/#breadcrumb","itemListElement":[{"@type":"ListItem","position":1,"name":"Home","item":"https:\/\/www.gossip.it\/"},{"@type":"ListItem","position":2,"name":"Ale Pellegrini porta la fidanzata a Gardaland"}]},{"@type":"WebSite","@id":"https:\/\/www.gossip.it\/#website","url":"https:\/\/www.gossip.it\/","name":"Gossip and VIP News","description":"Quotidiano di cronaca rosa, costume e societ\u00e0","publisher":{"@id":"https:\/\/www.gossip.it\/#organization"},"alternateName":"Gossip and VIP News","potentialAction":[{"@type":"SearchAction","target":{"@type":"EntryPoint","urlTemplate":"https:\/\/www.gossip.it\/?s={search_term_string}"},"query-input":{"@type":"PropertyValueSpecification","valueRequired":true,"valueName":"search_term_string"}}],"inLanguage":"it-IT"},{"@type":"Organization","@id":"https:\/\/www.gossip.it\/#organization","name":"Gossip and VIP News","alternateName":"Gossip News","url":"https:\/\/www.gossip.it\/","logo":{"@type":"ImageObject","inLanguage":"it-IT","@id":"https:\/\/www.gossip.it\/#\/schema\/logo\/image\/","url":"https:\/\/www.gossip.it\/wp-content\/uploads\/2022\/04\/cropped-corna-alta-tiny.png","contentUrl":"https:\/\/www.gossip.it\/wp-content\/uploads\/2022\/04\/cropped-corna-alta-tiny.png","width":512,"height":512,"caption":"Gossip and VIP News"},"image":{"@id":"https:\/\/www.gossip.it\/#\/schema\/logo\/image\/"},"sameAs":["https:\/\/www.facebook.com\/GossipIT","https:\/\/x.com\/gossinews_it","https:\/\/instagram.com\/gossip_it"]},{"@type":"Person","@id":"https:\/\/www.gossip.it\/#\/schema\/person\/488896f75158bff1cc83c6c39d141110","name":"La Redazione","image":{"@type":"ImageObject","inLanguage":"it-IT","@id":"https:\/\/www.gossip.it\/#\/schema\/person\/image\/","url":"https:\/\/secure.gravatar.com\/avatar\/5a5f5c6fa3e6700e4249abdad0263a1e94e927d9e0499b1cb09c1cd29c044d80?s=96&d=mm&r=g","contentUrl":"https:\/\/secure.gravatar.com\/avatar\/5a5f5c6fa3e6700e4249abdad0263a1e94e927d9e0499b1cb09c1cd29c044d80?s=96&d=mm&r=g","caption":"La Redazione"},"sameAs":["https:\/\/www.gossip.it"]}]}},"amp_enabled":true,"_links":{"self":[{"href":"https:\/\/www.gossip.it\/api\/wp\/v2\/posts\/46671","targetHints":{"allow":["GET"]}}],"collection":[{"href":"https:\/\/www.gossip.it\/api\/wp\/v2\/posts"}],"about":[{"href":"https:\/\/www.gossip.it\/api\/wp\/v2\/types\/post"}],"author":[{"embeddable":true,"href":"https:\/\/www.gossip.it\/api\/wp\/v2\/users\/1"}],"replies":[{"embeddable":true,"href":"https:\/\/www.gossip.it\/api\/wp\/v2\/comments?post=46671"}],"version-history":[{"count":0,"href":"https:\/\/www.gossip.it\/api\/wp\/v2\/posts\/46671\/revisions"}],"wp:featuredmedia":[{"embeddable":true,"href":"https:\/\/www.gossip.it\/api\/wp\/v2\/media\/102717"}],"wp:attachment":[{"href":"https:\/\/www.gossip.it\/api\/wp\/v2\/media?parent=46671"}],"wp:term":[{"taxonomy":"category","embeddable":true,"href":"https:\/\/www.gossip.it\/api\/wp\/v2\/categories?post=46671"},{"taxonomy":"post_tag","embeddable":true,"href":"https:\/\/www.gossip.it\/api\/wp\/v2\/tags?post=46671"},{"taxonomy":"vip","embeddable":true,"href":"https:\/\/www.gossip.it\/api\/wp\/v2\/vip?post=46671"}],"curies":[{"name":"wp","href":"https:\/\/api.w.org\/{rel}","templated":true}]}}