{"id":46907,"date":"2014-05-16T00:00:00","date_gmt":"2014-05-15T22:00:00","guid":{"rendered":"https:\/\/www.gossip.it\/senza-categoria\/fabrizio-corona-rimane-dentro\/"},"modified":"2014-05-16T00:00:00","modified_gmt":"2014-05-15T22:00:00","slug":"fabrizio-corona-rimane-dentro","status":"publish","type":"post","link":"https:\/\/www.gossip.it\/news\/fabrizio-corona-rimane-dentro\/","title":{"rendered":"Fabrizio Corona rimane 'dentro'"},"content":{"rendered":"<p><b>La Cassazione ha respinto il suo ricorso e confermato la misura di sorveglianza speciale disposta a suo carico dalla Corte di Appello di Milano nel maggio 2013<\/b>. <a href=\"http:\/\/www.gossip.it\/news\/monografia.php?keyword=Fabrizio Corona\">Fabrizio Corona<\/a> rimane <em>'dentro'<\/em>, nel carcere di Opera, dove sta scontando per vari reati una pena di 15 anni di reclusione. La Suprema Corte non gli fa sconti nella sentenza depositata ieri pomeriggio, per <b><em>\"le frequentazioni criminali e atteggiamenti fastidiosamente inclini alla violazione di ogni regola di civile convivenza\"<\/em><\/b>, a cui bisogna aggiungere <b><em>\"numerosi e cospicui precedenti penali\" e \"la ricerca ad ogni costo di facili (ed illeciti) guadagni e da condotte prive di scrupoli volte ad accaparrare risorse da investire in un tenore di vita lussuoso e ricercato\"<\/em><\/b>.<\/p>\n<p>La Cassazione ha sottolineato la <b><em>\"pericolosit\u00e0 sociale\"<\/em><\/b> dell'imprenditore. Invano, attraverso i suoi legali, Corona ha sostenuto che i reati contestati <em>\"hanno avuto un valore patrimoniale minimo, come ad esempio la spendita di monete false per 200 euro in una occasione e di meno di cinquemila in un\u2019altra occasione\"<\/em>, quindi non cos\u00ec importanti da giustificare la misura di prevenzione fissata in un anno e sei mesi. La Cassazione ha invece sottolineato come non siano lievi, in quanto si tratta di <b><em>\"estorsioni, ricettazione e spendita di carta moneta falsificata, reati fallimentari, evasioni fiscali, recenti denunce per truffa\"<\/em><\/b>.<\/p>\n<p>Fabrizio \u00e8 stato considerato <em>'un criminale senza scrupoli'<\/em>. L'ex marito di <a href=\"http:\/\/www.gossip.it\/news\/monografia.php?keyword=Nina Moric\">Nina Moric<\/a>, per\u00f2, si sente un uomo diverso. Poco prima che la sentenza fosse resa nota, aveva inviato una lettera, l'ennesima, a <a href=\"http:\/\/www.gossip.it\/news\/monografia.php?keyword=Piero Chiambretti\">Piero Chiambretti<\/a>, che il conduttore ha letto al <b>\"Chiambretti Supermarket\"<\/b>.<br \/>\n<em>\"Quando sono entrato in carcere sapevo sarebbe stata una battaglia, e in una battaglia ci sono i momenti di inevitabile sconforto, la sensazione di non farcela, ma <b>l'orgoglioso progetto di ricostruzione che ho deciso di fare su me stesso \u00e8 stato pi\u00f9 forte di tutta la merda che mi hanno tirato addosso in questi 480 giorni di galera<\/b>. Siamo fragili, facciamo un sacco di errori e abbiamo una data di scadenza, ma possiamo creare, costruire, arricchire la vita nostra<\/em> - ha scritto l'ex re dei paparazzi - <em>Tutto dipende dalla nostra attitudine, dal nostro dna, dal modo in cui vediamo e viviamo il nostro posto nel mondo. Il futuro appartiene a chi \u00e8 capace di fondere fantasia, ragione, coraggio, con un forte impegno personale. Io sono stato fortunato, mi \u00e8 stata data l'ennesima occasione per essere felice. E' un\u2019ovviet\u00e0, ma il successo senza felicit\u00e0 non vale nulla. <b>Oggi ho la forza, la serenit\u00e0, la consapevolezza per traghettare questo periodo e per costruire qualcosa nella vita che mi dia quella felicit\u00e0 e sicurezza interiore che tutti pi\u00f9 o meno cerchiamo<\/b>\"<\/em>.<\/p>\n<p><em>\"Mi sono guardato allo specchio e mi sono chiesto: possibile che alla tua et\u00e0 non abbia ancora capito e apprezzato i veri valori della vita? Sei cos\u00ec effimero, cos\u00ec superficiale? Davvero vuoi sprecare la tua vita cos\u00ec? Tra sesso, droga, rock' n' roll, sentimenti \u201cpatinati\u201d opportunistici e fasulli? Non ci credo. Quanto tempo dovrai stare in carcere per capire quello che veramente stai perdendo? Credi di essere immortale?\"<\/em>, ha poi continuato Corona, convinto di voler dare una svolta positiva alla sua esistenza.<br \/>\nIn studio, ospiti dello show, <a href=\"http:\/\/www.gossip.it\/news\/monografia.php?keyword=Enrico Mentana\">Enrico Mentana<\/a> e <a href=\"http:\/\/www.gossip.it\/news\/monografia.php?keyword=Fedez\">Fedez<\/a> hanno commentato la sentenza emessa dalla Cassazione. <b><em>\"Non ha ammazzato nessuno\"<\/em><\/b>, ha detto ol direttore di <b>TgLa7<\/b>. <em>\"Non stimo molto Corona, \u00e8 un mondo distante e parallelo rispetto al mio. <b>Trovo che nella giustizia italiana ci siano problemi pi\u00f9 grossi<\/b>. Ognuno raccoglie ci\u00f2 che semina\"<\/em>, gli ha fatto eco il <a href=\"http:\/\/www.gossip.it\/news\/monografia.php?keyword=rapper\">rapper<\/a>.<\/p>\n","protected":false},"excerpt":{"rendered":"<p>La Cassazione ha respinto il suo ricorso e confermato la misura di sorveglianza speciale disposta a suo carico dalla Corte di Appello di Milano nel maggio 2013. Fabrizio Corona rimane 'dentro', nel carcere di Opera, dove sta scontando per vari reati una pena di 15 anni di reclusione. La Suprema Corte non gli fa sconti [&hellip;]<\/p>\n","protected":false},"author":1,"featured_media":102953,"comment_status":"closed","ping_status":"closed","sticky":false,"template":"","format":"standard","meta":{"footnotes":""},"categories":[54],"tags":[7308,26590,8641,2964,40640,2568,6907],"vip":[719,1507],"class_list":["post-46907","post","type-post","status-publish","format-standard","has-post-thumbnail","hentry","category-news","tag-carcere","tag-cella","tag-chiambretti-supermarket","tag-opera","tag-procura-di-torino","tag-protagonisti","tag-scandali","vip-fabrizio_corona","vip-piero_chiambretti"],"yoast_head":"<title>Fabrizio Corona rimane &#039;dentro&#039; - Gossip.it | News sul Gossip e VIP<\/title>\n<meta name=\"description\" content=\"La Cassazione ha respinto il suo ricorso e confermato la misura di sorveglianza speciale disposta a suo carico dalla Corte di Appello di Milano nel maggio\" \/>\n<meta name=\"robots\" content=\"index, follow, max-snippet:-1, max-image-preview:large, max-video-preview:-1\" \/>\n<link rel=\"canonical\" href=\"https:\/\/www.gossip.it\/news\/fabrizio-corona-rimane-dentro\/\" \/>\n<meta property=\"og:locale\" content=\"it_IT\" \/>\n<meta property=\"og:type\" content=\"article\" \/>\n<meta property=\"og:title\" content=\"Fabrizio Corona rimane &#039;dentro&#039; - Gossip.it | News sul Gossip e VIP\" \/>\n<meta property=\"og:description\" content=\"La Cassazione ha respinto il suo ricorso e confermato la misura di sorveglianza speciale disposta a suo carico dalla Corte di Appello di Milano nel maggio\" \/>\n<meta property=\"og:url\" content=\"https:\/\/www.gossip.it\/news\/fabrizio-corona-rimane-dentro\/\" \/>\n<meta property=\"og:site_name\" content=\"Gossip.it | News sul Gossip e VIP\" \/>\n<meta property=\"article:publisher\" content=\"https:\/\/www.facebook.com\/GossipIT\" \/>\n<meta property=\"article:published_time\" content=\"2014-05-15T22:00:00+00:00\" \/>\n<meta property=\"og:image\" content=\"http:\/\/www.gossip.it\/images5\/1400228444_.jpg\" \/>\n<meta name=\"author\" content=\"La Redazione\" \/>\n<meta name=\"twitter:card\" content=\"summary_large_image\" \/>\n<meta name=\"twitter:image\" content=\"http:\/\/www.gossip.it\/images5\/1400228444_.jpg\" \/>\n<meta name=\"twitter:creator\" content=\"@gossinews_it\" \/>\n<meta name=\"twitter:site\" content=\"@gossinews_it\" \/>\n<meta name=\"twitter:label1\" content=\"Scritto da\" \/>\n\t<meta name=\"twitter:data1\" content=\"La Redazione\" \/>\n\t<meta name=\"twitter:label2\" content=\"Tempo di lettura stimato\" \/>\n\t<meta name=\"twitter:data2\" content=\"3 minuti\" \/>","yoast_head_json":{"title":"Fabrizio Corona rimane 'dentro' - Gossip.it | News sul Gossip e VIP","description":"La Cassazione ha respinto il suo ricorso e confermato la misura di sorveglianza speciale disposta a suo carico dalla Corte di Appello di Milano nel maggio","robots":{"index":"index","follow":"follow","max-snippet":"max-snippet:-1","max-image-preview":"max-image-preview:large","max-video-preview":"max-video-preview:-1"},"canonical":"https:\/\/www.gossip.it\/news\/fabrizio-corona-rimane-dentro\/","og_locale":"it_IT","og_type":"article","og_title":"Fabrizio Corona rimane 'dentro' - Gossip.it | News sul Gossip e VIP","og_description":"La Cassazione ha respinto il suo ricorso e confermato la misura di sorveglianza speciale disposta a suo carico dalla Corte di Appello di Milano nel maggio","og_url":"https:\/\/www.gossip.it\/news\/fabrizio-corona-rimane-dentro\/","og_site_name":"Gossip.it | News sul Gossip e VIP","article_publisher":"https:\/\/www.facebook.com\/GossipIT","article_published_time":"2014-05-15T22:00:00+00:00","og_image":[{"url":"http:\/\/www.gossip.it\/images5\/1400228444_.jpg"}],"author":"La Redazione","twitter_card":"summary_large_image","twitter_image":"http:\/\/www.gossip.it\/images5\/1400228444_.jpg","twitter_creator":"@gossinews_it","twitter_site":"@gossinews_it","twitter_misc":{"Scritto da":"La Redazione","Tempo di lettura stimato":"3 minuti"},"schema":{"@context":"https:\/\/schema.org","@graph":[{"@type":"Article","@id":"https:\/\/www.gossip.it\/news\/fabrizio-corona-rimane-dentro\/#article","isPartOf":{"@id":"https:\/\/www.gossip.it\/news\/fabrizio-corona-rimane-dentro\/"},"author":{"name":"La Redazione","@id":"https:\/\/www.gossip.it\/#\/schema\/person\/488896f75158bff1cc83c6c39d141110"},"headline":"Fabrizio Corona rimane 'dentro'","datePublished":"2014-05-15T22:00:00+00:00","dateModified":"2014-05-15T22:00:00+00:00","mainEntityOfPage":{"@id":"https:\/\/www.gossip.it\/news\/fabrizio-corona-rimane-dentro\/"},"wordCount":578,"publisher":{"@id":"https:\/\/www.gossip.it\/#organization"},"image":{"@id":"https:\/\/www.gossip.it\/news\/fabrizio-corona-rimane-dentro\/#primaryimage"},"thumbnailUrl":"http:\/\/www.gossip.it\/images5\/1400228444_.jpg","keywords":["carcere","cella","chiambretti supermarket","opera","procura di torino","protagonisti","scandali"],"articleSection":["News"],"inLanguage":"it-IT"},{"@type":"WebPage","@id":"https:\/\/www.gossip.it\/news\/fabrizio-corona-rimane-dentro\/","url":"https:\/\/www.gossip.it\/news\/fabrizio-corona-rimane-dentro\/","name":"Fabrizio Corona rimane 'dentro' - Gossip.it | News sul Gossip e VIP","isPartOf":{"@id":"https:\/\/www.gossip.it\/#website"},"primaryImageOfPage":{"@id":"https:\/\/www.gossip.it\/news\/fabrizio-corona-rimane-dentro\/#primaryimage"},"image":{"@id":"https:\/\/www.gossip.it\/news\/fabrizio-corona-rimane-dentro\/#primaryimage"},"thumbnailUrl":"http:\/\/www.gossip.it\/images5\/1400228444_.jpg","datePublished":"2014-05-15T22:00:00+00:00","dateModified":"2014-05-15T22:00:00+00:00","description":"La Cassazione ha respinto il suo ricorso e confermato la misura di sorveglianza speciale disposta a suo carico dalla Corte di Appello di Milano nel maggio","breadcrumb":{"@id":"https:\/\/www.gossip.it\/news\/fabrizio-corona-rimane-dentro\/#breadcrumb"},"inLanguage":"it-IT","potentialAction":[{"@type":"ReadAction","target":["https:\/\/www.gossip.it\/news\/fabrizio-corona-rimane-dentro\/"]}]},{"@type":"ImageObject","inLanguage":"it-IT","@id":"https:\/\/www.gossip.it\/news\/fabrizio-corona-rimane-dentro\/#primaryimage","url":"http:\/\/www.gossip.it\/images5\/1400228444_.jpg","contentUrl":"http:\/\/www.gossip.it\/images5\/1400228444_.jpg"},{"@type":"BreadcrumbList","@id":"https:\/\/www.gossip.it\/news\/fabrizio-corona-rimane-dentro\/#breadcrumb","itemListElement":[{"@type":"ListItem","position":1,"name":"Home","item":"https:\/\/www.gossip.it\/"},{"@type":"ListItem","position":2,"name":"Fabrizio Corona rimane 'dentro'"}]},{"@type":"WebSite","@id":"https:\/\/www.gossip.it\/#website","url":"https:\/\/www.gossip.it\/","name":"Gossip and VIP News","description":"Quotidiano di cronaca rosa, costume e societ\u00e0","publisher":{"@id":"https:\/\/www.gossip.it\/#organization"},"alternateName":"Gossip and VIP News","potentialAction":[{"@type":"SearchAction","target":{"@type":"EntryPoint","urlTemplate":"https:\/\/www.gossip.it\/?s={search_term_string}"},"query-input":{"@type":"PropertyValueSpecification","valueRequired":true,"valueName":"search_term_string"}}],"inLanguage":"it-IT"},{"@type":"Organization","@id":"https:\/\/www.gossip.it\/#organization","name":"Gossip and VIP News","alternateName":"Gossip News","url":"https:\/\/www.gossip.it\/","logo":{"@type":"ImageObject","inLanguage":"it-IT","@id":"https:\/\/www.gossip.it\/#\/schema\/logo\/image\/","url":"https:\/\/www.gossip.it\/wp-content\/uploads\/2022\/04\/cropped-corna-alta-tiny.png","contentUrl":"https:\/\/www.gossip.it\/wp-content\/uploads\/2022\/04\/cropped-corna-alta-tiny.png","width":512,"height":512,"caption":"Gossip and VIP News"},"image":{"@id":"https:\/\/www.gossip.it\/#\/schema\/logo\/image\/"},"sameAs":["https:\/\/www.facebook.com\/GossipIT","https:\/\/x.com\/gossinews_it","https:\/\/instagram.com\/gossip_it"]},{"@type":"Person","@id":"https:\/\/www.gossip.it\/#\/schema\/person\/488896f75158bff1cc83c6c39d141110","name":"La Redazione","image":{"@type":"ImageObject","inLanguage":"it-IT","@id":"https:\/\/www.gossip.it\/#\/schema\/person\/image\/","url":"https:\/\/secure.gravatar.com\/avatar\/5a5f5c6fa3e6700e4249abdad0263a1e94e927d9e0499b1cb09c1cd29c044d80?s=96&d=mm&r=g","contentUrl":"https:\/\/secure.gravatar.com\/avatar\/5a5f5c6fa3e6700e4249abdad0263a1e94e927d9e0499b1cb09c1cd29c044d80?s=96&d=mm&r=g","caption":"La Redazione"},"sameAs":["https:\/\/www.gossip.it"]}]}},"amp_enabled":true,"_links":{"self":[{"href":"https:\/\/www.gossip.it\/api\/wp\/v2\/posts\/46907","targetHints":{"allow":["GET"]}}],"collection":[{"href":"https:\/\/www.gossip.it\/api\/wp\/v2\/posts"}],"about":[{"href":"https:\/\/www.gossip.it\/api\/wp\/v2\/types\/post"}],"author":[{"embeddable":true,"href":"https:\/\/www.gossip.it\/api\/wp\/v2\/users\/1"}],"replies":[{"embeddable":true,"href":"https:\/\/www.gossip.it\/api\/wp\/v2\/comments?post=46907"}],"version-history":[{"count":0,"href":"https:\/\/www.gossip.it\/api\/wp\/v2\/posts\/46907\/revisions"}],"wp:featuredmedia":[{"embeddable":true,"href":"https:\/\/www.gossip.it\/api\/wp\/v2\/media\/102953"}],"wp:attachment":[{"href":"https:\/\/www.gossip.it\/api\/wp\/v2\/media?parent=46907"}],"wp:term":[{"taxonomy":"category","embeddable":true,"href":"https:\/\/www.gossip.it\/api\/wp\/v2\/categories?post=46907"},{"taxonomy":"post_tag","embeddable":true,"href":"https:\/\/www.gossip.it\/api\/wp\/v2\/tags?post=46907"},{"taxonomy":"vip","embeddable":true,"href":"https:\/\/www.gossip.it\/api\/wp\/v2\/vip?post=46907"}],"curies":[{"name":"wp","href":"https:\/\/api.w.org\/{rel}","templated":true}]}}