{"id":47043,"date":"2014-05-22T00:00:00","date_gmt":"2014-05-21T22:00:00","guid":{"rendered":"https:\/\/www.gossip.it\/senza-categoria\/emilio-fede-un-tumore-per-sbaglio\/"},"modified":"2014-05-22T00:00:00","modified_gmt":"2014-05-21T22:00:00","slug":"emilio-fede-un-tumore-per-sbaglio","status":"publish","type":"post","link":"https:\/\/www.gossip.it\/news\/emilio-fede-un-tumore-per-sbaglio\/","title":{"rendered":"Emilio Fede, un tumore per sbaglio"},"content":{"rendered":"<p><strong>Gli hanno diagnosticato un cancro, ma le analisi erano sbagliate<\/strong>. <a href=\"http:\/\/www.gossip.it\/news\/monografia.php?keyword=Emilio Fede\">Emilio Fede<\/a> lo racconta al settimanale <em>Chi<\/em> diretto da <a href=\"http:\/\/www.gossip.it\/news\/monografia.php?keyword=Alfonso Signorini\">Alfonso Signorini<\/a>: <em>\"Tre mesi fa ho vissuto una terribile esperienza <\/em>- ha dichiarato il <strong>giornalista<\/strong> - <em>forse la pi\u00f9 forte e dolorosa che mi sia capitata in tutta la vita. Uno dei primi giorni di febbraio mi sono trovato tra le mani una vera e propria condanna a morte. <strong>Ero andato a fare gli esami del sangue e uno dei marcatori tumorali era alle stelle. Pancreas... Significava sei mesi di vita al massimo. Immagina cosa ho provato! Sono rimasto l\u00ec, istupidito, frastornato, incapace di pensare. Poi, a poco a poco, mi si \u00e8 svegliata la mente e ho preso coscienza della realt\u00e0. Io ho paura della morte, per questo da anni ho l'abitudine di fare gli esami del sangue ogni tre mesi. I risultati sono sempre stati perfetti. 'Possibile che in tre mesi possa essersi sviluppata una cosa del genere?', mi sono chiesto. 'Ci dev'essere senz'altro un errore'<\/strong>\"<\/em>\u00a0Infatti, aggiunge: <em>\"C'era stato un errore. Cose che possono capitare, ma io ho passato giorni di angoscia indescrivibile\"<\/em>. Poi parla delle vicende legate al <a href=\"http:\/\/www.gossip.it\/news\/monografia.php?keyword=bunga bunga\">bunga bunga<\/a> che lo hanno visto protagonista negli ultimi anni: <em>\"Da qualche anno sono nell'occhio di un violento ciclone mediatico. Accuse, insinuazioni, valutazioni, commenti ironici e feroci, pressione giudiziaria: una situazione capace di distruggere anche la pi\u00f9 cinica delle persone. <strong>L'arrivo di quella sentenza di morte portata dagli esami clinici poteva essermi fatale. Stavo seduto, ore e ore, immobile. La mia mente era un vulcano in eruzione. Ricordi, paure, incubi. Rivedevo vicende lontanissime con una lucidit\u00e0 incredibile. Era come se la mia vita mi scorresse davanti. Non so quanto sia durato quell'inferno interiore. Ma, poi, a quello stato febbrile \u00e8 subentrata una calma irreale. E la situazione si \u00e8 completamente rovesciata<\/strong>\"<\/em>.<\/p>\n<figure class=\"caption\"><img decoding=\"async\" alt=\"\" width=\"620\" height=\"511\" src=\"http:\/\/files.gossip.it\/immagini_news\/2014\/05\/1400752073_1-13.jpg\" \/><figcaption>Emilio Fede racconta del cancro che gli hanno diagnosticato, ma le analisi erano sbagliate<\/figcaption><\/figure>\n<p><strong style=\"line-height:1.6em\">Il tumore diagnosticato per sbaglio ha fatto scattare qualcosa nel volto noto della tv, come lui stesso afferma<\/strong><span style=\"line-height:1.6em\">: <\/span><em style=\"line-height:1.6em\">\"Quell'incidente ha scatenato in me un esame di coscienza. Ero distrutto e frastornato dalle vicende mediatiche che mi colpivano ogni giorno e non avevo la forza di chiarirle e dominarle. Soffrivo ed ero vittima. Ma lo spavento della morte imminente mi ha buttato allo sbaraglio. Ho guardato dentro di me con meticolosit\u00e0, ho messo a nudo la mia vita, ho ritrovato il mio orgoglio, il mio valore, che non \u00e8 fatto di chiacchiere, ma di fatti, di storia. <strong>Ho ritrovato la forza e la voglia di combattere. Mi sono detto: 'Ebbene, se devo morire, se mi restano ancora sei mesi di vita, voglio viverli bene e combattere perch\u00e9 questa bufera sia chiarita'<\/strong>\"<\/em><span style=\"line-height:1.6em\">.\u00a0 \"<\/span><em style=\"line-height:1.6em\">Mi sono vestito e sono uscito di casa per passeggiare tra la gente<\/em><span style=\"line-height:1.6em\"> - racconta - <\/span><em style=\"line-height:1.6em\">Molti mi riconoscevano, mi salutavano sorridenti, qualcuno \u00e8 venuto a stringermi la mano, dimostrava di essere felice di vedermi. Un bagno di simpatia, di calore umano. La gioia di scoprire che la gente mi vuole bene.<strong> Poi, come ho detto, nuovi esami clinici hanno dimostrato che la mia ora non era ancora scoccata<\/strong>\"<\/em><span style=\"line-height:1.6em\">. Ora si sente come rinato Fede:<\/span><em style=\"line-height:1.6em\"> \"Le ultime vicende di tipo mediatico e giudiziario mi hanno causato scompiglio nella mente facendomi perdere l'autostima. Ma il terribile faccia a faccia con la morte ha rimesso le cose a posto<\/em><span style=\"line-height:1.6em\"> - dichiara - <\/span><em style=\"line-height:1.6em\">Ho ripreso fiducia. Ho constatato che la mia vita \u00e8 stata bellissima, operosa, straordinaria, piena di soddisfazioni e di successi che ho costruito con duro lavoro e che ho meritato\"<\/em><span style=\"line-height:1.6em\">.<\/span><\/p>\n","protected":false},"excerpt":{"rendered":"<p>Gli hanno diagnosticato un cancro, ma le analisi erano sbagliate. Emilio Fede lo racconta al settimanale Chi diretto da Alfonso Signorini: \"Tre mesi fa ho vissuto una terribile esperienza - ha dichiarato il giornalista - forse la pi\u00f9 forte e dolorosa che mi sia capitata in tutta la vita. Uno dei primi giorni di febbraio [&hellip;]<\/p>\n","protected":false},"author":1,"featured_media":103089,"comment_status":"closed","ping_status":"closed","sticky":false,"template":"","format":"standard","meta":{"footnotes":""},"categories":[54],"tags":[6456,49537,45167,2102,2168],"vip":[665],"class_list":["post-47043","post","type-post","status-publish","format-standard","has-post-thumbnail","hentry","category-news","tag-bunga-bunga","tag-cancro-tumore","tag-diagnosi","tag-dichiarazioni","tag-giornalista","vip-emilio_fede"],"yoast_head":"<title>Emilio Fede, un tumore per sbaglio - Gossip.it | News sul Gossip e VIP<\/title>\n<meta name=\"description\" content=\"Gli hanno diagnosticato un cancro, ma le analisi erano sbagliate. Emilio Fede lo racconta al settimanale Chi diretto da Alfonso Signorini: &quot;Tre mesi fa ho\" \/>\n<meta name=\"robots\" content=\"index, follow, max-snippet:-1, max-image-preview:large, max-video-preview:-1\" \/>\n<link rel=\"canonical\" href=\"https:\/\/www.gossip.it\/news\/emilio-fede-un-tumore-per-sbaglio\/\" \/>\n<meta property=\"og:locale\" content=\"it_IT\" \/>\n<meta property=\"og:type\" content=\"article\" \/>\n<meta property=\"og:title\" content=\"Emilio Fede, un tumore per sbaglio - Gossip.it | News sul Gossip e VIP\" \/>\n<meta property=\"og:description\" content=\"Gli hanno diagnosticato un cancro, ma le analisi erano sbagliate. Emilio Fede lo racconta al settimanale Chi diretto da Alfonso Signorini: &quot;Tre mesi fa ho\" \/>\n<meta property=\"og:url\" content=\"https:\/\/www.gossip.it\/news\/emilio-fede-un-tumore-per-sbaglio\/\" \/>\n<meta property=\"og:site_name\" content=\"Gossip.it | News sul Gossip e VIP\" \/>\n<meta property=\"article:publisher\" content=\"https:\/\/www.facebook.com\/GossipIT\" \/>\n<meta property=\"article:published_time\" content=\"2014-05-21T22:00:00+00:00\" \/>\n<meta property=\"og:image\" content=\"http:\/\/files.gossip.it\/immagini_news\/2014\/05\/1400752073_1-13.jpg\" \/>\n<meta name=\"author\" content=\"La Redazione\" \/>\n<meta name=\"twitter:card\" content=\"summary_large_image\" \/>\n<meta name=\"twitter:image\" content=\"http:\/\/files.gossip.it\/immagini_news\/2014\/05\/1400752073_1-13.jpg\" \/>\n<meta name=\"twitter:creator\" content=\"@gossinews_it\" \/>\n<meta name=\"twitter:site\" content=\"@gossinews_it\" \/>\n<meta name=\"twitter:label1\" content=\"Scritto da\" \/>\n\t<meta name=\"twitter:data1\" content=\"Francesca Romana Domenici\" \/>\n\t<meta name=\"twitter:label2\" content=\"Tempo di lettura stimato\" \/>\n\t<meta name=\"twitter:data2\" content=\"3 minuti\" \/>","yoast_head_json":{"title":"Emilio Fede, un tumore per sbaglio - Gossip.it | News sul Gossip e VIP","description":"Gli hanno diagnosticato un cancro, ma le analisi erano sbagliate. Emilio Fede lo racconta al settimanale Chi diretto da Alfonso Signorini: \"Tre mesi fa ho","robots":{"index":"index","follow":"follow","max-snippet":"max-snippet:-1","max-image-preview":"max-image-preview:large","max-video-preview":"max-video-preview:-1"},"canonical":"https:\/\/www.gossip.it\/news\/emilio-fede-un-tumore-per-sbaglio\/","og_locale":"it_IT","og_type":"article","og_title":"Emilio Fede, un tumore per sbaglio - Gossip.it | News sul Gossip e VIP","og_description":"Gli hanno diagnosticato un cancro, ma le analisi erano sbagliate. Emilio Fede lo racconta al settimanale Chi diretto da Alfonso Signorini: \"Tre mesi fa ho","og_url":"https:\/\/www.gossip.it\/news\/emilio-fede-un-tumore-per-sbaglio\/","og_site_name":"Gossip.it | News sul Gossip e VIP","article_publisher":"https:\/\/www.facebook.com\/GossipIT","article_published_time":"2014-05-21T22:00:00+00:00","og_image":[{"url":"http:\/\/files.gossip.it\/immagini_news\/2014\/05\/1400752073_1-13.jpg"}],"author":"La Redazione","twitter_card":"summary_large_image","twitter_image":"http:\/\/files.gossip.it\/immagini_news\/2014\/05\/1400752073_1-13.jpg","twitter_creator":"@gossinews_it","twitter_site":"@gossinews_it","twitter_misc":{"Scritto da":"Francesca Romana Domenici","Tempo di lettura stimato":"3 minuti"},"schema":{"@context":"https:\/\/schema.org","@graph":[{"@type":"Article","@id":"https:\/\/www.gossip.it\/news\/emilio-fede-un-tumore-per-sbaglio\/#article","isPartOf":{"@id":"https:\/\/www.gossip.it\/news\/emilio-fede-un-tumore-per-sbaglio\/"},"author":{"name":"La Redazione","@id":"https:\/\/www.gossip.it\/#\/schema\/person\/488896f75158bff1cc83c6c39d141110"},"headline":"Emilio Fede, un tumore per sbaglio","datePublished":"2014-05-21T22:00:00+00:00","dateModified":"2014-05-21T22:00:00+00:00","mainEntityOfPage":{"@id":"https:\/\/www.gossip.it\/news\/emilio-fede-un-tumore-per-sbaglio\/"},"wordCount":595,"publisher":{"@id":"https:\/\/www.gossip.it\/#organization"},"image":{"@id":"https:\/\/www.gossip.it\/news\/emilio-fede-un-tumore-per-sbaglio\/#primaryimage"},"thumbnailUrl":"http:\/\/files.gossip.it\/immagini_news\/2014\/05\/1400752073_1-13.jpg","keywords":["bunga bunga","cancro tumore","diagnosi","dichiarazioni","giornalista"],"articleSection":["News"],"inLanguage":"it-IT"},{"@type":"WebPage","@id":"https:\/\/www.gossip.it\/news\/emilio-fede-un-tumore-per-sbaglio\/","url":"https:\/\/www.gossip.it\/news\/emilio-fede-un-tumore-per-sbaglio\/","name":"Emilio Fede, un tumore per sbaglio - Gossip.it | News sul Gossip e VIP","isPartOf":{"@id":"https:\/\/www.gossip.it\/#website"},"primaryImageOfPage":{"@id":"https:\/\/www.gossip.it\/news\/emilio-fede-un-tumore-per-sbaglio\/#primaryimage"},"image":{"@id":"https:\/\/www.gossip.it\/news\/emilio-fede-un-tumore-per-sbaglio\/#primaryimage"},"thumbnailUrl":"http:\/\/files.gossip.it\/immagini_news\/2014\/05\/1400752073_1-13.jpg","datePublished":"2014-05-21T22:00:00+00:00","dateModified":"2014-05-21T22:00:00+00:00","description":"Gli hanno diagnosticato un cancro, ma le analisi erano sbagliate. Emilio Fede lo racconta al settimanale Chi diretto da Alfonso Signorini: \"Tre mesi fa ho","breadcrumb":{"@id":"https:\/\/www.gossip.it\/news\/emilio-fede-un-tumore-per-sbaglio\/#breadcrumb"},"inLanguage":"it-IT","potentialAction":[{"@type":"ReadAction","target":["https:\/\/www.gossip.it\/news\/emilio-fede-un-tumore-per-sbaglio\/"]}]},{"@type":"ImageObject","inLanguage":"it-IT","@id":"https:\/\/www.gossip.it\/news\/emilio-fede-un-tumore-per-sbaglio\/#primaryimage","url":"http:\/\/files.gossip.it\/immagini_news\/2014\/05\/1400752073_1-13.jpg","contentUrl":"http:\/\/files.gossip.it\/immagini_news\/2014\/05\/1400752073_1-13.jpg"},{"@type":"BreadcrumbList","@id":"https:\/\/www.gossip.it\/news\/emilio-fede-un-tumore-per-sbaglio\/#breadcrumb","itemListElement":[{"@type":"ListItem","position":1,"name":"Home","item":"https:\/\/www.gossip.it\/"},{"@type":"ListItem","position":2,"name":"Emilio Fede, un tumore per sbaglio"}]},{"@type":"WebSite","@id":"https:\/\/www.gossip.it\/#website","url":"https:\/\/www.gossip.it\/","name":"Gossip and VIP News","description":"Quotidiano di cronaca rosa, costume e societ\u00e0","publisher":{"@id":"https:\/\/www.gossip.it\/#organization"},"alternateName":"Gossip and VIP News","potentialAction":[{"@type":"SearchAction","target":{"@type":"EntryPoint","urlTemplate":"https:\/\/www.gossip.it\/?s={search_term_string}"},"query-input":{"@type":"PropertyValueSpecification","valueRequired":true,"valueName":"search_term_string"}}],"inLanguage":"it-IT"},{"@type":"Organization","@id":"https:\/\/www.gossip.it\/#organization","name":"Gossip and VIP News","alternateName":"Gossip News","url":"https:\/\/www.gossip.it\/","logo":{"@type":"ImageObject","inLanguage":"it-IT","@id":"https:\/\/www.gossip.it\/#\/schema\/logo\/image\/","url":"https:\/\/www.gossip.it\/wp-content\/uploads\/2022\/04\/cropped-corna-alta-tiny.png","contentUrl":"https:\/\/www.gossip.it\/wp-content\/uploads\/2022\/04\/cropped-corna-alta-tiny.png","width":512,"height":512,"caption":"Gossip and VIP News"},"image":{"@id":"https:\/\/www.gossip.it\/#\/schema\/logo\/image\/"},"sameAs":["https:\/\/www.facebook.com\/GossipIT","https:\/\/x.com\/gossinews_it","https:\/\/instagram.com\/gossip_it"]},{"@type":"Person","@id":"https:\/\/www.gossip.it\/#\/schema\/person\/488896f75158bff1cc83c6c39d141110","name":"La Redazione","image":{"@type":"ImageObject","inLanguage":"it-IT","@id":"https:\/\/www.gossip.it\/#\/schema\/person\/image\/","url":"https:\/\/secure.gravatar.com\/avatar\/5a5f5c6fa3e6700e4249abdad0263a1e94e927d9e0499b1cb09c1cd29c044d80?s=96&d=mm&r=g","contentUrl":"https:\/\/secure.gravatar.com\/avatar\/5a5f5c6fa3e6700e4249abdad0263a1e94e927d9e0499b1cb09c1cd29c044d80?s=96&d=mm&r=g","caption":"La Redazione"},"sameAs":["https:\/\/www.gossip.it"]}]}},"amp_enabled":true,"_links":{"self":[{"href":"https:\/\/www.gossip.it\/api\/wp\/v2\/posts\/47043","targetHints":{"allow":["GET"]}}],"collection":[{"href":"https:\/\/www.gossip.it\/api\/wp\/v2\/posts"}],"about":[{"href":"https:\/\/www.gossip.it\/api\/wp\/v2\/types\/post"}],"author":[{"embeddable":true,"href":"https:\/\/www.gossip.it\/api\/wp\/v2\/users\/1"}],"replies":[{"embeddable":true,"href":"https:\/\/www.gossip.it\/api\/wp\/v2\/comments?post=47043"}],"version-history":[{"count":0,"href":"https:\/\/www.gossip.it\/api\/wp\/v2\/posts\/47043\/revisions"}],"wp:featuredmedia":[{"embeddable":true,"href":"https:\/\/www.gossip.it\/api\/wp\/v2\/media\/103089"}],"wp:attachment":[{"href":"https:\/\/www.gossip.it\/api\/wp\/v2\/media?parent=47043"}],"wp:term":[{"taxonomy":"category","embeddable":true,"href":"https:\/\/www.gossip.it\/api\/wp\/v2\/categories?post=47043"},{"taxonomy":"post_tag","embeddable":true,"href":"https:\/\/www.gossip.it\/api\/wp\/v2\/tags?post=47043"},{"taxonomy":"vip","embeddable":true,"href":"https:\/\/www.gossip.it\/api\/wp\/v2\/vip?post=47043"}],"curies":[{"name":"wp","href":"https:\/\/api.w.org\/{rel}","templated":true}]}}