{"id":47059,"date":"2014-05-22T00:00:00","date_gmt":"2014-05-21T22:00:00","guid":{"rendered":"https:\/\/www.gossip.it\/senza-categoria\/gabriel-garko-sulla-croisette-con-asia\/"},"modified":"2014-05-22T00:00:00","modified_gmt":"2014-05-21T22:00:00","slug":"gabriel-garko-sulla-croisette-con-asia","status":"publish","type":"post","link":"https:\/\/www.gossip.it\/news\/gabriel-garko-sulla-croisette-con-asia\/","title":{"rendered":"Gabriel Garko, sulla Croisette con Asia"},"content":{"rendered":"<p>E' impeccabile sulla <a href=\"http:\/\/www.gossip.it\/news\/monografia.php?keyword=Croisette\">Croisette<\/a>, insieme alla regista che l'ha diretto, <a href=\"http:\/\/www.gossip.it\/news\/monografia.php?keyword=Asia Argento\">Asia Argento<\/a>. La figlia di <b>Dario<\/b>, al suo terzo film dietro la macchina da presa, <b>\"Incompresa\"<\/b>, in concorso al <b>67esimo<\/b> <a href=\"http:\/\/www.gossip.it\/news\/monografia.php?keyword=Festival di Cannes\">Festival di Cannes<\/a> nella sezione Un certain regard, ha fortemente voluto <a href=\"http:\/\/www.gossip.it\/news\/monografia.php?keyword=Gabriel Garko\">Gabriel Garko<\/a> nel ruolo del padre in una pellicola che racconta uno spaccato di un'infanzia allo sbando. L'<a href=\"http:\/\/www.gossip.it\/news\/monografia.php?keyword=attore\">attore<\/a> ha accettato, non ha aveva scelta. <em>\"Un giorno Asia \u00e8 venuta da me e mi ha detto: o fai questo ruolo o ti ammazzo\"<\/em>, ha raccontato Gabriel a <em>Vanity Fair<\/em>.<br \/>\nGarko davanti ai fotografi a posato abbracciato ad Asia. Per lui una giacca gessata blu doppiopetto, camicia e pantaloni bianchi, cravatta scura. Total black la Argento, assolutamente rock. E' entusiasta dell'esperienza vissuta sul set, arricchita anche da una partner d'eccezione, <a href=\"http:\/\/www.gossip.it\/news\/monografia.php?keyword=Charlotte Gainsbourg\">Charlotte Gainsbourg<\/a>. In una scena si sono persino picchiati: <em>\"S\u00ec e sono botte vere, perch\u00e9 non volevamo fare finta. A parte i lividi con lei mi sono trovato molto bene, \u00e8 una persona particolarissima, molto affascinante. \u00c8 silenziosa, per\u00f2 se la sai ascoltare bene i suoi silenzi parlano\"<\/em>.<\/p>\n<p>Il suo personaggio, come ha spiegato, <em>\"\u00e8 pieno di tic, nevrosi, fobie. Ma non si pu\u00f2 definire un egocentrico o cattivo, \u00e8 semplicemente vittima dell\u2019idea che lui ha di se stesso\"<\/em>. Non ha nulla in comune nella vita reale con lui: <b><em>\"Se fossi come i personaggi che interpreto non sarei neanche pi\u00f9 qui a parlare, perch\u00e9 sarei gi\u00e0 stato arrestato, menato, ammazzato. Sicuramente morto\"<\/em><\/b>.<br \/>\nStar di molte fiction, Gabriel sogna pi\u00f9 cinema nel futuro. <b><em>\"Mi piacerebbe moltissimo recitare in un film dei fratelli <a href=\"http:\/\/www.gossip.it\/news\/monografia.php?keyword=Coen\">Coen<\/a>, che adoro perch\u00e9 fanno delle cose veramente fuori di testa\"<\/em><\/b>, ha detto. Ed \u00e8 anche stufo dei ruoli da bello che gli danno: <em>\"Mi piacerebbe interpretare personaggi sempre molto diversi da me: sia da come sono nella vita, sia da come sono fisicamente. Vorrei mettermi alla prova con una trasformazione \u201cvera\u201d, come ha fatto <a href=\"http:\/\/www.gossip.it\/news\/monografia.php?keyword=Charlize Theron\">Charlize Theron<\/a> in <b>\"Monster\"<\/b>\"<\/em>. Poi per\u00f2 ha ammesso: <em>\"Ma purtroppo in Italia queste cose non si usano, si preferisce chiamare l\u2019attrice grassa per fare la grassa, l\u2019attore bello per fare il bello\"<\/em>.<\/p>\n","protected":false},"excerpt":{"rendered":"<p>E' impeccabile sulla Croisette, insieme alla regista che l'ha diretto, Asia Argento. La figlia di Dario, al suo terzo film dietro la macchina da presa, \"Incompresa\", in concorso al 67esimo Festival di Cannes nella sezione Un certain regard, ha fortemente voluto Gabriel Garko nel ruolo del padre in una pellicola che racconta uno spaccato di [&hellip;]<\/p>\n","protected":false},"author":1,"featured_media":103105,"comment_status":"closed","ping_status":"closed","sticky":false,"template":"","format":"standard","meta":{"footnotes":""},"categories":[54],"tags":[2137,5965,2410,2102,49545,1976,45148,2832],"vip":[373,810],"class_list":["post-47059","post","type-post","status-publish","format-standard","has-post-thumbnail","hentry","category-news","tag-attore","tag-cannes","tag-cinema","tag-dichiarazioni","tag-festival-di-cannes-croisette","tag-film","tag-incompresa","tag-regista","vip-asia_argento","vip-gabriel_garko"],"yoast_head":"<title>Gabriel Garko, sulla Croisette con Asia - Gossip.it | News sul Gossip e VIP<\/title>\n<meta name=\"description\" content=\"E&#039; impeccabile sulla Croisette, insieme alla regista che l&#039;ha diretto, Asia Argento. La figlia di Dario, al suo terzo film dietro la macchina da presa,\" \/>\n<meta name=\"robots\" content=\"index, follow, max-snippet:-1, max-image-preview:large, max-video-preview:-1\" \/>\n<link rel=\"canonical\" href=\"https:\/\/www.gossip.it\/news\/gabriel-garko-sulla-croisette-con-asia\/\" \/>\n<meta property=\"og:locale\" content=\"it_IT\" \/>\n<meta property=\"og:type\" content=\"article\" \/>\n<meta property=\"og:title\" content=\"Gabriel Garko, sulla Croisette con Asia - Gossip.it | News sul Gossip e VIP\" \/>\n<meta property=\"og:description\" content=\"E&#039; impeccabile sulla Croisette, insieme alla regista che l&#039;ha diretto, Asia Argento. La figlia di Dario, al suo terzo film dietro la macchina da presa,\" \/>\n<meta property=\"og:url\" content=\"https:\/\/www.gossip.it\/news\/gabriel-garko-sulla-croisette-con-asia\/\" \/>\n<meta property=\"og:site_name\" content=\"Gossip.it | News sul Gossip e VIP\" \/>\n<meta property=\"article:publisher\" content=\"https:\/\/www.facebook.com\/GossipIT\" \/>\n<meta property=\"article:published_time\" content=\"2014-05-21T22:00:00+00:00\" \/>\n<meta property=\"og:image\" content=\"http:\/\/www.gossip.it\/images5\/1400757542_.jpg\" \/>\n<meta name=\"author\" content=\"La Redazione\" \/>\n<meta name=\"twitter:card\" content=\"summary_large_image\" \/>\n<meta name=\"twitter:image\" content=\"http:\/\/www.gossip.it\/images5\/1400757542_.jpg\" \/>\n<meta name=\"twitter:creator\" content=\"@gossinews_it\" \/>\n<meta name=\"twitter:site\" content=\"@gossinews_it\" \/>\n<meta name=\"twitter:label1\" content=\"Scritto da\" \/>\n\t<meta name=\"twitter:data1\" content=\"Annamaria Capozzi\" \/>\n\t<meta name=\"twitter:label2\" content=\"Tempo di lettura stimato\" \/>\n\t<meta name=\"twitter:data2\" content=\"2 minuti\" \/>","yoast_head_json":{"title":"Gabriel Garko, sulla Croisette con Asia - Gossip.it | News sul Gossip e VIP","description":"E' impeccabile sulla Croisette, insieme alla regista che l'ha diretto, Asia Argento. La figlia di Dario, al suo terzo film dietro la macchina da presa,","robots":{"index":"index","follow":"follow","max-snippet":"max-snippet:-1","max-image-preview":"max-image-preview:large","max-video-preview":"max-video-preview:-1"},"canonical":"https:\/\/www.gossip.it\/news\/gabriel-garko-sulla-croisette-con-asia\/","og_locale":"it_IT","og_type":"article","og_title":"Gabriel Garko, sulla Croisette con Asia - Gossip.it | News sul Gossip e VIP","og_description":"E' impeccabile sulla Croisette, insieme alla regista che l'ha diretto, Asia Argento. La figlia di Dario, al suo terzo film dietro la macchina da presa,","og_url":"https:\/\/www.gossip.it\/news\/gabriel-garko-sulla-croisette-con-asia\/","og_site_name":"Gossip.it | News sul Gossip e VIP","article_publisher":"https:\/\/www.facebook.com\/GossipIT","article_published_time":"2014-05-21T22:00:00+00:00","og_image":[{"url":"http:\/\/www.gossip.it\/images5\/1400757542_.jpg"}],"author":"La Redazione","twitter_card":"summary_large_image","twitter_image":"http:\/\/www.gossip.it\/images5\/1400757542_.jpg","twitter_creator":"@gossinews_it","twitter_site":"@gossinews_it","twitter_misc":{"Scritto da":"Annamaria Capozzi","Tempo di lettura stimato":"2 minuti"},"schema":{"@context":"https:\/\/schema.org","@graph":[{"@type":"Article","@id":"https:\/\/www.gossip.it\/news\/gabriel-garko-sulla-croisette-con-asia\/#article","isPartOf":{"@id":"https:\/\/www.gossip.it\/news\/gabriel-garko-sulla-croisette-con-asia\/"},"author":{"name":"La Redazione","@id":"https:\/\/www.gossip.it\/#\/schema\/person\/488896f75158bff1cc83c6c39d141110"},"headline":"Gabriel Garko, sulla Croisette con Asia","datePublished":"2014-05-21T22:00:00+00:00","dateModified":"2014-05-21T22:00:00+00:00","mainEntityOfPage":{"@id":"https:\/\/www.gossip.it\/news\/gabriel-garko-sulla-croisette-con-asia\/"},"wordCount":355,"publisher":{"@id":"https:\/\/www.gossip.it\/#organization"},"image":{"@id":"https:\/\/www.gossip.it\/news\/gabriel-garko-sulla-croisette-con-asia\/#primaryimage"},"thumbnailUrl":"http:\/\/www.gossip.it\/images5\/1400757542_.jpg","keywords":["attore","cannes","cinema","dichiarazioni","festival di cannes croisette","film","incompresa","regista"],"articleSection":["News"],"inLanguage":"it-IT"},{"@type":"WebPage","@id":"https:\/\/www.gossip.it\/news\/gabriel-garko-sulla-croisette-con-asia\/","url":"https:\/\/www.gossip.it\/news\/gabriel-garko-sulla-croisette-con-asia\/","name":"Gabriel Garko, sulla Croisette con Asia - Gossip.it | News sul Gossip e VIP","isPartOf":{"@id":"https:\/\/www.gossip.it\/#website"},"primaryImageOfPage":{"@id":"https:\/\/www.gossip.it\/news\/gabriel-garko-sulla-croisette-con-asia\/#primaryimage"},"image":{"@id":"https:\/\/www.gossip.it\/news\/gabriel-garko-sulla-croisette-con-asia\/#primaryimage"},"thumbnailUrl":"http:\/\/www.gossip.it\/images5\/1400757542_.jpg","datePublished":"2014-05-21T22:00:00+00:00","dateModified":"2014-05-21T22:00:00+00:00","description":"E' impeccabile sulla Croisette, insieme alla regista che l'ha diretto, Asia Argento. La figlia di Dario, al suo terzo film dietro la macchina da presa,","breadcrumb":{"@id":"https:\/\/www.gossip.it\/news\/gabriel-garko-sulla-croisette-con-asia\/#breadcrumb"},"inLanguage":"it-IT","potentialAction":[{"@type":"ReadAction","target":["https:\/\/www.gossip.it\/news\/gabriel-garko-sulla-croisette-con-asia\/"]}]},{"@type":"ImageObject","inLanguage":"it-IT","@id":"https:\/\/www.gossip.it\/news\/gabriel-garko-sulla-croisette-con-asia\/#primaryimage","url":"http:\/\/www.gossip.it\/images5\/1400757542_.jpg","contentUrl":"http:\/\/www.gossip.it\/images5\/1400757542_.jpg"},{"@type":"BreadcrumbList","@id":"https:\/\/www.gossip.it\/news\/gabriel-garko-sulla-croisette-con-asia\/#breadcrumb","itemListElement":[{"@type":"ListItem","position":1,"name":"Home","item":"https:\/\/www.gossip.it\/"},{"@type":"ListItem","position":2,"name":"Gabriel Garko, sulla Croisette con Asia"}]},{"@type":"WebSite","@id":"https:\/\/www.gossip.it\/#website","url":"https:\/\/www.gossip.it\/","name":"Gossip and VIP News","description":"Quotidiano di cronaca rosa, costume e societ\u00e0","publisher":{"@id":"https:\/\/www.gossip.it\/#organization"},"alternateName":"Gossip and VIP News","potentialAction":[{"@type":"SearchAction","target":{"@type":"EntryPoint","urlTemplate":"https:\/\/www.gossip.it\/?s={search_term_string}"},"query-input":{"@type":"PropertyValueSpecification","valueRequired":true,"valueName":"search_term_string"}}],"inLanguage":"it-IT"},{"@type":"Organization","@id":"https:\/\/www.gossip.it\/#organization","name":"Gossip and VIP News","alternateName":"Gossip News","url":"https:\/\/www.gossip.it\/","logo":{"@type":"ImageObject","inLanguage":"it-IT","@id":"https:\/\/www.gossip.it\/#\/schema\/logo\/image\/","url":"https:\/\/www.gossip.it\/wp-content\/uploads\/2022\/04\/cropped-corna-alta-tiny.png","contentUrl":"https:\/\/www.gossip.it\/wp-content\/uploads\/2022\/04\/cropped-corna-alta-tiny.png","width":512,"height":512,"caption":"Gossip and VIP News"},"image":{"@id":"https:\/\/www.gossip.it\/#\/schema\/logo\/image\/"},"sameAs":["https:\/\/www.facebook.com\/GossipIT","https:\/\/x.com\/gossinews_it","https:\/\/instagram.com\/gossip_it"]},{"@type":"Person","@id":"https:\/\/www.gossip.it\/#\/schema\/person\/488896f75158bff1cc83c6c39d141110","name":"La Redazione","image":{"@type":"ImageObject","inLanguage":"it-IT","@id":"https:\/\/www.gossip.it\/#\/schema\/person\/image\/","url":"https:\/\/secure.gravatar.com\/avatar\/5a5f5c6fa3e6700e4249abdad0263a1e94e927d9e0499b1cb09c1cd29c044d80?s=96&d=mm&r=g","contentUrl":"https:\/\/secure.gravatar.com\/avatar\/5a5f5c6fa3e6700e4249abdad0263a1e94e927d9e0499b1cb09c1cd29c044d80?s=96&d=mm&r=g","caption":"La Redazione"},"sameAs":["https:\/\/www.gossip.it"]}]}},"amp_enabled":true,"_links":{"self":[{"href":"https:\/\/www.gossip.it\/api\/wp\/v2\/posts\/47059","targetHints":{"allow":["GET"]}}],"collection":[{"href":"https:\/\/www.gossip.it\/api\/wp\/v2\/posts"}],"about":[{"href":"https:\/\/www.gossip.it\/api\/wp\/v2\/types\/post"}],"author":[{"embeddable":true,"href":"https:\/\/www.gossip.it\/api\/wp\/v2\/users\/1"}],"replies":[{"embeddable":true,"href":"https:\/\/www.gossip.it\/api\/wp\/v2\/comments?post=47059"}],"version-history":[{"count":0,"href":"https:\/\/www.gossip.it\/api\/wp\/v2\/posts\/47059\/revisions"}],"wp:featuredmedia":[{"embeddable":true,"href":"https:\/\/www.gossip.it\/api\/wp\/v2\/media\/103105"}],"wp:attachment":[{"href":"https:\/\/www.gossip.it\/api\/wp\/v2\/media?parent=47059"}],"wp:term":[{"taxonomy":"category","embeddable":true,"href":"https:\/\/www.gossip.it\/api\/wp\/v2\/categories?post=47059"},{"taxonomy":"post_tag","embeddable":true,"href":"https:\/\/www.gossip.it\/api\/wp\/v2\/tags?post=47059"},{"taxonomy":"vip","embeddable":true,"href":"https:\/\/www.gossip.it\/api\/wp\/v2\/vip?post=47059"}],"curies":[{"name":"wp","href":"https:\/\/api.w.org\/{rel}","templated":true}]}}