{"id":47483,"date":"2014-06-12T00:00:00","date_gmt":"2014-06-11T22:00:00","guid":{"rendered":"https:\/\/www.gossip.it\/senza-categoria\/daniela-santanche-adoro-stare-in-minigonna\/"},"modified":"2014-06-12T00:00:00","modified_gmt":"2014-06-11T22:00:00","slug":"daniela-santanche-adoro-stare-in-minigonna","status":"publish","type":"post","link":"https:\/\/www.gossip.it\/news\/daniela-santanche-adoro-stare-in-minigonna\/","title":{"rendered":"Daniela Santanch\u00e8: 'Adoro stare in minigonna'"},"content":{"rendered":"<p>Il 7 aprile scorso ha compiuto 53 anni. <a href=\"http:\/\/www.gossip.it\/news\/monografia.php?keyword=Daniela Santanch\u00e9\">Daniela Santanch\u00e9<\/a>, nonostante non sia pi\u00f9 una giovanissima, <a href=\"http:\/\/www.gossip.it\/protagonisti\/daniela_santanche_ai_ciak_doro_con_la_mini_esagerata_foto_sperw.html?id=06c02f0115226c4553576c26db42f9ba\"><b><u>non ha esitato ai Ciak d'Oro 2014 a indossare una mise forse pi\u00f9 adatta a una ventenne che a una signora della sua et\u00e0<\/u><\/b><\/a>, mostrandosi davanti ai fotografi con una gonna ampia e cortissima che ben poco ha lasciato all'immaginazione. Nessun problema, per\u00f2, per la politica di Forza Italia, come ha chiarito a <em>Chi<\/em>.<br \/>\n<b><em>\"Tenersi in forma a cinquant'anni \u00e8 un dovere. E' pi\u00f9 faticoso che stare sdraiati a letto a mangiare dolci, ma offre grandi soddisfazioni. Ed \u00e8 un modo per dimostrare che si ha rispetto per se stesse. E poi adoro stare in minigonna...\"<\/em><\/b>, ha spiegato.<\/p>\n<p>E' una vera stakanovista dell'estetica Daniela, e pure delle diete: <em>\"Ci vuole disciplina, impegno e fatica. Avere fame fa bene a questa et\u00e0. Non ti fa sentire la stanchezza. Mi sento da Dio: ho coraggio. <b>Corro tutti i giorni seguendo una dieta ferrea: pesce, verdure, frutta e niente carboidrati e dolci<\/b>\"<\/em>. E' convinta della bont\u00e0 del suo modello di vita: <em>\"Il corpo non \u00e8 prigione dell'anima ma il biglietto da visita per entrare in contatto con gli altri. Quindi curarsi e fare sport \u00e8 un dovere, come lavarsi i denti. Le donne oggi a 50 anni lavorano, sono capo famiglia e spesso comandando aziende: quindi hanno il dovere di essere piacevoli. Chi non lo fa, sbaglia\"<\/em>.<\/p>\n<p>Un peccatuccio di gola, per\u00f2, fa bene: <em>\"Ogni tanto mi premio. Con un tiramis\u00f9!\"<\/em>. E meno male!<\/p>\n","protected":false},"excerpt":{"rendered":"<p>Il 7 aprile scorso ha compiuto 53 anni. Daniela Santanch\u00e9, nonostante non sia pi\u00f9 una giovanissima, non ha esitato ai Ciak d'Oro 2014 a indossare una mise forse pi\u00f9 adatta a una ventenne che a una signora della sua et\u00e0, mostrandosi davanti ai fotografi con una gonna ampia e cortissima che ben poco ha lasciato [&hellip;]<\/p>\n","protected":false},"author":1,"featured_media":103529,"comment_status":"closed","ping_status":"closed","sticky":false,"template":"","format":"standard","meta":{"footnotes":""},"categories":[54],"tags":[4218,8558,8556,2102,18812,2553,2568],"vip":[],"class_list":["post-47483","post","type-post","status-publish","format-standard","has-post-thumbnail","hentry","category-news","tag-ciak-doro","tag-ciak-doro-2014","tag-daniela-santanche","tag-dichiarazioni","tag-forza-italia","tag-politica","tag-protagonisti"],"yoast_head":"<title>Daniela Santanch\u00e8: &#039;Adoro stare in minigonna&#039; - Gossip.it | News sul Gossip e VIP<\/title>\n<meta name=\"description\" content=\"Il 7 aprile scorso ha compiuto 53 anni. Daniela Santanch\u00e9, nonostante non sia pi\u00f9 una giovanissima, non ha esitato ai Ciak d&#039;Oro 2014 a indossare una mise\" \/>\n<meta name=\"robots\" content=\"index, follow, max-snippet:-1, max-image-preview:large, max-video-preview:-1\" \/>\n<link rel=\"canonical\" href=\"https:\/\/www.gossip.it\/news\/daniela-santanche-adoro-stare-in-minigonna\/\" \/>\n<meta property=\"og:locale\" content=\"it_IT\" \/>\n<meta property=\"og:type\" content=\"article\" \/>\n<meta property=\"og:title\" content=\"Daniela Santanch\u00e8: &#039;Adoro stare in minigonna&#039; - Gossip.it | News sul Gossip e VIP\" \/>\n<meta property=\"og:description\" content=\"Il 7 aprile scorso ha compiuto 53 anni. Daniela Santanch\u00e9, nonostante non sia pi\u00f9 una giovanissima, non ha esitato ai Ciak d&#039;Oro 2014 a indossare una mise\" \/>\n<meta property=\"og:url\" content=\"https:\/\/www.gossip.it\/news\/daniela-santanche-adoro-stare-in-minigonna\/\" \/>\n<meta property=\"og:site_name\" content=\"Gossip.it | News sul Gossip e VIP\" \/>\n<meta property=\"article:publisher\" content=\"https:\/\/www.facebook.com\/GossipIT\" \/>\n<meta property=\"article:published_time\" content=\"2014-06-11T22:00:00+00:00\" \/>\n<meta property=\"og:image\" content=\"http:\/\/www.gossip.it\/images5\/1402558492_.jpg\" \/>\n<meta name=\"author\" content=\"La Redazione\" \/>\n<meta name=\"twitter:card\" content=\"summary_large_image\" \/>\n<meta name=\"twitter:image\" content=\"http:\/\/www.gossip.it\/images5\/1402558492_.jpg\" \/>\n<meta name=\"twitter:creator\" content=\"@gossinews_it\" \/>\n<meta name=\"twitter:site\" content=\"@gossinews_it\" \/>\n<meta name=\"twitter:label1\" content=\"Scritto da\" \/>\n\t<meta name=\"twitter:data1\" content=\"La Redazione\" \/>\n\t<meta name=\"twitter:label2\" content=\"Tempo di lettura stimato\" \/>\n\t<meta name=\"twitter:data2\" content=\"1 minuto\" \/>","yoast_head_json":{"title":"Daniela Santanch\u00e8: 'Adoro stare in minigonna' - Gossip.it | News sul Gossip e VIP","description":"Il 7 aprile scorso ha compiuto 53 anni. Daniela Santanch\u00e9, nonostante non sia pi\u00f9 una giovanissima, non ha esitato ai Ciak d'Oro 2014 a indossare una mise","robots":{"index":"index","follow":"follow","max-snippet":"max-snippet:-1","max-image-preview":"max-image-preview:large","max-video-preview":"max-video-preview:-1"},"canonical":"https:\/\/www.gossip.it\/news\/daniela-santanche-adoro-stare-in-minigonna\/","og_locale":"it_IT","og_type":"article","og_title":"Daniela Santanch\u00e8: 'Adoro stare in minigonna' - Gossip.it | News sul Gossip e VIP","og_description":"Il 7 aprile scorso ha compiuto 53 anni. Daniela Santanch\u00e9, nonostante non sia pi\u00f9 una giovanissima, non ha esitato ai Ciak d'Oro 2014 a indossare una mise","og_url":"https:\/\/www.gossip.it\/news\/daniela-santanche-adoro-stare-in-minigonna\/","og_site_name":"Gossip.it | News sul Gossip e VIP","article_publisher":"https:\/\/www.facebook.com\/GossipIT","article_published_time":"2014-06-11T22:00:00+00:00","og_image":[{"url":"http:\/\/www.gossip.it\/images5\/1402558492_.jpg"}],"author":"La Redazione","twitter_card":"summary_large_image","twitter_image":"http:\/\/www.gossip.it\/images5\/1402558492_.jpg","twitter_creator":"@gossinews_it","twitter_site":"@gossinews_it","twitter_misc":{"Scritto da":"La Redazione","Tempo di lettura stimato":"1 minuto"},"schema":{"@context":"https:\/\/schema.org","@graph":[{"@type":"Article","@id":"https:\/\/www.gossip.it\/news\/daniela-santanche-adoro-stare-in-minigonna\/#article","isPartOf":{"@id":"https:\/\/www.gossip.it\/news\/daniela-santanche-adoro-stare-in-minigonna\/"},"author":{"name":"La Redazione","@id":"https:\/\/www.gossip.it\/#\/schema\/person\/488896f75158bff1cc83c6c39d141110"},"headline":"Daniela Santanch\u00e8: 'Adoro stare in minigonna'","datePublished":"2014-06-11T22:00:00+00:00","dateModified":"2014-06-11T22:00:00+00:00","mainEntityOfPage":{"@id":"https:\/\/www.gossip.it\/news\/daniela-santanche-adoro-stare-in-minigonna\/"},"wordCount":250,"publisher":{"@id":"https:\/\/www.gossip.it\/#organization"},"image":{"@id":"https:\/\/www.gossip.it\/news\/daniela-santanche-adoro-stare-in-minigonna\/#primaryimage"},"thumbnailUrl":"http:\/\/www.gossip.it\/images5\/1402558492_.jpg","keywords":["ciak d'oro","ciak d'oro 2014","daniela santanch\u00e8","dichiarazioni","forza italia","politica","protagonisti"],"articleSection":["News"],"inLanguage":"it-IT"},{"@type":"WebPage","@id":"https:\/\/www.gossip.it\/news\/daniela-santanche-adoro-stare-in-minigonna\/","url":"https:\/\/www.gossip.it\/news\/daniela-santanche-adoro-stare-in-minigonna\/","name":"Daniela Santanch\u00e8: 'Adoro stare in minigonna' - Gossip.it | News sul Gossip e VIP","isPartOf":{"@id":"https:\/\/www.gossip.it\/#website"},"primaryImageOfPage":{"@id":"https:\/\/www.gossip.it\/news\/daniela-santanche-adoro-stare-in-minigonna\/#primaryimage"},"image":{"@id":"https:\/\/www.gossip.it\/news\/daniela-santanche-adoro-stare-in-minigonna\/#primaryimage"},"thumbnailUrl":"http:\/\/www.gossip.it\/images5\/1402558492_.jpg","datePublished":"2014-06-11T22:00:00+00:00","dateModified":"2014-06-11T22:00:00+00:00","description":"Il 7 aprile scorso ha compiuto 53 anni. Daniela Santanch\u00e9, nonostante non sia pi\u00f9 una giovanissima, non ha esitato ai Ciak d'Oro 2014 a indossare una mise","breadcrumb":{"@id":"https:\/\/www.gossip.it\/news\/daniela-santanche-adoro-stare-in-minigonna\/#breadcrumb"},"inLanguage":"it-IT","potentialAction":[{"@type":"ReadAction","target":["https:\/\/www.gossip.it\/news\/daniela-santanche-adoro-stare-in-minigonna\/"]}]},{"@type":"ImageObject","inLanguage":"it-IT","@id":"https:\/\/www.gossip.it\/news\/daniela-santanche-adoro-stare-in-minigonna\/#primaryimage","url":"http:\/\/www.gossip.it\/images5\/1402558492_.jpg","contentUrl":"http:\/\/www.gossip.it\/images5\/1402558492_.jpg"},{"@type":"BreadcrumbList","@id":"https:\/\/www.gossip.it\/news\/daniela-santanche-adoro-stare-in-minigonna\/#breadcrumb","itemListElement":[{"@type":"ListItem","position":1,"name":"Home","item":"https:\/\/www.gossip.it\/"},{"@type":"ListItem","position":2,"name":"Daniela Santanch\u00e8: 'Adoro stare in minigonna'"}]},{"@type":"WebSite","@id":"https:\/\/www.gossip.it\/#website","url":"https:\/\/www.gossip.it\/","name":"Gossip and VIP News","description":"Quotidiano di cronaca rosa, costume e societ\u00e0","publisher":{"@id":"https:\/\/www.gossip.it\/#organization"},"alternateName":"Gossip and VIP News","potentialAction":[{"@type":"SearchAction","target":{"@type":"EntryPoint","urlTemplate":"https:\/\/www.gossip.it\/?s={search_term_string}"},"query-input":{"@type":"PropertyValueSpecification","valueRequired":true,"valueName":"search_term_string"}}],"inLanguage":"it-IT"},{"@type":"Organization","@id":"https:\/\/www.gossip.it\/#organization","name":"Gossip and VIP News","alternateName":"Gossip News","url":"https:\/\/www.gossip.it\/","logo":{"@type":"ImageObject","inLanguage":"it-IT","@id":"https:\/\/www.gossip.it\/#\/schema\/logo\/image\/","url":"https:\/\/www.gossip.it\/wp-content\/uploads\/2022\/04\/cropped-corna-alta-tiny.png","contentUrl":"https:\/\/www.gossip.it\/wp-content\/uploads\/2022\/04\/cropped-corna-alta-tiny.png","width":512,"height":512,"caption":"Gossip and VIP News"},"image":{"@id":"https:\/\/www.gossip.it\/#\/schema\/logo\/image\/"},"sameAs":["https:\/\/www.facebook.com\/GossipIT","https:\/\/x.com\/gossinews_it","https:\/\/instagram.com\/gossip_it"]},{"@type":"Person","@id":"https:\/\/www.gossip.it\/#\/schema\/person\/488896f75158bff1cc83c6c39d141110","name":"La Redazione","image":{"@type":"ImageObject","inLanguage":"it-IT","@id":"https:\/\/www.gossip.it\/#\/schema\/person\/image\/","url":"https:\/\/secure.gravatar.com\/avatar\/5a5f5c6fa3e6700e4249abdad0263a1e94e927d9e0499b1cb09c1cd29c044d80?s=96&d=mm&r=g","contentUrl":"https:\/\/secure.gravatar.com\/avatar\/5a5f5c6fa3e6700e4249abdad0263a1e94e927d9e0499b1cb09c1cd29c044d80?s=96&d=mm&r=g","caption":"La Redazione"},"sameAs":["https:\/\/www.gossip.it"]}]}},"amp_enabled":true,"_links":{"self":[{"href":"https:\/\/www.gossip.it\/api\/wp\/v2\/posts\/47483","targetHints":{"allow":["GET"]}}],"collection":[{"href":"https:\/\/www.gossip.it\/api\/wp\/v2\/posts"}],"about":[{"href":"https:\/\/www.gossip.it\/api\/wp\/v2\/types\/post"}],"author":[{"embeddable":true,"href":"https:\/\/www.gossip.it\/api\/wp\/v2\/users\/1"}],"replies":[{"embeddable":true,"href":"https:\/\/www.gossip.it\/api\/wp\/v2\/comments?post=47483"}],"version-history":[{"count":0,"href":"https:\/\/www.gossip.it\/api\/wp\/v2\/posts\/47483\/revisions"}],"wp:featuredmedia":[{"embeddable":true,"href":"https:\/\/www.gossip.it\/api\/wp\/v2\/media\/103529"}],"wp:attachment":[{"href":"https:\/\/www.gossip.it\/api\/wp\/v2\/media?parent=47483"}],"wp:term":[{"taxonomy":"category","embeddable":true,"href":"https:\/\/www.gossip.it\/api\/wp\/v2\/categories?post=47483"},{"taxonomy":"post_tag","embeddable":true,"href":"https:\/\/www.gossip.it\/api\/wp\/v2\/tags?post=47483"},{"taxonomy":"vip","embeddable":true,"href":"https:\/\/www.gossip.it\/api\/wp\/v2\/vip?post=47483"}],"curies":[{"name":"wp","href":"https:\/\/api.w.org\/{rel}","templated":true}]}}