{"id":47553,"date":"2014-06-16T00:00:00","date_gmt":"2014-06-15T22:00:00","guid":{"rendered":"https:\/\/www.gossip.it\/senza-categoria\/fausto-leali-a-nozze-con-germana\/"},"modified":"2014-06-16T00:00:00","modified_gmt":"2014-06-15T22:00:00","slug":"fausto-leali-a-nozze-con-germana","status":"publish","type":"post","link":"https:\/\/www.gossip.it\/news\/fausto-leali-a-nozze-con-germana\/","title":{"rendered":"Fausto Leali a nozze con Germana"},"content":{"rendered":"<p>Ha scelto Foggia per dire di s\u00ec all'altare alla sua <a href=\"http:\/\/www.gossip.it\/news\/monografia.php?keyword=Germana Schena\">Germana Schena<\/a>, vocalist con cui collabora sul palco e compagna di vita, con ben trenta primavere meno di lui. <a href=\"http:\/\/www.gossip.it\/news\/monografia.php?keyword=Fausto Leali\">Fausto Leali<\/a>, 69 anni, <strong>sabato 14 giugno<\/strong> \u00e8 andato a <a href=\"http:\/\/www.gossip.it\/news\/monografia.php?keyword=nozze\">nozze<\/a>, le seconde, a Foggia, nel Municipio, in un gazebo esterno montato per accogliere gli sposi e gli invitati.<\/p>\n<figure class=\"caption\"><img decoding=\"async\" alt=\"\" width=\"620\" height=\"450\" src=\"http:\/\/files.gossip.it\/immagini_news\/2014\/06\/1402913322_1nf_leali.jpg\" \/><figcaption>Addio al celibato con gli amici pi\u00f9 cari per Fausto Leali, tra brindisi e risate<\/figcaption><\/figure>\n<p><em>\"Il mio legame con Foggia nasce nel lontano 1985<\/em> \u2013 ha raccontato Fausto Leali alla <em>Gazzetta del Mezzogiorno<\/em> - <em>perch\u00e9 la mia band era composta sin da allora da validissimi musicisti foggiani con cui \u00e8 nato anche uno splendido rapporto d\u2019amicizia, anche grazie al mio impresario dell\u2019epoca Nando Sepe, produttore anche di <\/em><a href=\"http:\/\/www.gossip.it\/news\/monografia.php?keyword=Anna Oxa\">Anna Oxa<\/a><em>. Poi \u00e8 arrivata Germana che ha reso questo legame ancora pi\u00f9 forte. Per questo ho voluto che tutto il matrimonio parlasse foggiano\"<\/em>.<\/p>\n<figure class=\"caption\"><img decoding=\"async\" alt=\"\" width=\"620\" height=\"450\" src=\"http:\/\/files.gossip.it\/immagini_news\/2014\/06\/1402913344_2nf_leali.jpg\" \/><figcaption>Germana Schena ha festeggiato l'addio al nubilato lo scorso 6 giugno<\/figcaption><\/figure>\n<p>Trecento ospiti, tra cui alcuni colleghi vip, come <a href=\"http:\/\/www.gossip.it\/news\/monografia.php?keyword=Luisa Corna\">Luisa Corna<\/a>, <a href=\"http:\/\/www.gossip.it\/news\/monografia.php?keyword=Fabio Testi\">Fabio Testi<\/a>, <a href=\"http:\/\/www.gossip.it\/news\/monografia.php?keyword=Riccardo Fogli\">Riccardo Fogli<\/a>, <strong>Franco Fasano<\/strong> e <strong>Danny Losito<\/strong>. Dopo il <a href=\"http:\/\/www.gossip.it\/news\/monografia.php?keyword=matrimonio\">matrimonio<\/a>, \u00e8 arrivato il ricevimento a Villa Cridelli, a Manfredonia.<br \/>Tanta felicit\u00e0, brindisi e risate. Per il <a href=\"http:\/\/www.gossip.it\/news\/monografia.php?keyword=cantante\">cantante<\/a> e Germana solo un paio di giorni di luna di miele a Rodi Garganico, poi torneranno al lavoro con il tour che li vedr\u00e0 protagonisti in estate. Il viaggio romantico negli States arriver\u00e0 solo in inverno. Fausto si gode <strong><em>'il disco pi\u00f9 importante della sua vita'<\/em><\/strong>, come ha scritto sul suo profilo <em>Facebook<\/em>, in cui torna a duettare con la donna che dice di volere per sempre al suo fianco.<\/p>\n<p>\u00a0<\/p>\n","protected":false},"excerpt":{"rendered":"<p>Ha scelto Foggia per dire di s\u00ec all'altare alla sua Germana Schena, vocalist con cui collabora sul palco e compagna di vita, con ben trenta primavere meno di lui. Fausto Leali, 69 anni, sabato 14 giugno \u00e8 andato a nozze, le seconde, a Foggia, nel Municipio, in un gazebo esterno montato per accogliere gli sposi [&hellip;]<\/p>\n","protected":false},"author":1,"featured_media":103599,"comment_status":"closed","ping_status":"closed","sticky":false,"template":"","format":"standard","meta":{"footnotes":""},"categories":[54],"tags":[2161,1981,2102,7441,14206,2220,48235,1950,2216,2097],"vip":[],"class_list":["post-47553","post","type-post","status-publish","format-standard","has-post-thumbnail","hentry","category-news","tag-artista","tag-cantante","tag-dichiarazioni","tag-domenica-live","tag-fausto-leali","tag-fiori-darancio","tag-germana-schena","tag-matrimonio","tag-nozze","tag-tv"],"yoast_head":"<title>Fausto Leali a nozze con Germana - Gossip.it | News sul Gossip e VIP<\/title>\n<meta name=\"description\" content=\"Ha scelto Foggia per dire di s\u00ec all&#039;altare alla sua Germana Schena, vocalist con cui collabora sul palco e compagna di vita, con ben trenta primavere meno\" \/>\n<meta name=\"robots\" content=\"index, follow, max-snippet:-1, max-image-preview:large, max-video-preview:-1\" \/>\n<link rel=\"canonical\" href=\"https:\/\/www.gossip.it\/news\/fausto-leali-a-nozze-con-germana\/\" \/>\n<meta property=\"og:locale\" content=\"it_IT\" \/>\n<meta property=\"og:type\" content=\"article\" \/>\n<meta property=\"og:title\" content=\"Fausto Leali a nozze con Germana - Gossip.it | News sul Gossip e VIP\" \/>\n<meta property=\"og:description\" content=\"Ha scelto Foggia per dire di s\u00ec all&#039;altare alla sua Germana Schena, vocalist con cui collabora sul palco e compagna di vita, con ben trenta primavere meno\" \/>\n<meta property=\"og:url\" content=\"https:\/\/www.gossip.it\/news\/fausto-leali-a-nozze-con-germana\/\" \/>\n<meta property=\"og:site_name\" content=\"Gossip.it | News sul Gossip e VIP\" \/>\n<meta property=\"article:publisher\" content=\"https:\/\/www.facebook.com\/GossipIT\" \/>\n<meta property=\"article:published_time\" content=\"2014-06-15T22:00:00+00:00\" \/>\n<meta property=\"og:image\" content=\"http:\/\/files.gossip.it\/immagini_news\/2014\/06\/1402913322_1nf_leali.jpg\" \/>\n<meta name=\"author\" content=\"La Redazione\" \/>\n<meta name=\"twitter:card\" content=\"summary_large_image\" \/>\n<meta name=\"twitter:image\" content=\"http:\/\/files.gossip.it\/immagini_news\/2014\/06\/1402913322_1nf_leali.jpg\" \/>\n<meta name=\"twitter:creator\" content=\"@gossinews_it\" \/>\n<meta name=\"twitter:site\" content=\"@gossinews_it\" \/>\n<meta name=\"twitter:label1\" content=\"Scritto da\" \/>\n\t<meta name=\"twitter:data1\" content=\"Annamaria Capozzi\" \/>\n\t<meta name=\"twitter:label2\" content=\"Tempo di lettura stimato\" \/>\n\t<meta name=\"twitter:data2\" content=\"1 minuto\" \/>","yoast_head_json":{"title":"Fausto Leali a nozze con Germana - Gossip.it | News sul Gossip e VIP","description":"Ha scelto Foggia per dire di s\u00ec all'altare alla sua Germana Schena, vocalist con cui collabora sul palco e compagna di vita, con ben trenta primavere meno","robots":{"index":"index","follow":"follow","max-snippet":"max-snippet:-1","max-image-preview":"max-image-preview:large","max-video-preview":"max-video-preview:-1"},"canonical":"https:\/\/www.gossip.it\/news\/fausto-leali-a-nozze-con-germana\/","og_locale":"it_IT","og_type":"article","og_title":"Fausto Leali a nozze con Germana - Gossip.it | News sul Gossip e VIP","og_description":"Ha scelto Foggia per dire di s\u00ec all'altare alla sua Germana Schena, vocalist con cui collabora sul palco e compagna di vita, con ben trenta primavere meno","og_url":"https:\/\/www.gossip.it\/news\/fausto-leali-a-nozze-con-germana\/","og_site_name":"Gossip.it | News sul Gossip e VIP","article_publisher":"https:\/\/www.facebook.com\/GossipIT","article_published_time":"2014-06-15T22:00:00+00:00","og_image":[{"url":"http:\/\/files.gossip.it\/immagini_news\/2014\/06\/1402913322_1nf_leali.jpg"}],"author":"La Redazione","twitter_card":"summary_large_image","twitter_image":"http:\/\/files.gossip.it\/immagini_news\/2014\/06\/1402913322_1nf_leali.jpg","twitter_creator":"@gossinews_it","twitter_site":"@gossinews_it","twitter_misc":{"Scritto da":"Annamaria Capozzi","Tempo di lettura stimato":"1 minuto"},"schema":{"@context":"https:\/\/schema.org","@graph":[{"@type":"Article","@id":"https:\/\/www.gossip.it\/news\/fausto-leali-a-nozze-con-germana\/#article","isPartOf":{"@id":"https:\/\/www.gossip.it\/news\/fausto-leali-a-nozze-con-germana\/"},"author":{"name":"La Redazione","@id":"https:\/\/www.gossip.it\/#\/schema\/person\/488896f75158bff1cc83c6c39d141110"},"headline":"Fausto Leali a nozze con Germana","datePublished":"2014-06-15T22:00:00+00:00","dateModified":"2014-06-15T22:00:00+00:00","mainEntityOfPage":{"@id":"https:\/\/www.gossip.it\/news\/fausto-leali-a-nozze-con-germana\/"},"wordCount":270,"publisher":{"@id":"https:\/\/www.gossip.it\/#organization"},"image":{"@id":"https:\/\/www.gossip.it\/news\/fausto-leali-a-nozze-con-germana\/#primaryimage"},"thumbnailUrl":"http:\/\/files.gossip.it\/immagini_news\/2014\/06\/1402913322_1nf_leali.jpg","keywords":["artista","cantante","dichiarazioni","domenica live","fausto leali","fiori d&#039;arancio","germana schena","matrimonio","nozze","tv"],"articleSection":["News"],"inLanguage":"it-IT"},{"@type":"WebPage","@id":"https:\/\/www.gossip.it\/news\/fausto-leali-a-nozze-con-germana\/","url":"https:\/\/www.gossip.it\/news\/fausto-leali-a-nozze-con-germana\/","name":"Fausto Leali a nozze con Germana - Gossip.it | News sul Gossip e VIP","isPartOf":{"@id":"https:\/\/www.gossip.it\/#website"},"primaryImageOfPage":{"@id":"https:\/\/www.gossip.it\/news\/fausto-leali-a-nozze-con-germana\/#primaryimage"},"image":{"@id":"https:\/\/www.gossip.it\/news\/fausto-leali-a-nozze-con-germana\/#primaryimage"},"thumbnailUrl":"http:\/\/files.gossip.it\/immagini_news\/2014\/06\/1402913322_1nf_leali.jpg","datePublished":"2014-06-15T22:00:00+00:00","dateModified":"2014-06-15T22:00:00+00:00","description":"Ha scelto Foggia per dire di s\u00ec all'altare alla sua Germana Schena, vocalist con cui collabora sul palco e compagna di vita, con ben trenta primavere meno","breadcrumb":{"@id":"https:\/\/www.gossip.it\/news\/fausto-leali-a-nozze-con-germana\/#breadcrumb"},"inLanguage":"it-IT","potentialAction":[{"@type":"ReadAction","target":["https:\/\/www.gossip.it\/news\/fausto-leali-a-nozze-con-germana\/"]}]},{"@type":"ImageObject","inLanguage":"it-IT","@id":"https:\/\/www.gossip.it\/news\/fausto-leali-a-nozze-con-germana\/#primaryimage","url":"http:\/\/files.gossip.it\/immagini_news\/2014\/06\/1402913322_1nf_leali.jpg","contentUrl":"http:\/\/files.gossip.it\/immagini_news\/2014\/06\/1402913322_1nf_leali.jpg"},{"@type":"BreadcrumbList","@id":"https:\/\/www.gossip.it\/news\/fausto-leali-a-nozze-con-germana\/#breadcrumb","itemListElement":[{"@type":"ListItem","position":1,"name":"Home","item":"https:\/\/www.gossip.it\/"},{"@type":"ListItem","position":2,"name":"Fausto Leali a nozze con Germana"}]},{"@type":"WebSite","@id":"https:\/\/www.gossip.it\/#website","url":"https:\/\/www.gossip.it\/","name":"Gossip and VIP News","description":"Quotidiano di cronaca rosa, costume e societ\u00e0","publisher":{"@id":"https:\/\/www.gossip.it\/#organization"},"alternateName":"Gossip and VIP News","potentialAction":[{"@type":"SearchAction","target":{"@type":"EntryPoint","urlTemplate":"https:\/\/www.gossip.it\/?s={search_term_string}"},"query-input":{"@type":"PropertyValueSpecification","valueRequired":true,"valueName":"search_term_string"}}],"inLanguage":"it-IT"},{"@type":"Organization","@id":"https:\/\/www.gossip.it\/#organization","name":"Gossip and VIP News","alternateName":"Gossip News","url":"https:\/\/www.gossip.it\/","logo":{"@type":"ImageObject","inLanguage":"it-IT","@id":"https:\/\/www.gossip.it\/#\/schema\/logo\/image\/","url":"https:\/\/www.gossip.it\/wp-content\/uploads\/2022\/04\/cropped-corna-alta-tiny.png","contentUrl":"https:\/\/www.gossip.it\/wp-content\/uploads\/2022\/04\/cropped-corna-alta-tiny.png","width":512,"height":512,"caption":"Gossip and VIP News"},"image":{"@id":"https:\/\/www.gossip.it\/#\/schema\/logo\/image\/"},"sameAs":["https:\/\/www.facebook.com\/GossipIT","https:\/\/x.com\/gossinews_it","https:\/\/instagram.com\/gossip_it"]},{"@type":"Person","@id":"https:\/\/www.gossip.it\/#\/schema\/person\/488896f75158bff1cc83c6c39d141110","name":"La Redazione","image":{"@type":"ImageObject","inLanguage":"it-IT","@id":"https:\/\/www.gossip.it\/#\/schema\/person\/image\/","url":"https:\/\/secure.gravatar.com\/avatar\/5a5f5c6fa3e6700e4249abdad0263a1e94e927d9e0499b1cb09c1cd29c044d80?s=96&d=mm&r=g","contentUrl":"https:\/\/secure.gravatar.com\/avatar\/5a5f5c6fa3e6700e4249abdad0263a1e94e927d9e0499b1cb09c1cd29c044d80?s=96&d=mm&r=g","caption":"La Redazione"},"sameAs":["https:\/\/www.gossip.it"]}]}},"amp_enabled":true,"_links":{"self":[{"href":"https:\/\/www.gossip.it\/api\/wp\/v2\/posts\/47553","targetHints":{"allow":["GET"]}}],"collection":[{"href":"https:\/\/www.gossip.it\/api\/wp\/v2\/posts"}],"about":[{"href":"https:\/\/www.gossip.it\/api\/wp\/v2\/types\/post"}],"author":[{"embeddable":true,"href":"https:\/\/www.gossip.it\/api\/wp\/v2\/users\/1"}],"replies":[{"embeddable":true,"href":"https:\/\/www.gossip.it\/api\/wp\/v2\/comments?post=47553"}],"version-history":[{"count":0,"href":"https:\/\/www.gossip.it\/api\/wp\/v2\/posts\/47553\/revisions"}],"wp:featuredmedia":[{"embeddable":true,"href":"https:\/\/www.gossip.it\/api\/wp\/v2\/media\/103599"}],"wp:attachment":[{"href":"https:\/\/www.gossip.it\/api\/wp\/v2\/media?parent=47553"}],"wp:term":[{"taxonomy":"category","embeddable":true,"href":"https:\/\/www.gossip.it\/api\/wp\/v2\/categories?post=47553"},{"taxonomy":"post_tag","embeddable":true,"href":"https:\/\/www.gossip.it\/api\/wp\/v2\/tags?post=47553"},{"taxonomy":"vip","embeddable":true,"href":"https:\/\/www.gossip.it\/api\/wp\/v2\/vip?post=47553"}],"curies":[{"name":"wp","href":"https:\/\/api.w.org\/{rel}","templated":true}]}}