{"id":47597,"date":"2014-06-17T00:00:00","date_gmt":"2014-06-16T22:00:00","guid":{"rendered":"https:\/\/www.gossip.it\/senza-categoria\/emma-marrone-in-posa-con-schillaci\/"},"modified":"2014-06-17T00:00:00","modified_gmt":"2014-06-16T22:00:00","slug":"emma-marrone-in-posa-con-schillaci","status":"publish","type":"post","link":"https:\/\/www.gossip.it\/news\/emma-marrone-in-posa-con-schillaci\/","title":{"rendered":"Emma Marrone in posa con Schillaci"},"content":{"rendered":"<p>Sorride accanto a <a href=\"http:\/\/www.gossip.it\/news\/monografia.php?keyword=Tot\u00f2 Schillaci\">Tot\u00f2 Schillaci<\/a>, eroe di <strong>Italia '90<\/strong>. <a href=\"http:\/\/www.gossip.it\/news\/monografia.php?keyword=Emma Marrone\">Emma Marrone<\/a> su <em>Instagram<\/em> posta una foto con l'ex bomber e cinguetta: <em>\"#italia90 #nottimagiche #schillaci #tuttiinbrasile\"<\/em>.<\/p>\n<figure class=\"caption\"><img decoding=\"async\" alt=\"\" width=\"600\" height=\"550\" src=\"http:\/\/files.gossip.it\/immagini_news\/2014\/06\/1403013938_nf_emma.jpg\" \/><figcaption>Emma Marrone si mette in posa con Tot\u00f2 Schillaci: voler\u00e0 in Brasile per cantare a Casa Azzurri<\/figcaption><\/figure>\n<p>La <a href=\"http:\/\/www.gossip.it\/news\/monografia.php?keyword=cantante\">cantante<\/a> salentina sta per volare in Brasile, da tifosa, soprattutto come artista. Emma, infatti, si esibir\u00e0 con la sua musica a <strong>Casa Azzurri<\/strong>, ospite di <strong>Radio Italia Solo Musica Italiana<\/strong>, partner ufficiale della Nazionale e di Casa Azzurri. Il suo concerto sar\u00e0 trasmesso su tutti i canali Radio Italia venerd\u00ec 20 giugno alle ore 22,00. Lo stesso giorno, alle 16,00, andr\u00e0 in onda l\u2019intervista realizzata con la bionda, divenuta una celebrit\u00e0 grazia al <a href=\"http:\/\/www.gossip.it\/news\/monografia.php?keyword=talent show\">talent show<\/a> <strong>\"<\/strong><a href=\"http:\/\/www.gossip.it\/news\/monografia.php?keyword=Amici\">Amici<\/a><strong>\"<\/strong>, firmato <a href=\"http:\/\/www.gossip.it\/news\/monografia.php?keyword=Maria De Filippi\">Maria De Filippi<\/a>, da <a href=\"http:\/\/www.gossip.it\/news\/monografia.php?keyword=Daniele Bossari\">Daniele Bossari<\/a>, gi\u00e0 in terra verde oro come inviato dell'emittente. E sempre il 20 giugno l'<strong>Italia<\/strong> di mister <a href=\"http:\/\/www.gossip.it\/news\/monografia.php?keyword=Cesare Prandelli\">Cesare Prandelli<\/a> scender\u00e0 in campo alle 18 all'Arena Pernambuco contro il <strong>Costarica<\/strong>: se dovesse vincere la qualificazione sarebbe scontata. Emma spera di portare bene e i follower fanno il tifo pure per lei.<br \/>Il centro stampa e media center della Nazionale \u00e8 diventato negli anni una specie di casa degli Italiani al seguito della Nazionale: per i Mondiali 2014 <strong>Casa Azzurri<\/strong> \u00e8 pure in tour nelle citt\u00e0 in cui si giocano le partite della Nazionale nella fase a gironi e per la prima volta ospita eventi live organizzati da Radio Italia. Stavolta con la Marrone protagonista assoluta.<\/p>\n<p>\u00a0<\/p>\n","protected":false},"excerpt":{"rendered":"<p>Sorride accanto a Tot\u00f2 Schillaci, eroe di Italia '90. Emma Marrone su Instagram posta una foto con l'ex bomber e cinguetta: \"#italia90 #nottimagiche #schillaci #tuttiinbrasile\". Emma Marrone si mette in posa con Tot\u00f2 Schillaci: voler\u00e0 in Brasile per cantare a Casa Azzurri La cantante salentina sta per volare in Brasile, da tifosa, soprattutto come artista. [&hellip;]<\/p>\n","protected":false},"author":1,"featured_media":103643,"comment_status":"closed","ping_status":"closed","sticky":false,"template":"","format":"standard","meta":{"footnotes":""},"categories":[54],"tags":[8552,4857,1981,20785,4380,6845,2121,8529,2408,8043,18832,1923],"vip":[669,1784],"class_list":["post-47597","post","type-post","status-publish","format-standard","has-post-thumbnail","hentry","category-news","tag-azzurri","tag-brasile","tag-cantante","tag-cesare-prandelli","tag-concerto","tag-emma","tag-instagram","tag-mondiale","tag-musica","tag-nazionale","tag-radio-italia","tag-social","vip-emma_marrone","vip-toto_schillaci"],"yoast_head":"<title>Emma Marrone in posa con Schillaci - Gossip.it | News sul Gossip e VIP<\/title>\n<meta name=\"description\" content=\"Sorride accanto a Tot\u00f2 Schillaci, eroe di Italia &#039;90. Emma Marrone su Instagram posta una foto con l&#039;ex bomber e cinguetta: &quot;#italia90 #nottimagiche\" \/>\n<meta name=\"robots\" content=\"index, follow, max-snippet:-1, max-image-preview:large, max-video-preview:-1\" \/>\n<link rel=\"canonical\" href=\"https:\/\/www.gossip.it\/news\/emma-marrone-in-posa-con-schillaci\/\" \/>\n<meta property=\"og:locale\" content=\"it_IT\" \/>\n<meta property=\"og:type\" content=\"article\" \/>\n<meta property=\"og:title\" content=\"Emma Marrone in posa con Schillaci - Gossip.it | News sul Gossip e VIP\" \/>\n<meta property=\"og:description\" content=\"Sorride accanto a Tot\u00f2 Schillaci, eroe di Italia &#039;90. Emma Marrone su Instagram posta una foto con l&#039;ex bomber e cinguetta: &quot;#italia90 #nottimagiche\" \/>\n<meta property=\"og:url\" content=\"https:\/\/www.gossip.it\/news\/emma-marrone-in-posa-con-schillaci\/\" \/>\n<meta property=\"og:site_name\" content=\"Gossip.it | News sul Gossip e VIP\" \/>\n<meta property=\"article:publisher\" content=\"https:\/\/www.facebook.com\/GossipIT\" \/>\n<meta property=\"article:published_time\" content=\"2014-06-16T22:00:00+00:00\" \/>\n<meta property=\"og:image\" content=\"http:\/\/files.gossip.it\/immagini_news\/2014\/06\/1403013938_nf_emma.jpg\" \/>\n<meta name=\"author\" content=\"La Redazione\" \/>\n<meta name=\"twitter:card\" content=\"summary_large_image\" \/>\n<meta name=\"twitter:image\" content=\"http:\/\/files.gossip.it\/immagini_news\/2014\/06\/1403013938_nf_emma.jpg\" \/>\n<meta name=\"twitter:creator\" content=\"@gossinews_it\" \/>\n<meta name=\"twitter:site\" content=\"@gossinews_it\" \/>\n<meta name=\"twitter:label1\" content=\"Scritto da\" \/>\n\t<meta name=\"twitter:data1\" content=\"Annamaria Capozzi\" \/>\n\t<meta name=\"twitter:label2\" content=\"Tempo di lettura stimato\" \/>\n\t<meta name=\"twitter:data2\" content=\"1 minuto\" \/>","yoast_head_json":{"title":"Emma Marrone in posa con Schillaci - Gossip.it | News sul Gossip e VIP","description":"Sorride accanto a Tot\u00f2 Schillaci, eroe di Italia '90. Emma Marrone su Instagram posta una foto con l'ex bomber e cinguetta: \"#italia90 #nottimagiche","robots":{"index":"index","follow":"follow","max-snippet":"max-snippet:-1","max-image-preview":"max-image-preview:large","max-video-preview":"max-video-preview:-1"},"canonical":"https:\/\/www.gossip.it\/news\/emma-marrone-in-posa-con-schillaci\/","og_locale":"it_IT","og_type":"article","og_title":"Emma Marrone in posa con Schillaci - Gossip.it | News sul Gossip e VIP","og_description":"Sorride accanto a Tot\u00f2 Schillaci, eroe di Italia '90. Emma Marrone su Instagram posta una foto con l'ex bomber e cinguetta: \"#italia90 #nottimagiche","og_url":"https:\/\/www.gossip.it\/news\/emma-marrone-in-posa-con-schillaci\/","og_site_name":"Gossip.it | News sul Gossip e VIP","article_publisher":"https:\/\/www.facebook.com\/GossipIT","article_published_time":"2014-06-16T22:00:00+00:00","og_image":[{"url":"http:\/\/files.gossip.it\/immagini_news\/2014\/06\/1403013938_nf_emma.jpg"}],"author":"La Redazione","twitter_card":"summary_large_image","twitter_image":"http:\/\/files.gossip.it\/immagini_news\/2014\/06\/1403013938_nf_emma.jpg","twitter_creator":"@gossinews_it","twitter_site":"@gossinews_it","twitter_misc":{"Scritto da":"Annamaria Capozzi","Tempo di lettura stimato":"1 minuto"},"schema":{"@context":"https:\/\/schema.org","@graph":[{"@type":"Article","@id":"https:\/\/www.gossip.it\/news\/emma-marrone-in-posa-con-schillaci\/#article","isPartOf":{"@id":"https:\/\/www.gossip.it\/news\/emma-marrone-in-posa-con-schillaci\/"},"author":{"name":"La Redazione","@id":"https:\/\/www.gossip.it\/#\/schema\/person\/488896f75158bff1cc83c6c39d141110"},"headline":"Emma Marrone in posa con Schillaci","datePublished":"2014-06-16T22:00:00+00:00","dateModified":"2014-06-16T22:00:00+00:00","mainEntityOfPage":{"@id":"https:\/\/www.gossip.it\/news\/emma-marrone-in-posa-con-schillaci\/"},"wordCount":241,"publisher":{"@id":"https:\/\/www.gossip.it\/#organization"},"image":{"@id":"https:\/\/www.gossip.it\/news\/emma-marrone-in-posa-con-schillaci\/#primaryimage"},"thumbnailUrl":"http:\/\/files.gossip.it\/immagini_news\/2014\/06\/1403013938_nf_emma.jpg","keywords":["azzurri","brasile","cantante","cesare prandelli","concerto","emma","instagram","mondiale","musica","nazionale","radio italia","social"],"articleSection":["News"],"inLanguage":"it-IT"},{"@type":"WebPage","@id":"https:\/\/www.gossip.it\/news\/emma-marrone-in-posa-con-schillaci\/","url":"https:\/\/www.gossip.it\/news\/emma-marrone-in-posa-con-schillaci\/","name":"Emma Marrone in posa con Schillaci - Gossip.it | News sul Gossip e VIP","isPartOf":{"@id":"https:\/\/www.gossip.it\/#website"},"primaryImageOfPage":{"@id":"https:\/\/www.gossip.it\/news\/emma-marrone-in-posa-con-schillaci\/#primaryimage"},"image":{"@id":"https:\/\/www.gossip.it\/news\/emma-marrone-in-posa-con-schillaci\/#primaryimage"},"thumbnailUrl":"http:\/\/files.gossip.it\/immagini_news\/2014\/06\/1403013938_nf_emma.jpg","datePublished":"2014-06-16T22:00:00+00:00","dateModified":"2014-06-16T22:00:00+00:00","description":"Sorride accanto a Tot\u00f2 Schillaci, eroe di Italia '90. Emma Marrone su Instagram posta una foto con l'ex bomber e cinguetta: \"#italia90 #nottimagiche","breadcrumb":{"@id":"https:\/\/www.gossip.it\/news\/emma-marrone-in-posa-con-schillaci\/#breadcrumb"},"inLanguage":"it-IT","potentialAction":[{"@type":"ReadAction","target":["https:\/\/www.gossip.it\/news\/emma-marrone-in-posa-con-schillaci\/"]}]},{"@type":"ImageObject","inLanguage":"it-IT","@id":"https:\/\/www.gossip.it\/news\/emma-marrone-in-posa-con-schillaci\/#primaryimage","url":"http:\/\/files.gossip.it\/immagini_news\/2014\/06\/1403013938_nf_emma.jpg","contentUrl":"http:\/\/files.gossip.it\/immagini_news\/2014\/06\/1403013938_nf_emma.jpg"},{"@type":"BreadcrumbList","@id":"https:\/\/www.gossip.it\/news\/emma-marrone-in-posa-con-schillaci\/#breadcrumb","itemListElement":[{"@type":"ListItem","position":1,"name":"Home","item":"https:\/\/www.gossip.it\/"},{"@type":"ListItem","position":2,"name":"Emma Marrone in posa con Schillaci"}]},{"@type":"WebSite","@id":"https:\/\/www.gossip.it\/#website","url":"https:\/\/www.gossip.it\/","name":"Gossip and VIP News","description":"Quotidiano di cronaca rosa, costume e societ\u00e0","publisher":{"@id":"https:\/\/www.gossip.it\/#organization"},"alternateName":"Gossip and VIP News","potentialAction":[{"@type":"SearchAction","target":{"@type":"EntryPoint","urlTemplate":"https:\/\/www.gossip.it\/?s={search_term_string}"},"query-input":{"@type":"PropertyValueSpecification","valueRequired":true,"valueName":"search_term_string"}}],"inLanguage":"it-IT"},{"@type":"Organization","@id":"https:\/\/www.gossip.it\/#organization","name":"Gossip and VIP News","alternateName":"Gossip News","url":"https:\/\/www.gossip.it\/","logo":{"@type":"ImageObject","inLanguage":"it-IT","@id":"https:\/\/www.gossip.it\/#\/schema\/logo\/image\/","url":"https:\/\/www.gossip.it\/wp-content\/uploads\/2022\/04\/cropped-corna-alta-tiny.png","contentUrl":"https:\/\/www.gossip.it\/wp-content\/uploads\/2022\/04\/cropped-corna-alta-tiny.png","width":512,"height":512,"caption":"Gossip and VIP News"},"image":{"@id":"https:\/\/www.gossip.it\/#\/schema\/logo\/image\/"},"sameAs":["https:\/\/www.facebook.com\/GossipIT","https:\/\/x.com\/gossinews_it","https:\/\/instagram.com\/gossip_it"]},{"@type":"Person","@id":"https:\/\/www.gossip.it\/#\/schema\/person\/488896f75158bff1cc83c6c39d141110","name":"La Redazione","image":{"@type":"ImageObject","inLanguage":"it-IT","@id":"https:\/\/www.gossip.it\/#\/schema\/person\/image\/","url":"https:\/\/secure.gravatar.com\/avatar\/5a5f5c6fa3e6700e4249abdad0263a1e94e927d9e0499b1cb09c1cd29c044d80?s=96&d=mm&r=g","contentUrl":"https:\/\/secure.gravatar.com\/avatar\/5a5f5c6fa3e6700e4249abdad0263a1e94e927d9e0499b1cb09c1cd29c044d80?s=96&d=mm&r=g","caption":"La Redazione"},"sameAs":["https:\/\/www.gossip.it"]}]}},"amp_enabled":true,"_links":{"self":[{"href":"https:\/\/www.gossip.it\/api\/wp\/v2\/posts\/47597","targetHints":{"allow":["GET"]}}],"collection":[{"href":"https:\/\/www.gossip.it\/api\/wp\/v2\/posts"}],"about":[{"href":"https:\/\/www.gossip.it\/api\/wp\/v2\/types\/post"}],"author":[{"embeddable":true,"href":"https:\/\/www.gossip.it\/api\/wp\/v2\/users\/1"}],"replies":[{"embeddable":true,"href":"https:\/\/www.gossip.it\/api\/wp\/v2\/comments?post=47597"}],"version-history":[{"count":0,"href":"https:\/\/www.gossip.it\/api\/wp\/v2\/posts\/47597\/revisions"}],"wp:featuredmedia":[{"embeddable":true,"href":"https:\/\/www.gossip.it\/api\/wp\/v2\/media\/103643"}],"wp:attachment":[{"href":"https:\/\/www.gossip.it\/api\/wp\/v2\/media?parent=47597"}],"wp:term":[{"taxonomy":"category","embeddable":true,"href":"https:\/\/www.gossip.it\/api\/wp\/v2\/categories?post=47597"},{"taxonomy":"post_tag","embeddable":true,"href":"https:\/\/www.gossip.it\/api\/wp\/v2\/tags?post=47597"},{"taxonomy":"vip","embeddable":true,"href":"https:\/\/www.gossip.it\/api\/wp\/v2\/vip?post=47597"}],"curies":[{"name":"wp","href":"https:\/\/api.w.org\/{rel}","templated":true}]}}