{"id":47605,"date":"2014-06-18T00:00:00","date_gmt":"2014-06-17T22:00:00","guid":{"rendered":"https:\/\/www.gossip.it\/senza-categoria\/madonna-bella-con-le-sue-maschere\/"},"modified":"2014-06-18T00:00:00","modified_gmt":"2014-06-17T22:00:00","slug":"madonna-bella-con-le-sue-maschere","status":"publish","type":"post","link":"https:\/\/www.gossip.it\/news\/madonna-bella-con-le-sue-maschere\/","title":{"rendered":"Madonna, bella con le sue maschere"},"content":{"rendered":"<p>I prodotti della sua linea <strong>MDNA Skin Care<\/strong> li prova di persona: <a href=\"http:\/\/www.gossip.it\/news\/monografia.php?keyword=Madonna\">Madonna<\/a> ha pubblicato sul suo profilo <a href=\"http:\/\/www.gossip.it\/news\/monografia.php?keyword=Instagram\">Instagram<\/a> uno scatto inedito che la ritrae con la maschera per il viso in faccia. La regina del pop ha poi mostrato il risultato del trattamento e in effetti la sua pelle appare pi\u00f9 luminosa. Il 16 agosto compir\u00e0 56 anni e bisogna dire che le sue primavere se le porta davvero bene, merito della cura che ha sempre avuto per il suo corpo, praticando costantemente fitness, seguendo una dieta macrobiotica e concedendosi, come in questa occasione, dei momenti <strong>beauty<\/strong> solo per lei. Non dimostrare l'et\u00e0 che ha avanza le ha fatto pure collezionare un numero non indifferente di toyboy, dopo la rottura con il 25enne <a href=\"http:\/\/www.gossip.it\/news\/monografia.php?keyword=Brahim Zaibat\">Brahim Zaibat<\/a>, avvenuta sei mesi, nella sua vita \u00e8 arrivato, lo scorso gennaio, il coreografo <strong>Timor Steffens<\/strong>, 26. Ma la cosa, a quanto pare, non sarebbe serie...<\/p>\n<figure class=\"caption\"><img decoding=\"async\" alt=\"\" width=\"620\" height=\"608\" src=\"http:\/\/files.gossip.it\/immagini_news\/2014\/06\/1403084230_1-3.jpg\" \/><figcaption>Madonna usa la maschera per il viso della sua linea di prodotti per di bellezza<\/figcaption><\/figure>\n<p><span style=\"line-height:1.6em\">Madonna, mamma di tre figli, <\/span><a style=\"line-height: 1.6em;\" href=\"http:\/\/www.gossip.it\/news\/monografia.php?keyword=Lourdes Maria\">Lourdes Maria<\/a><span style=\"line-height:1.6em\">, 17 anni, <\/span><strong style=\"line-height:1.6em\">Rocco<\/strong><span style=\"line-height:1.6em\">, 13, <\/span><strong style=\"line-height:1.6em\">Mercy<\/strong><span style=\"line-height:1.6em\"> e <\/span><strong style=\"line-height:1.6em\">David<\/strong><span style=\"line-height:1.6em\">, 8, all'inizio dell'anno \u00e8 stata avvistata insieme a Timor pi\u00f9 di una volta, con lui si \u00e8 fatta vedere anche ai <\/span><strong style=\"line-height:1.6em\">Grammy Awards<\/strong><span style=\"line-height:1.6em\"> e pi\u00f9 recentemente, questa settimana, alla preview di <\/span><strong style=\"line-height:1.6em\">\"Holler If Ya Hear Me\"<\/strong><span style=\"line-height:1.6em\"> a <\/span><strong style=\"line-height:1.6em\">Broadway<\/strong><span style=\"line-height:1.6em\">, nella <\/span><strong style=\"line-height:1.6em\">Grande Mela<\/strong><span style=\"line-height:1.6em\">. Nonostante questo, sembra la coppia non abbia una vera e propria e relazione:<\/span><em style=\"line-height:1.6em\"> \"Non \u00e8 niente di serio\"<\/em><span style=\"line-height:1.6em\">, hanno fatto sapere gli amici della cantante a <\/span><em style=\"line-height:1.6em\">E!News<\/em><span style=\"line-height:1.6em\">. La signora <\/span><strong style=\"line-height:1.6em\">Ciccone<\/strong><span style=\"line-height:1.6em\"> e il ballerino si sono conosciuti l'anno scorso in Svizzera, entrambi ospiti nel castello di propriet\u00e0 di <\/span><strong style=\"line-height:1.6em\">Valentino<\/strong><span style=\"line-height:1.6em\">, a quanto pare per\u00f2 non si tratta di amore vero...<\/span><\/p>\n<figure class=\"caption\"><img decoding=\"async\" alt=\"\" width=\"620\" height=\"605\" src=\"http:\/\/files.gossip.it\/immagini_news\/2014\/06\/1403084301_2.jpg\" \/><figcaption>Madonna mostra sul social la sua pelle luminosa dopo il trattamente di bellezza<\/figcaption><\/figure>\n<p>\u00a0<\/p>\n<p>\u00a0<\/p>\n<p>\u00a0<\/p>\n<p>\u00a0<\/p>\n","protected":false},"excerpt":{"rendered":"<p>I prodotti della sua linea MDNA Skin Care li prova di persona: Madonna ha pubblicato sul suo profilo Instagram uno scatto inedito che la ritrae con la maschera per il viso in faccia. La regina del pop ha poi mostrato il risultato del trattamento e in effetti la sua pelle appare pi\u00f9 luminosa. Il 16 [&hellip;]<\/p>\n","protected":false},"author":1,"featured_media":103651,"comment_status":"closed","ping_status":"closed","sticky":false,"template":"","format":"standard","meta":{"footnotes":""},"categories":[54],"tags":[1981,49881,14510,2102,2140,2121,45143,36417,1923,47444],"vip":[422,1178,1709],"class_list":["post-47605","post","type-post","status-publish","format-standard","has-post-thumbnail","hentry","category-news","tag-cantante","tag-care","tag-ciccone","tag-dichiarazioni","tag-flirt","tag-instagram","tag-maschera-per-il-viso","tag-mdna","tag-social","tag-timor-steffens","vip-brahim_zaibat","vip-madonna","vip-skin"],"yoast_head":"<title>Madonna, bella con le sue maschere - Gossip.it | News sul Gossip e VIP<\/title>\n<meta name=\"description\" content=\"I prodotti della sua linea MDNA Skin Care li prova di persona: Madonna ha pubblicato sul suo profilo Instagram uno scatto inedito che la ritrae con la\" \/>\n<meta name=\"robots\" content=\"index, follow, max-snippet:-1, max-image-preview:large, max-video-preview:-1\" \/>\n<link rel=\"canonical\" href=\"https:\/\/www.gossip.it\/news\/madonna-bella-con-le-sue-maschere\/\" \/>\n<meta property=\"og:locale\" content=\"it_IT\" \/>\n<meta property=\"og:type\" content=\"article\" \/>\n<meta property=\"og:title\" content=\"Madonna, bella con le sue maschere - Gossip.it | News sul Gossip e VIP\" \/>\n<meta property=\"og:description\" content=\"I prodotti della sua linea MDNA Skin Care li prova di persona: Madonna ha pubblicato sul suo profilo Instagram uno scatto inedito che la ritrae con la\" \/>\n<meta property=\"og:url\" content=\"https:\/\/www.gossip.it\/news\/madonna-bella-con-le-sue-maschere\/\" \/>\n<meta property=\"og:site_name\" content=\"Gossip.it | News sul Gossip e VIP\" \/>\n<meta property=\"article:publisher\" content=\"https:\/\/www.facebook.com\/GossipIT\" \/>\n<meta property=\"article:published_time\" content=\"2014-06-17T22:00:00+00:00\" \/>\n<meta property=\"og:image\" content=\"http:\/\/files.gossip.it\/immagini_news\/2014\/06\/1403084230_1-3.jpg\" \/>\n<meta name=\"author\" content=\"La Redazione\" \/>\n<meta name=\"twitter:card\" content=\"summary_large_image\" \/>\n<meta name=\"twitter:image\" content=\"http:\/\/files.gossip.it\/immagini_news\/2014\/06\/1403084230_1-3.jpg\" \/>\n<meta name=\"twitter:creator\" content=\"@gossinews_it\" \/>\n<meta name=\"twitter:site\" content=\"@gossinews_it\" \/>\n<meta name=\"twitter:label1\" content=\"Scritto da\" \/>\n\t<meta name=\"twitter:data1\" content=\"Francesca Romana Domenici\" \/>\n\t<meta name=\"twitter:label2\" content=\"Tempo di lettura stimato\" \/>\n\t<meta name=\"twitter:data2\" content=\"1 minuto\" \/>","yoast_head_json":{"title":"Madonna, bella con le sue maschere - Gossip.it | News sul Gossip e VIP","description":"I prodotti della sua linea MDNA Skin Care li prova di persona: Madonna ha pubblicato sul suo profilo Instagram uno scatto inedito che la ritrae con la","robots":{"index":"index","follow":"follow","max-snippet":"max-snippet:-1","max-image-preview":"max-image-preview:large","max-video-preview":"max-video-preview:-1"},"canonical":"https:\/\/www.gossip.it\/news\/madonna-bella-con-le-sue-maschere\/","og_locale":"it_IT","og_type":"article","og_title":"Madonna, bella con le sue maschere - Gossip.it | News sul Gossip e VIP","og_description":"I prodotti della sua linea MDNA Skin Care li prova di persona: Madonna ha pubblicato sul suo profilo Instagram uno scatto inedito che la ritrae con la","og_url":"https:\/\/www.gossip.it\/news\/madonna-bella-con-le-sue-maschere\/","og_site_name":"Gossip.it | News sul Gossip e VIP","article_publisher":"https:\/\/www.facebook.com\/GossipIT","article_published_time":"2014-06-17T22:00:00+00:00","og_image":[{"url":"http:\/\/files.gossip.it\/immagini_news\/2014\/06\/1403084230_1-3.jpg"}],"author":"La Redazione","twitter_card":"summary_large_image","twitter_image":"http:\/\/files.gossip.it\/immagini_news\/2014\/06\/1403084230_1-3.jpg","twitter_creator":"@gossinews_it","twitter_site":"@gossinews_it","twitter_misc":{"Scritto da":"Francesca Romana Domenici","Tempo di lettura stimato":"1 minuto"},"schema":{"@context":"https:\/\/schema.org","@graph":[{"@type":"Article","@id":"https:\/\/www.gossip.it\/news\/madonna-bella-con-le-sue-maschere\/#article","isPartOf":{"@id":"https:\/\/www.gossip.it\/news\/madonna-bella-con-le-sue-maschere\/"},"author":{"name":"La Redazione","@id":"https:\/\/www.gossip.it\/#\/schema\/person\/488896f75158bff1cc83c6c39d141110"},"headline":"Madonna, bella con le sue maschere","datePublished":"2014-06-17T22:00:00+00:00","dateModified":"2014-06-17T22:00:00+00:00","mainEntityOfPage":{"@id":"https:\/\/www.gossip.it\/news\/madonna-bella-con-le-sue-maschere\/"},"wordCount":293,"publisher":{"@id":"https:\/\/www.gossip.it\/#organization"},"image":{"@id":"https:\/\/www.gossip.it\/news\/madonna-bella-con-le-sue-maschere\/#primaryimage"},"thumbnailUrl":"http:\/\/files.gossip.it\/immagini_news\/2014\/06\/1403084230_1-3.jpg","keywords":["cantante","care","ciccone","dichiarazioni","flirt","instagram","maschera per il viso","mdna","social","timor steffens"],"articleSection":["News"],"inLanguage":"it-IT"},{"@type":"WebPage","@id":"https:\/\/www.gossip.it\/news\/madonna-bella-con-le-sue-maschere\/","url":"https:\/\/www.gossip.it\/news\/madonna-bella-con-le-sue-maschere\/","name":"Madonna, bella con le sue maschere - Gossip.it | News sul Gossip e VIP","isPartOf":{"@id":"https:\/\/www.gossip.it\/#website"},"primaryImageOfPage":{"@id":"https:\/\/www.gossip.it\/news\/madonna-bella-con-le-sue-maschere\/#primaryimage"},"image":{"@id":"https:\/\/www.gossip.it\/news\/madonna-bella-con-le-sue-maschere\/#primaryimage"},"thumbnailUrl":"http:\/\/files.gossip.it\/immagini_news\/2014\/06\/1403084230_1-3.jpg","datePublished":"2014-06-17T22:00:00+00:00","dateModified":"2014-06-17T22:00:00+00:00","description":"I prodotti della sua linea MDNA Skin Care li prova di persona: Madonna ha pubblicato sul suo profilo Instagram uno scatto inedito che la ritrae con la","breadcrumb":{"@id":"https:\/\/www.gossip.it\/news\/madonna-bella-con-le-sue-maschere\/#breadcrumb"},"inLanguage":"it-IT","potentialAction":[{"@type":"ReadAction","target":["https:\/\/www.gossip.it\/news\/madonna-bella-con-le-sue-maschere\/"]}]},{"@type":"ImageObject","inLanguage":"it-IT","@id":"https:\/\/www.gossip.it\/news\/madonna-bella-con-le-sue-maschere\/#primaryimage","url":"http:\/\/files.gossip.it\/immagini_news\/2014\/06\/1403084230_1-3.jpg","contentUrl":"http:\/\/files.gossip.it\/immagini_news\/2014\/06\/1403084230_1-3.jpg"},{"@type":"BreadcrumbList","@id":"https:\/\/www.gossip.it\/news\/madonna-bella-con-le-sue-maschere\/#breadcrumb","itemListElement":[{"@type":"ListItem","position":1,"name":"Home","item":"https:\/\/www.gossip.it\/"},{"@type":"ListItem","position":2,"name":"Madonna, bella con le sue maschere"}]},{"@type":"WebSite","@id":"https:\/\/www.gossip.it\/#website","url":"https:\/\/www.gossip.it\/","name":"Gossip and VIP News","description":"Quotidiano di cronaca rosa, costume e societ\u00e0","publisher":{"@id":"https:\/\/www.gossip.it\/#organization"},"alternateName":"Gossip and VIP News","potentialAction":[{"@type":"SearchAction","target":{"@type":"EntryPoint","urlTemplate":"https:\/\/www.gossip.it\/?s={search_term_string}"},"query-input":{"@type":"PropertyValueSpecification","valueRequired":true,"valueName":"search_term_string"}}],"inLanguage":"it-IT"},{"@type":"Organization","@id":"https:\/\/www.gossip.it\/#organization","name":"Gossip and VIP News","alternateName":"Gossip News","url":"https:\/\/www.gossip.it\/","logo":{"@type":"ImageObject","inLanguage":"it-IT","@id":"https:\/\/www.gossip.it\/#\/schema\/logo\/image\/","url":"https:\/\/www.gossip.it\/wp-content\/uploads\/2022\/04\/cropped-corna-alta-tiny.png","contentUrl":"https:\/\/www.gossip.it\/wp-content\/uploads\/2022\/04\/cropped-corna-alta-tiny.png","width":512,"height":512,"caption":"Gossip and VIP News"},"image":{"@id":"https:\/\/www.gossip.it\/#\/schema\/logo\/image\/"},"sameAs":["https:\/\/www.facebook.com\/GossipIT","https:\/\/x.com\/gossinews_it","https:\/\/instagram.com\/gossip_it"]},{"@type":"Person","@id":"https:\/\/www.gossip.it\/#\/schema\/person\/488896f75158bff1cc83c6c39d141110","name":"La Redazione","image":{"@type":"ImageObject","inLanguage":"it-IT","@id":"https:\/\/www.gossip.it\/#\/schema\/person\/image\/","url":"https:\/\/secure.gravatar.com\/avatar\/5a5f5c6fa3e6700e4249abdad0263a1e94e927d9e0499b1cb09c1cd29c044d80?s=96&d=mm&r=g","contentUrl":"https:\/\/secure.gravatar.com\/avatar\/5a5f5c6fa3e6700e4249abdad0263a1e94e927d9e0499b1cb09c1cd29c044d80?s=96&d=mm&r=g","caption":"La Redazione"},"sameAs":["https:\/\/www.gossip.it"]}]}},"amp_enabled":true,"_links":{"self":[{"href":"https:\/\/www.gossip.it\/api\/wp\/v2\/posts\/47605","targetHints":{"allow":["GET"]}}],"collection":[{"href":"https:\/\/www.gossip.it\/api\/wp\/v2\/posts"}],"about":[{"href":"https:\/\/www.gossip.it\/api\/wp\/v2\/types\/post"}],"author":[{"embeddable":true,"href":"https:\/\/www.gossip.it\/api\/wp\/v2\/users\/1"}],"replies":[{"embeddable":true,"href":"https:\/\/www.gossip.it\/api\/wp\/v2\/comments?post=47605"}],"version-history":[{"count":0,"href":"https:\/\/www.gossip.it\/api\/wp\/v2\/posts\/47605\/revisions"}],"wp:featuredmedia":[{"embeddable":true,"href":"https:\/\/www.gossip.it\/api\/wp\/v2\/media\/103651"}],"wp:attachment":[{"href":"https:\/\/www.gossip.it\/api\/wp\/v2\/media?parent=47605"}],"wp:term":[{"taxonomy":"category","embeddable":true,"href":"https:\/\/www.gossip.it\/api\/wp\/v2\/categories?post=47605"},{"taxonomy":"post_tag","embeddable":true,"href":"https:\/\/www.gossip.it\/api\/wp\/v2\/tags?post=47605"},{"taxonomy":"vip","embeddable":true,"href":"https:\/\/www.gossip.it\/api\/wp\/v2\/vip?post=47605"}],"curies":[{"name":"wp","href":"https:\/\/api.w.org\/{rel}","templated":true}]}}