{"id":47642,"date":"2014-06-19T00:00:00","date_gmt":"2014-06-18T22:00:00","guid":{"rendered":"https:\/\/www.gossip.it\/senza-categoria\/nina-moric-non-sono-io-che-mi-taglio-i-polsi\/"},"modified":"2014-06-19T00:00:00","modified_gmt":"2014-06-18T22:00:00","slug":"nina-moric-non-sono-io-che-mi-taglio-i-polsi","status":"publish","type":"post","link":"https:\/\/www.gossip.it\/news\/nina-moric-non-sono-io-che-mi-taglio-i-polsi\/","title":{"rendered":"Nina Moric: 'Non sono io che mi taglio i polsi'"},"content":{"rendered":"<p><a href=\"http:\/\/www.gossip.it\/news\/monografia.php?keyword=Nina Moric\">Nina Moric<\/a> ha smentito di nuovo, lei non \u00e8 un'autolesionista. <a href=\"http:\/\/www.gossip.it\/news\/nina_moric_foto_shock_su_instagram_news.html?ID=1403086034&refresh_ce\">L'altro giorno aveva pubblicato lo scatto di un polso tagliato con la scritta<em> \"I'am addicted to the pain\"<\/em><\/a> (\"Sono dipendente dal dolore\") e accanto il commento: <em>\"Lotter\u00f2...\"<\/em>. Immagine poi rimossa e successivamente rimessa per ribadire la sua estraneit\u00e0 a questo tipo di problema:<em> \"<strong>Questa foto ha suscitato tanto clamore!!! Ripeto \u00e8 una foto di Internet e non ha nulla a che fare con me<\/strong><\/em> - ha scritto la <a href=\"http:\/\/www.gossip.it\/news\/monografia.php?keyword=showgirl\">showgirl<\/a> croata - <strong><em>Si \u00e8 parlato di autolesionismo e mi viene da ridere... Io pubblico quello che c...o che mi pare, ma questo non significa che sia riferito a me!!! Giornalisti svegliatevi se la prossima volta pubblico un giardino pieno di fiori cosa scrivete che Nina Moric vive nelle fiabe!!! Ma occupatevi di problemi veri e non di queste stronzate!! E io pubblico quel caxxo che mi pare! CHIARO!!!!!!!!!<\/em><\/strong><em>\"<\/em>.\u00a0 Nina sostiene di voler solo denunciare determinate problematiche, ma non si tratta della prima volta che i suoi post vengono, a detta sua, equivocati: <a href=\"http:\/\/www.gossip.it\/news\/nina_moric_con_dossi_e_crack_news.html?ID=1384517776\">in passato ha messo la foto del suo posto pieno di segni rossi<\/a>. In quell'occasione aveva dichiarato a <a href=\"http:\/\/www.gossip.it\/news\/monografia.php?keyword=Barbara D'Urso\">Barbara D'Urso<\/a> che erano stati fatti con i colori per gioco dal figlio <strong>Carlos<\/strong> e un'amichetta:<em> <a href=\"http:\/\/www.gossip.it\/news\/nina_moric_non_mi_sono_tagliata_le_vene_news.html?ID=1386591570\">\"Non mi sono mai tagliata le vene\"<\/a><\/em>, ha dichiarato. Sar\u00e0 stata anche stavolta mal interpretata, ma di certo non era la prima volta che si parlava di questi tagli.<\/p>\n<figure class=\"caption\"><img decoding=\"async\" alt=\"\" width=\"620\" height=\"620\" src=\"http:\/\/files.gossip.it\/immagini_news\/2014\/06\/1403175374_1-2.jpg\" \/><figcaption>Nina Moric afferma di non avere niente a che fare con i tagli suoi polsi, vuole solo denunciare questo problema<\/figcaption><\/figure>\n<p><em>\"<strong>Guardate le mie colleghe<\/strong><\/em> - ha aggiunto Nina sul <a href=\"http:\/\/www.gossip.it\/news\/monografia.php?keyword=social\">social<\/a> - <em>c<strong>he pubblicano le loro nuove scarpe o la suite a 5 stelle di lusso, costumi da bagno e vacanze infinite... Io non sono cos\u00ec e non me ne frega un caxxo di esserlo, io pubblico a volte problemi seri che purtroppo esistono intorno a noi e non metto il mio culo in primo piano, \u00e8 gi\u00e0 visto e stravisto!!! Non devo dimostrare niente a nessuno!!! Pace!!!<\/strong>\"<\/em>. <em>\"Siccome sei un personaggio pubblico<\/em> - ha scritto alla Moric una <a href=\"http:\/\/www.gossip.it\/news\/monografia.php?keyword=follower \">follower <\/a>-<em> e come vedi tanta gente ti segue, non \u00e8 carino vedere certe cose, pi\u00f9 che altro per le ragazzine, come esempio non \u00e8 il massimo... Poi nella vita privata fai come vuoi, ma come personaggio pubblico, come esempio meglio non metterle certe foto\"<\/em>. <em>\"Ed \u00e8 proprio per questo<\/em> - ha risposto l'ex moglie di <a href=\"http:\/\/www.gossip.it\/news\/monografia.php?keyword=Fabrizio Corona\">Fabrizio Corona<\/a> - <em>l'ho messo e l'avevo pure scritto, lotter\u00f2 perch\u00e9 si tratta di un argomento grave ed un appoggio non fa male!! Non fare l'ignorante... Nulla di offensivo nei tuoi confronti... Per\u00f2 rifletti!!\"<\/em>. Forse sarebbe meglio specificare il vero intento del messaggio che si vuole dare la prima volta che lo si d\u00e0, giusto per non essere fraintesi...<\/p>\n","protected":false},"excerpt":{"rendered":"<p>Nina Moric ha smentito di nuovo, lei non \u00e8 un'autolesionista. L'altro giorno aveva pubblicato lo scatto di un polso tagliato con la scritta \"I'am addicted to the pain\" (\"Sono dipendente dal dolore\") e accanto il commento: \"Lotter\u00f2...\". Immagine poi rimossa e successivamente rimessa per ribadire la sua estraneit\u00e0 a questo tipo di problema: \"Questa foto [&hellip;]<\/p>\n","protected":false},"author":1,"featured_media":103688,"comment_status":"closed","ping_status":"closed","sticky":false,"template":"","format":"standard","meta":{"footnotes":""},"categories":[54],"tags":[13126,12200,2121,9041,1923,14419],"vip":[719,1426],"class_list":["post-47642","post","type-post","status-publish","format-standard","has-post-thumbnail","hentry","category-news","tag-autolesionismo","tag-follower","tag-instagram","tag-polsi","tag-social","tag-tagli","vip-fabrizio_corona","vip-nina_moric"],"yoast_head":"<title>Nina Moric: &#039;Non sono io che mi taglio i polsi&#039; - Gossip.it | News sul Gossip e VIP<\/title>\n<meta name=\"description\" content=\"Nina Moric ha smentito di nuovo, lei non \u00e8 un&#039;autolesionista. L&#039;altro giorno aveva pubblicato lo scatto di un polso tagliato con la scritta &quot;I&#039;am addicted\" \/>\n<meta name=\"robots\" content=\"index, follow, max-snippet:-1, max-image-preview:large, max-video-preview:-1\" \/>\n<link rel=\"canonical\" href=\"https:\/\/www.gossip.it\/news\/nina-moric-non-sono-io-che-mi-taglio-i-polsi\/\" \/>\n<meta property=\"og:locale\" content=\"it_IT\" \/>\n<meta property=\"og:type\" content=\"article\" \/>\n<meta property=\"og:title\" content=\"Nina Moric: &#039;Non sono io che mi taglio i polsi&#039; - Gossip.it | News sul Gossip e VIP\" \/>\n<meta property=\"og:description\" content=\"Nina Moric ha smentito di nuovo, lei non \u00e8 un&#039;autolesionista. L&#039;altro giorno aveva pubblicato lo scatto di un polso tagliato con la scritta &quot;I&#039;am addicted\" \/>\n<meta property=\"og:url\" content=\"https:\/\/www.gossip.it\/news\/nina-moric-non-sono-io-che-mi-taglio-i-polsi\/\" \/>\n<meta property=\"og:site_name\" content=\"Gossip.it | News sul Gossip e VIP\" \/>\n<meta property=\"article:publisher\" content=\"https:\/\/www.facebook.com\/GossipIT\" \/>\n<meta property=\"article:published_time\" content=\"2014-06-18T22:00:00+00:00\" \/>\n<meta property=\"og:image\" content=\"http:\/\/files.gossip.it\/immagini_news\/2014\/06\/1403175374_1-2.jpg\" \/>\n<meta name=\"author\" content=\"La Redazione\" \/>\n<meta name=\"twitter:card\" content=\"summary_large_image\" \/>\n<meta name=\"twitter:image\" content=\"http:\/\/files.gossip.it\/immagini_news\/2014\/06\/1403175374_1-2.jpg\" \/>\n<meta name=\"twitter:creator\" content=\"@gossinews_it\" \/>\n<meta name=\"twitter:site\" content=\"@gossinews_it\" \/>\n<meta name=\"twitter:label1\" content=\"Scritto da\" \/>\n\t<meta name=\"twitter:data1\" content=\"La Redazione\" \/>\n\t<meta name=\"twitter:label2\" content=\"Tempo di lettura stimato\" \/>\n\t<meta name=\"twitter:data2\" content=\"2 minuti\" \/>","yoast_head_json":{"title":"Nina Moric: 'Non sono io che mi taglio i polsi' - Gossip.it | News sul Gossip e VIP","description":"Nina Moric ha smentito di nuovo, lei non \u00e8 un'autolesionista. L'altro giorno aveva pubblicato lo scatto di un polso tagliato con la scritta \"I'am addicted","robots":{"index":"index","follow":"follow","max-snippet":"max-snippet:-1","max-image-preview":"max-image-preview:large","max-video-preview":"max-video-preview:-1"},"canonical":"https:\/\/www.gossip.it\/news\/nina-moric-non-sono-io-che-mi-taglio-i-polsi\/","og_locale":"it_IT","og_type":"article","og_title":"Nina Moric: 'Non sono io che mi taglio i polsi' - Gossip.it | News sul Gossip e VIP","og_description":"Nina Moric ha smentito di nuovo, lei non \u00e8 un'autolesionista. L'altro giorno aveva pubblicato lo scatto di un polso tagliato con la scritta \"I'am addicted","og_url":"https:\/\/www.gossip.it\/news\/nina-moric-non-sono-io-che-mi-taglio-i-polsi\/","og_site_name":"Gossip.it | News sul Gossip e VIP","article_publisher":"https:\/\/www.facebook.com\/GossipIT","article_published_time":"2014-06-18T22:00:00+00:00","og_image":[{"url":"http:\/\/files.gossip.it\/immagini_news\/2014\/06\/1403175374_1-2.jpg"}],"author":"La Redazione","twitter_card":"summary_large_image","twitter_image":"http:\/\/files.gossip.it\/immagini_news\/2014\/06\/1403175374_1-2.jpg","twitter_creator":"@gossinews_it","twitter_site":"@gossinews_it","twitter_misc":{"Scritto da":"La Redazione","Tempo di lettura stimato":"2 minuti"},"schema":{"@context":"https:\/\/schema.org","@graph":[{"@type":"Article","@id":"https:\/\/www.gossip.it\/news\/nina-moric-non-sono-io-che-mi-taglio-i-polsi\/#article","isPartOf":{"@id":"https:\/\/www.gossip.it\/news\/nina-moric-non-sono-io-che-mi-taglio-i-polsi\/"},"author":{"name":"La Redazione","@id":"https:\/\/www.gossip.it\/#\/schema\/person\/488896f75158bff1cc83c6c39d141110"},"headline":"Nina Moric: 'Non sono io che mi taglio i polsi'","datePublished":"2014-06-18T22:00:00+00:00","dateModified":"2014-06-18T22:00:00+00:00","mainEntityOfPage":{"@id":"https:\/\/www.gossip.it\/news\/nina-moric-non-sono-io-che-mi-taglio-i-polsi\/"},"wordCount":470,"publisher":{"@id":"https:\/\/www.gossip.it\/#organization"},"image":{"@id":"https:\/\/www.gossip.it\/news\/nina-moric-non-sono-io-che-mi-taglio-i-polsi\/#primaryimage"},"thumbnailUrl":"http:\/\/files.gossip.it\/immagini_news\/2014\/06\/1403175374_1-2.jpg","keywords":["autolesionismo","follower","instagram","polsi","social","Tagli"],"articleSection":["News"],"inLanguage":"it-IT"},{"@type":"WebPage","@id":"https:\/\/www.gossip.it\/news\/nina-moric-non-sono-io-che-mi-taglio-i-polsi\/","url":"https:\/\/www.gossip.it\/news\/nina-moric-non-sono-io-che-mi-taglio-i-polsi\/","name":"Nina Moric: 'Non sono io che mi taglio i polsi' - Gossip.it | News sul Gossip e VIP","isPartOf":{"@id":"https:\/\/www.gossip.it\/#website"},"primaryImageOfPage":{"@id":"https:\/\/www.gossip.it\/news\/nina-moric-non-sono-io-che-mi-taglio-i-polsi\/#primaryimage"},"image":{"@id":"https:\/\/www.gossip.it\/news\/nina-moric-non-sono-io-che-mi-taglio-i-polsi\/#primaryimage"},"thumbnailUrl":"http:\/\/files.gossip.it\/immagini_news\/2014\/06\/1403175374_1-2.jpg","datePublished":"2014-06-18T22:00:00+00:00","dateModified":"2014-06-18T22:00:00+00:00","description":"Nina Moric ha smentito di nuovo, lei non \u00e8 un'autolesionista. L'altro giorno aveva pubblicato lo scatto di un polso tagliato con la scritta \"I'am addicted","breadcrumb":{"@id":"https:\/\/www.gossip.it\/news\/nina-moric-non-sono-io-che-mi-taglio-i-polsi\/#breadcrumb"},"inLanguage":"it-IT","potentialAction":[{"@type":"ReadAction","target":["https:\/\/www.gossip.it\/news\/nina-moric-non-sono-io-che-mi-taglio-i-polsi\/"]}]},{"@type":"ImageObject","inLanguage":"it-IT","@id":"https:\/\/www.gossip.it\/news\/nina-moric-non-sono-io-che-mi-taglio-i-polsi\/#primaryimage","url":"http:\/\/files.gossip.it\/immagini_news\/2014\/06\/1403175374_1-2.jpg","contentUrl":"http:\/\/files.gossip.it\/immagini_news\/2014\/06\/1403175374_1-2.jpg"},{"@type":"BreadcrumbList","@id":"https:\/\/www.gossip.it\/news\/nina-moric-non-sono-io-che-mi-taglio-i-polsi\/#breadcrumb","itemListElement":[{"@type":"ListItem","position":1,"name":"Home","item":"https:\/\/www.gossip.it\/"},{"@type":"ListItem","position":2,"name":"Nina Moric: 'Non sono io che mi taglio i polsi'"}]},{"@type":"WebSite","@id":"https:\/\/www.gossip.it\/#website","url":"https:\/\/www.gossip.it\/","name":"Gossip and VIP News","description":"Quotidiano di cronaca rosa, costume e societ\u00e0","publisher":{"@id":"https:\/\/www.gossip.it\/#organization"},"alternateName":"Gossip and VIP News","potentialAction":[{"@type":"SearchAction","target":{"@type":"EntryPoint","urlTemplate":"https:\/\/www.gossip.it\/?s={search_term_string}"},"query-input":{"@type":"PropertyValueSpecification","valueRequired":true,"valueName":"search_term_string"}}],"inLanguage":"it-IT"},{"@type":"Organization","@id":"https:\/\/www.gossip.it\/#organization","name":"Gossip and VIP News","alternateName":"Gossip News","url":"https:\/\/www.gossip.it\/","logo":{"@type":"ImageObject","inLanguage":"it-IT","@id":"https:\/\/www.gossip.it\/#\/schema\/logo\/image\/","url":"https:\/\/www.gossip.it\/wp-content\/uploads\/2022\/04\/cropped-corna-alta-tiny.png","contentUrl":"https:\/\/www.gossip.it\/wp-content\/uploads\/2022\/04\/cropped-corna-alta-tiny.png","width":512,"height":512,"caption":"Gossip and VIP News"},"image":{"@id":"https:\/\/www.gossip.it\/#\/schema\/logo\/image\/"},"sameAs":["https:\/\/www.facebook.com\/GossipIT","https:\/\/x.com\/gossinews_it","https:\/\/instagram.com\/gossip_it"]},{"@type":"Person","@id":"https:\/\/www.gossip.it\/#\/schema\/person\/488896f75158bff1cc83c6c39d141110","name":"La Redazione","image":{"@type":"ImageObject","inLanguage":"it-IT","@id":"https:\/\/www.gossip.it\/#\/schema\/person\/image\/","url":"https:\/\/secure.gravatar.com\/avatar\/5a5f5c6fa3e6700e4249abdad0263a1e94e927d9e0499b1cb09c1cd29c044d80?s=96&d=mm&r=g","contentUrl":"https:\/\/secure.gravatar.com\/avatar\/5a5f5c6fa3e6700e4249abdad0263a1e94e927d9e0499b1cb09c1cd29c044d80?s=96&d=mm&r=g","caption":"La Redazione"},"sameAs":["https:\/\/www.gossip.it"]}]}},"amp_enabled":true,"_links":{"self":[{"href":"https:\/\/www.gossip.it\/api\/wp\/v2\/posts\/47642","targetHints":{"allow":["GET"]}}],"collection":[{"href":"https:\/\/www.gossip.it\/api\/wp\/v2\/posts"}],"about":[{"href":"https:\/\/www.gossip.it\/api\/wp\/v2\/types\/post"}],"author":[{"embeddable":true,"href":"https:\/\/www.gossip.it\/api\/wp\/v2\/users\/1"}],"replies":[{"embeddable":true,"href":"https:\/\/www.gossip.it\/api\/wp\/v2\/comments?post=47642"}],"version-history":[{"count":0,"href":"https:\/\/www.gossip.it\/api\/wp\/v2\/posts\/47642\/revisions"}],"wp:featuredmedia":[{"embeddable":true,"href":"https:\/\/www.gossip.it\/api\/wp\/v2\/media\/103688"}],"wp:attachment":[{"href":"https:\/\/www.gossip.it\/api\/wp\/v2\/media?parent=47642"}],"wp:term":[{"taxonomy":"category","embeddable":true,"href":"https:\/\/www.gossip.it\/api\/wp\/v2\/categories?post=47642"},{"taxonomy":"post_tag","embeddable":true,"href":"https:\/\/www.gossip.it\/api\/wp\/v2\/tags?post=47642"},{"taxonomy":"vip","embeddable":true,"href":"https:\/\/www.gossip.it\/api\/wp\/v2\/vip?post=47642"}],"curies":[{"name":"wp","href":"https:\/\/api.w.org\/{rel}","templated":true}]}}