{"id":47835,"date":"2014-06-30T00:00:00","date_gmt":"2014-06-29T22:00:00","guid":{"rendered":"https:\/\/www.gossip.it\/senza-categoria\/maria-de-filippi-nel-backstage-del-summer-festival\/"},"modified":"2014-06-30T00:00:00","modified_gmt":"2014-06-29T22:00:00","slug":"maria-de-filippi-nel-backstage-del-summer-festival","status":"publish","type":"post","link":"https:\/\/www.gossip.it\/news\/maria-de-filippi-nel-backstage-del-summer-festival\/","title":{"rendered":"Maria De Filippi, nel backstage del Summer Festival"},"content":{"rendered":"<p><a href=\"http:\/\/www.gossip.it\/news\/monografia.php?keyword=Maria De Filippi\">Maria De Filippi<\/a> insieme ad <a href=\"http:\/\/www.gossip.it\/news\/monografia.php?keyword=Alessia Marcuzzi\">Alessia Marcuzzi<\/a> nel backstage della finale del <a href=\"http:\/\/www.gossip.it\/news\/monografia.php?keyword=Coca Cola Summer Festival\">Coca Cola Summer Festival<\/a> che ha avuto luogo a Roma, nella cornice di <b>Piazza del Popolo<\/b>, e che dal 7 luglio andr\u00e0 in onda su <b>Canale 5<\/b>. La bionda era in veste di produttrice, dietro all'evento, infatti, la sua <b>Fascino<\/b>: <em>\"Secondo me la cosa pi\u00f9 bella di quest\u2019anno rispetto alla scorsa edizione \u00e8 stato che in tanti hanno accettato di mettersi in gioco, si sono dati, hanno portato il loro pezzo per questa gara di gradimento del pezzo pi\u00f9 amato dell\u2019estate e questa \u00e8 una bellissima novit\u00e0 perch\u00e9 li ho visti contenti di farlo, non con l\u2019ansia di guardare la classifica con patema d\u2019animo<\/em> - ha dichiarato la moglie di <a href=\"http:\/\/www.gossip.it\/news\/monografia.php?keyword=Maurizio Costanzo\">Maurizio Costanzo<\/a> a RTL 102.5 -<em> Secondo me erano contenti, ed \u00e8 una cosa bella per la musica, perch\u00e9 in realt\u00e0 questi pezzi sono uno pi\u00f9 bello dell\u2019altro, poi il gradimento e chi vincer\u00e0 \u00e8 questione di gusto personale. C\u2019\u00e8 il pezzo di <a href=\"http:\/\/www.gossip.it\/news\/monografia.php?keyword=Renga\">Renga<\/a> che secondo me \u00e8 bellissimo, quello di <a href=\"http:\/\/www.gossip.it\/news\/monografia.php?keyword=Dolcenera\">Dolcenera<\/a> anche \u00e8 molto bello, non parlo di <a href=\"http:\/\/www.gossip.it\/news\/monografia.php?keyword=Emma Marrone\">Emma<\/a>, <a href=\"http:\/\/www.gossip.it\/news\/monografia.php?keyword=Alessandra Amoroso\">Alessandra<\/a>, <a href=\"http:\/\/www.gossip.it\/news\/monografia.php?keyword=Dear Jack\">Dear Jack<\/a>, <a href=\"http:\/\/www.gossip.it\/news\/monografia.php?keyword=Moreno\">Moreno<\/a>, perch\u00e9 sarebbe inelegante<\/em> (sono i suoi pupilli di \"Amici\" ndr), anche <a href=\"http:\/\/www.gossip.it\/news\/monografia.php?keyword=Grignani\">Grignani<\/a><em> \u00e8 tornato forte, quello di un tempo, e anche Alessia quest\u2019anno \u00e8 molto pi\u00f9 coinvolta dell\u2019anno scorso. Mi sembra una cosa bella che ci sia finalmente una commistione tra radio e televisione, una commistione che abbia un grande senso, perch\u00e9 si aiutano a vicenda. Se non ci fosse RTL 102.5 con questa gara di gradimento e le radio che ti danno anche la classifica dei pezzi pi\u00f9 ascoltati, questa sorta di gara non si sarebbe potuta fare\"<\/em>.<\/p>\n<p>Maria ha anche rivelato che non le dispiacerebbe postare il Summer Festival da Roma all'<b>Arena di Verona<\/b>, location storica del <b>Festivalbar<\/b>: <em>\"Ho visto Verona con i miei occhi piena e l\u2019impatto \u00e8 bellissimo, mi piacerebbe. Purtroppo non dipende neanche necessariamente dal dato Auditel, ma da un periodo dell\u2019Italia un po\u2019 in difficolt\u00e0 in generale, quindi dobbiamo sperare che tutto si riprenda e che si possa andare a Verona\"<\/em>.<\/p>\n","protected":false},"excerpt":{"rendered":"<p>Maria De Filippi insieme ad Alessia Marcuzzi nel backstage della finale del Coca Cola Summer Festival che ha avuto luogo a Roma, nella cornice di Piazza del Popolo, e che dal 7 luglio andr\u00e0 in onda su Canale 5. La bionda era in veste di produttrice, dietro all'evento, infatti, la sua Fascino: \"Secondo me la [&hellip;]<\/p>\n","protected":false},"author":1,"featured_media":103881,"comment_status":"closed","ping_status":"closed","sticky":false,"template":"","format":"standard","meta":{"footnotes":""},"categories":[54],"tags":[9542,2098,8581,2102,3130,14813,1879],"vip":[275,1237],"class_list":["post-47835","post","type-post","status-publish","format-standard","has-post-thumbnail","hentry","category-news","tag-arena-di-verona","tag-canale-5","tag-coca-cola-summer-festival","tag-dichiarazioni","tag-fascino","tag-festivalbar","tag-roma","vip-alessia_marcuzzi","vip-maria_de_filippi"],"yoast_head":"<title>Maria De Filippi, nel backstage del Summer Festival - Gossip.it | News sul Gossip e VIP<\/title>\n<meta name=\"description\" content=\"Maria De Filippi insieme ad Alessia Marcuzzi nel backstage della finale del Coca Cola Summer Festival che ha avuto luogo a Roma, nella cornice di Piazza\" \/>\n<meta name=\"robots\" content=\"index, follow, max-snippet:-1, max-image-preview:large, max-video-preview:-1\" \/>\n<link rel=\"canonical\" href=\"https:\/\/www.gossip.it\/news\/maria-de-filippi-nel-backstage-del-summer-festival\/\" \/>\n<meta property=\"og:locale\" content=\"it_IT\" \/>\n<meta property=\"og:type\" content=\"article\" \/>\n<meta property=\"og:title\" content=\"Maria De Filippi, nel backstage del Summer Festival - Gossip.it | News sul Gossip e VIP\" \/>\n<meta property=\"og:description\" content=\"Maria De Filippi insieme ad Alessia Marcuzzi nel backstage della finale del Coca Cola Summer Festival che ha avuto luogo a Roma, nella cornice di Piazza\" \/>\n<meta property=\"og:url\" content=\"https:\/\/www.gossip.it\/news\/maria-de-filippi-nel-backstage-del-summer-festival\/\" \/>\n<meta property=\"og:site_name\" content=\"Gossip.it | News sul Gossip e VIP\" \/>\n<meta property=\"article:publisher\" content=\"https:\/\/www.facebook.com\/GossipIT\" \/>\n<meta property=\"article:published_time\" content=\"2014-06-29T22:00:00+00:00\" \/>\n<meta property=\"og:image\" content=\"http:\/\/www.gossip.it\/images5\/1404127639_.jpg\" \/>\n<meta name=\"author\" content=\"La Redazione\" \/>\n<meta name=\"twitter:card\" content=\"summary_large_image\" \/>\n<meta name=\"twitter:image\" content=\"http:\/\/www.gossip.it\/images5\/1404127639_.jpg\" \/>\n<meta name=\"twitter:creator\" content=\"@gossinews_it\" \/>\n<meta name=\"twitter:site\" content=\"@gossinews_it\" \/>\n<meta name=\"twitter:label1\" content=\"Scritto da\" \/>\n\t<meta name=\"twitter:data1\" content=\"Francesca Romana Domenici\" \/>\n\t<meta name=\"twitter:label2\" content=\"Tempo di lettura stimato\" \/>\n\t<meta name=\"twitter:data2\" content=\"2 minuti\" \/>","yoast_head_json":{"title":"Maria De Filippi, nel backstage del Summer Festival - Gossip.it | News sul Gossip e VIP","description":"Maria De Filippi insieme ad Alessia Marcuzzi nel backstage della finale del Coca Cola Summer Festival che ha avuto luogo a Roma, nella cornice di Piazza","robots":{"index":"index","follow":"follow","max-snippet":"max-snippet:-1","max-image-preview":"max-image-preview:large","max-video-preview":"max-video-preview:-1"},"canonical":"https:\/\/www.gossip.it\/news\/maria-de-filippi-nel-backstage-del-summer-festival\/","og_locale":"it_IT","og_type":"article","og_title":"Maria De Filippi, nel backstage del Summer Festival - Gossip.it | News sul Gossip e VIP","og_description":"Maria De Filippi insieme ad Alessia Marcuzzi nel backstage della finale del Coca Cola Summer Festival che ha avuto luogo a Roma, nella cornice di Piazza","og_url":"https:\/\/www.gossip.it\/news\/maria-de-filippi-nel-backstage-del-summer-festival\/","og_site_name":"Gossip.it | News sul Gossip e VIP","article_publisher":"https:\/\/www.facebook.com\/GossipIT","article_published_time":"2014-06-29T22:00:00+00:00","og_image":[{"url":"http:\/\/www.gossip.it\/images5\/1404127639_.jpg"}],"author":"La Redazione","twitter_card":"summary_large_image","twitter_image":"http:\/\/www.gossip.it\/images5\/1404127639_.jpg","twitter_creator":"@gossinews_it","twitter_site":"@gossinews_it","twitter_misc":{"Scritto da":"Francesca Romana Domenici","Tempo di lettura stimato":"2 minuti"},"schema":{"@context":"https:\/\/schema.org","@graph":[{"@type":"Article","@id":"https:\/\/www.gossip.it\/news\/maria-de-filippi-nel-backstage-del-summer-festival\/#article","isPartOf":{"@id":"https:\/\/www.gossip.it\/news\/maria-de-filippi-nel-backstage-del-summer-festival\/"},"author":{"name":"La Redazione","@id":"https:\/\/www.gossip.it\/#\/schema\/person\/488896f75158bff1cc83c6c39d141110"},"headline":"Maria De Filippi, nel backstage del Summer Festival","datePublished":"2014-06-29T22:00:00+00:00","dateModified":"2014-06-29T22:00:00+00:00","mainEntityOfPage":{"@id":"https:\/\/www.gossip.it\/news\/maria-de-filippi-nel-backstage-del-summer-festival\/"},"wordCount":349,"publisher":{"@id":"https:\/\/www.gossip.it\/#organization"},"image":{"@id":"https:\/\/www.gossip.it\/news\/maria-de-filippi-nel-backstage-del-summer-festival\/#primaryimage"},"thumbnailUrl":"http:\/\/www.gossip.it\/images5\/1404127639_.jpg","keywords":["arena di verona","canale 5","coca cola summer festival","dichiarazioni","fascino","festivalbar","roma"],"articleSection":["News"],"inLanguage":"it-IT"},{"@type":"WebPage","@id":"https:\/\/www.gossip.it\/news\/maria-de-filippi-nel-backstage-del-summer-festival\/","url":"https:\/\/www.gossip.it\/news\/maria-de-filippi-nel-backstage-del-summer-festival\/","name":"Maria De Filippi, nel backstage del Summer Festival - Gossip.it | News sul Gossip e VIP","isPartOf":{"@id":"https:\/\/www.gossip.it\/#website"},"primaryImageOfPage":{"@id":"https:\/\/www.gossip.it\/news\/maria-de-filippi-nel-backstage-del-summer-festival\/#primaryimage"},"image":{"@id":"https:\/\/www.gossip.it\/news\/maria-de-filippi-nel-backstage-del-summer-festival\/#primaryimage"},"thumbnailUrl":"http:\/\/www.gossip.it\/images5\/1404127639_.jpg","datePublished":"2014-06-29T22:00:00+00:00","dateModified":"2014-06-29T22:00:00+00:00","description":"Maria De Filippi insieme ad Alessia Marcuzzi nel backstage della finale del Coca Cola Summer Festival che ha avuto luogo a Roma, nella cornice di Piazza","breadcrumb":{"@id":"https:\/\/www.gossip.it\/news\/maria-de-filippi-nel-backstage-del-summer-festival\/#breadcrumb"},"inLanguage":"it-IT","potentialAction":[{"@type":"ReadAction","target":["https:\/\/www.gossip.it\/news\/maria-de-filippi-nel-backstage-del-summer-festival\/"]}]},{"@type":"ImageObject","inLanguage":"it-IT","@id":"https:\/\/www.gossip.it\/news\/maria-de-filippi-nel-backstage-del-summer-festival\/#primaryimage","url":"http:\/\/www.gossip.it\/images5\/1404127639_.jpg","contentUrl":"http:\/\/www.gossip.it\/images5\/1404127639_.jpg"},{"@type":"BreadcrumbList","@id":"https:\/\/www.gossip.it\/news\/maria-de-filippi-nel-backstage-del-summer-festival\/#breadcrumb","itemListElement":[{"@type":"ListItem","position":1,"name":"Home","item":"https:\/\/www.gossip.it\/"},{"@type":"ListItem","position":2,"name":"Maria De Filippi, nel backstage del Summer Festival"}]},{"@type":"WebSite","@id":"https:\/\/www.gossip.it\/#website","url":"https:\/\/www.gossip.it\/","name":"Gossip and VIP News","description":"Quotidiano di cronaca rosa, costume e societ\u00e0","publisher":{"@id":"https:\/\/www.gossip.it\/#organization"},"alternateName":"Gossip and VIP News","potentialAction":[{"@type":"SearchAction","target":{"@type":"EntryPoint","urlTemplate":"https:\/\/www.gossip.it\/?s={search_term_string}"},"query-input":{"@type":"PropertyValueSpecification","valueRequired":true,"valueName":"search_term_string"}}],"inLanguage":"it-IT"},{"@type":"Organization","@id":"https:\/\/www.gossip.it\/#organization","name":"Gossip and VIP News","alternateName":"Gossip News","url":"https:\/\/www.gossip.it\/","logo":{"@type":"ImageObject","inLanguage":"it-IT","@id":"https:\/\/www.gossip.it\/#\/schema\/logo\/image\/","url":"https:\/\/www.gossip.it\/wp-content\/uploads\/2022\/04\/cropped-corna-alta-tiny.png","contentUrl":"https:\/\/www.gossip.it\/wp-content\/uploads\/2022\/04\/cropped-corna-alta-tiny.png","width":512,"height":512,"caption":"Gossip and VIP News"},"image":{"@id":"https:\/\/www.gossip.it\/#\/schema\/logo\/image\/"},"sameAs":["https:\/\/www.facebook.com\/GossipIT","https:\/\/x.com\/gossinews_it","https:\/\/instagram.com\/gossip_it"]},{"@type":"Person","@id":"https:\/\/www.gossip.it\/#\/schema\/person\/488896f75158bff1cc83c6c39d141110","name":"La Redazione","image":{"@type":"ImageObject","inLanguage":"it-IT","@id":"https:\/\/www.gossip.it\/#\/schema\/person\/image\/","url":"https:\/\/secure.gravatar.com\/avatar\/5a5f5c6fa3e6700e4249abdad0263a1e94e927d9e0499b1cb09c1cd29c044d80?s=96&d=mm&r=g","contentUrl":"https:\/\/secure.gravatar.com\/avatar\/5a5f5c6fa3e6700e4249abdad0263a1e94e927d9e0499b1cb09c1cd29c044d80?s=96&d=mm&r=g","caption":"La Redazione"},"sameAs":["https:\/\/www.gossip.it"]}]}},"amp_enabled":true,"_links":{"self":[{"href":"https:\/\/www.gossip.it\/api\/wp\/v2\/posts\/47835","targetHints":{"allow":["GET"]}}],"collection":[{"href":"https:\/\/www.gossip.it\/api\/wp\/v2\/posts"}],"about":[{"href":"https:\/\/www.gossip.it\/api\/wp\/v2\/types\/post"}],"author":[{"embeddable":true,"href":"https:\/\/www.gossip.it\/api\/wp\/v2\/users\/1"}],"replies":[{"embeddable":true,"href":"https:\/\/www.gossip.it\/api\/wp\/v2\/comments?post=47835"}],"version-history":[{"count":0,"href":"https:\/\/www.gossip.it\/api\/wp\/v2\/posts\/47835\/revisions"}],"wp:featuredmedia":[{"embeddable":true,"href":"https:\/\/www.gossip.it\/api\/wp\/v2\/media\/103881"}],"wp:attachment":[{"href":"https:\/\/www.gossip.it\/api\/wp\/v2\/media?parent=47835"}],"wp:term":[{"taxonomy":"category","embeddable":true,"href":"https:\/\/www.gossip.it\/api\/wp\/v2\/categories?post=47835"},{"taxonomy":"post_tag","embeddable":true,"href":"https:\/\/www.gossip.it\/api\/wp\/v2\/tags?post=47835"},{"taxonomy":"vip","embeddable":true,"href":"https:\/\/www.gossip.it\/api\/wp\/v2\/vip?post=47835"}],"curies":[{"name":"wp","href":"https:\/\/api.w.org\/{rel}","templated":true}]}}