{"id":47874,"date":"2014-07-01T00:00:00","date_gmt":"2014-06-30T22:00:00","guid":{"rendered":"https:\/\/www.gossip.it\/senza-categoria\/vito-mancini-le-sue-parole-dopo-il-tentato-suicidio\/"},"modified":"2014-07-01T00:00:00","modified_gmt":"2014-06-30T22:00:00","slug":"vito-mancini-le-sue-parole-dopo-il-tentato-suicidio","status":"publish","type":"post","link":"https:\/\/www.gossip.it\/news\/vito-mancini-le-sue-parole-dopo-il-tentato-suicidio\/","title":{"rendered":"Vito Mancini, le sue parole dopo il tentato suicidio"},"content":{"rendered":"<p>L'ex gieffino <a href=\"http:\/\/www.gossip.it\/news\/monografia.php?keyword=Vito Mancini\">Vito Mancini<\/a>, ha partecipato alla 12esima edizione del <a href=\"http:\/\/www.gossip.it\/news\/monografia.php?keyword=reality\">reality<\/a> di <strong>Canale 5<\/strong>, <a href=\"http:\/\/www.gossip.it\/news\/gf_vito_mancini_ha_tentato_il_suicidio_news.html?ID=1404128759\">al centro della cronaca per un tentato suicidio.<\/a>\u00a0Secondo quanto riportato, il giovane sarebbe stato ritrovato\u00a0nel suo appartamento di <strong>Trastevere <\/strong>dal\u00a0118 e dai Carabinieri, allertati \u00a0dai suoi amici (a cui lui stesso aveva mandato un sms per dire che voleva farla finita), dopo aver cercato di impiccarsi con un cappio al collo nel bagno dell'abitazione. Ora per\u00f2, Vito, sulla sua pagina <strong>Facebook<\/strong> lascia un <strong>post<\/strong> in cui chiarisce la situazione e accusa la stampa di aver ingigantito quanto accaduto.<\/p>\n<figure class=\"caption\"><img decoding=\"async\" alt=\"\" width=\"620\" height=\"430\" src=\"http:\/\/files.gossip.it\/immagini_news\/2014\/07\/1404217975_1-10.jpg\" \/><figcaption>Vito Mancini, dopo le notizia del tentato suicidio, dice la sua con un post pubblicato su Facebook<\/figcaption><\/figure>\n<p><em>\"<strong>Alla luce di quanto scritto, letto e condiviso sul web, mi sembra opportuno scrivere qualche riga sull\u2019accaduto<\/strong><\/em> - esordisce Vito sul <a href=\"http:\/\/www.gossip.it\/news\/monografia.php?keyword=social\">social<\/a> - <em><strong>Da un po\u2019 di tempo a questa parte alcuni motivi personali mi hanno portato ad affrontare momenti difficili, come a chiunque altro capita, domenica durante l\u2019ennesima crisi di panico ho ritenuto opportuno affrontare la situazione con l\u2019ausilio dei medici. Da qui \u00e8 partita una inutile, spietata se non meglio morbosa, costruzione di una tragedia ormai classica per un certo tipo di giornalismo con aggiunta di dettagli ad hoc a dir poco macabri, degni della bruttissima copia di Jessica Fletcher<\/strong>. Non mi importa molto quello che si dice o si voglia dire sulla mia persona e sugli eventi della mia vita che comunque ritengo privata e degna del rispetto che tutti, nessuno escluso meritano ma ci\u00f2 che non sopporto \u00e8 l\u2019accanimento, la cattiveria e torno a dire la morbosit\u00e0 con cui ci si spinge ad accusare la gente che mi \u00e8 intorno e a cui voglio bene cercando di trovare il colpevole di una storia gi\u00e0 inventata di suo, come se si potesse trovare la verit\u00e0, quella famosa verit\u00e0 che i pi\u00f9 credono di avere in tasca quando in realt\u00e0 in tasca hanno solo pietre pronte a lapidare gente ignara e innocente per il solo motivo di sentirsi superiori, maestri di vita senza ombra di peccato, ma si sa, come diceva il grande DeAndr\u00e8: 'Si sa che la gente d\u00e0 buoni consigli sentendosi come Ges\u00f9 nel tempio, si sa che la gente d\u00e0 buoni consigli se non pu\u00f2 pi\u00f9 dare cattivo esempio'. V\"<\/em>.<\/p>\n","protected":false},"excerpt":{"rendered":"<p>L'ex gieffino Vito Mancini, ha partecipato alla 12esima edizione del reality di Canale 5, al centro della cronaca per un tentato suicidio.\u00a0Secondo quanto riportato, il giovane sarebbe stato ritrovato\u00a0nel suo appartamento di Trastevere dal\u00a0118 e dai Carabinieri, allertati \u00a0dai suoi amici (a cui lui stesso aveva mandato un sms per dire che voleva farla finita), [&hellip;]<\/p>\n","protected":false},"author":1,"featured_media":103920,"comment_status":"closed","ping_status":"closed","sticky":false,"template":"","format":"standard","meta":{"footnotes":""},"categories":[54],"tags":[4790,4118,2107,6817,1879,50045,50046,1923,36056,38015],"vip":[],"class_list":["post-47874","post","type-post","status-publish","format-standard","has-post-thumbnail","hentry","category-news","tag-facebook","tag-gieffino","tag-grande-fratello","tag-ospedale","tag-roma","tag-sabrina-mbrek","tag-soccorsi","tag-social","tag-tentato-suicidio","tag-vito-mancini"],"yoast_head":"<title>Vito Mancini, le sue parole dopo il tentato suicidio - Gossip.it | News sul Gossip e VIP<\/title>\n<meta name=\"description\" content=\"L&#039;ex gieffino Vito Mancini, ha partecipato alla 12esima edizione del reality di Canale 5, al centro della cronaca per un tentato suicidio.\u00a0Secondo quanto\" \/>\n<meta name=\"robots\" content=\"index, follow, max-snippet:-1, max-image-preview:large, max-video-preview:-1\" \/>\n<link rel=\"canonical\" href=\"https:\/\/www.gossip.it\/news\/vito-mancini-le-sue-parole-dopo-il-tentato-suicidio\/\" \/>\n<meta property=\"og:locale\" content=\"it_IT\" \/>\n<meta property=\"og:type\" content=\"article\" \/>\n<meta property=\"og:title\" content=\"Vito Mancini, le sue parole dopo il tentato suicidio - Gossip.it | News sul Gossip e VIP\" \/>\n<meta property=\"og:description\" content=\"L&#039;ex gieffino Vito Mancini, ha partecipato alla 12esima edizione del reality di Canale 5, al centro della cronaca per un tentato suicidio.\u00a0Secondo quanto\" \/>\n<meta property=\"og:url\" content=\"https:\/\/www.gossip.it\/news\/vito-mancini-le-sue-parole-dopo-il-tentato-suicidio\/\" \/>\n<meta property=\"og:site_name\" content=\"Gossip.it | News sul Gossip e VIP\" \/>\n<meta property=\"article:publisher\" content=\"https:\/\/www.facebook.com\/GossipIT\" \/>\n<meta property=\"article:published_time\" content=\"2014-06-30T22:00:00+00:00\" \/>\n<meta property=\"og:image\" content=\"http:\/\/files.gossip.it\/immagini_news\/2014\/07\/1404217975_1-10.jpg\" \/>\n<meta name=\"author\" content=\"La Redazione\" \/>\n<meta name=\"twitter:card\" content=\"summary_large_image\" \/>\n<meta name=\"twitter:image\" content=\"http:\/\/files.gossip.it\/immagini_news\/2014\/07\/1404217975_1-10.jpg\" \/>\n<meta name=\"twitter:creator\" content=\"@gossinews_it\" \/>\n<meta name=\"twitter:site\" content=\"@gossinews_it\" \/>\n<meta name=\"twitter:label1\" content=\"Scritto da\" \/>\n\t<meta name=\"twitter:data1\" content=\"Francesca Romana Domenici\" \/>\n\t<meta name=\"twitter:label2\" content=\"Tempo di lettura stimato\" \/>\n\t<meta name=\"twitter:data2\" content=\"2 minuti\" \/>","yoast_head_json":{"title":"Vito Mancini, le sue parole dopo il tentato suicidio - Gossip.it | News sul Gossip e VIP","description":"L'ex gieffino Vito Mancini, ha partecipato alla 12esima edizione del reality di Canale 5, al centro della cronaca per un tentato suicidio.\u00a0Secondo quanto","robots":{"index":"index","follow":"follow","max-snippet":"max-snippet:-1","max-image-preview":"max-image-preview:large","max-video-preview":"max-video-preview:-1"},"canonical":"https:\/\/www.gossip.it\/news\/vito-mancini-le-sue-parole-dopo-il-tentato-suicidio\/","og_locale":"it_IT","og_type":"article","og_title":"Vito Mancini, le sue parole dopo il tentato suicidio - Gossip.it | News sul Gossip e VIP","og_description":"L'ex gieffino Vito Mancini, ha partecipato alla 12esima edizione del reality di Canale 5, al centro della cronaca per un tentato suicidio.\u00a0Secondo quanto","og_url":"https:\/\/www.gossip.it\/news\/vito-mancini-le-sue-parole-dopo-il-tentato-suicidio\/","og_site_name":"Gossip.it | News sul Gossip e VIP","article_publisher":"https:\/\/www.facebook.com\/GossipIT","article_published_time":"2014-06-30T22:00:00+00:00","og_image":[{"url":"http:\/\/files.gossip.it\/immagini_news\/2014\/07\/1404217975_1-10.jpg"}],"author":"La Redazione","twitter_card":"summary_large_image","twitter_image":"http:\/\/files.gossip.it\/immagini_news\/2014\/07\/1404217975_1-10.jpg","twitter_creator":"@gossinews_it","twitter_site":"@gossinews_it","twitter_misc":{"Scritto da":"Francesca Romana Domenici","Tempo di lettura stimato":"2 minuti"},"schema":{"@context":"https:\/\/schema.org","@graph":[{"@type":"Article","@id":"https:\/\/www.gossip.it\/news\/vito-mancini-le-sue-parole-dopo-il-tentato-suicidio\/#article","isPartOf":{"@id":"https:\/\/www.gossip.it\/news\/vito-mancini-le-sue-parole-dopo-il-tentato-suicidio\/"},"author":{"name":"La Redazione","@id":"https:\/\/www.gossip.it\/#\/schema\/person\/488896f75158bff1cc83c6c39d141110"},"headline":"Vito Mancini, le sue parole dopo il tentato suicidio","datePublished":"2014-06-30T22:00:00+00:00","dateModified":"2014-06-30T22:00:00+00:00","mainEntityOfPage":{"@id":"https:\/\/www.gossip.it\/news\/vito-mancini-le-sue-parole-dopo-il-tentato-suicidio\/"},"wordCount":387,"publisher":{"@id":"https:\/\/www.gossip.it\/#organization"},"image":{"@id":"https:\/\/www.gossip.it\/news\/vito-mancini-le-sue-parole-dopo-il-tentato-suicidio\/#primaryimage"},"thumbnailUrl":"http:\/\/files.gossip.it\/immagini_news\/2014\/07\/1404217975_1-10.jpg","keywords":["facebook","gieffino","grande fratello","ospedale","roma","sabrina mbrek","soccorsi","social","tentato suicidio","vito mancini"],"articleSection":["News"],"inLanguage":"it-IT"},{"@type":"WebPage","@id":"https:\/\/www.gossip.it\/news\/vito-mancini-le-sue-parole-dopo-il-tentato-suicidio\/","url":"https:\/\/www.gossip.it\/news\/vito-mancini-le-sue-parole-dopo-il-tentato-suicidio\/","name":"Vito Mancini, le sue parole dopo il tentato suicidio - Gossip.it | News sul Gossip e VIP","isPartOf":{"@id":"https:\/\/www.gossip.it\/#website"},"primaryImageOfPage":{"@id":"https:\/\/www.gossip.it\/news\/vito-mancini-le-sue-parole-dopo-il-tentato-suicidio\/#primaryimage"},"image":{"@id":"https:\/\/www.gossip.it\/news\/vito-mancini-le-sue-parole-dopo-il-tentato-suicidio\/#primaryimage"},"thumbnailUrl":"http:\/\/files.gossip.it\/immagini_news\/2014\/07\/1404217975_1-10.jpg","datePublished":"2014-06-30T22:00:00+00:00","dateModified":"2014-06-30T22:00:00+00:00","description":"L'ex gieffino Vito Mancini, ha partecipato alla 12esima edizione del reality di Canale 5, al centro della cronaca per un tentato suicidio.\u00a0Secondo quanto","breadcrumb":{"@id":"https:\/\/www.gossip.it\/news\/vito-mancini-le-sue-parole-dopo-il-tentato-suicidio\/#breadcrumb"},"inLanguage":"it-IT","potentialAction":[{"@type":"ReadAction","target":["https:\/\/www.gossip.it\/news\/vito-mancini-le-sue-parole-dopo-il-tentato-suicidio\/"]}]},{"@type":"ImageObject","inLanguage":"it-IT","@id":"https:\/\/www.gossip.it\/news\/vito-mancini-le-sue-parole-dopo-il-tentato-suicidio\/#primaryimage","url":"http:\/\/files.gossip.it\/immagini_news\/2014\/07\/1404217975_1-10.jpg","contentUrl":"http:\/\/files.gossip.it\/immagini_news\/2014\/07\/1404217975_1-10.jpg"},{"@type":"BreadcrumbList","@id":"https:\/\/www.gossip.it\/news\/vito-mancini-le-sue-parole-dopo-il-tentato-suicidio\/#breadcrumb","itemListElement":[{"@type":"ListItem","position":1,"name":"Home","item":"https:\/\/www.gossip.it\/"},{"@type":"ListItem","position":2,"name":"Vito Mancini, le sue parole dopo il tentato suicidio"}]},{"@type":"WebSite","@id":"https:\/\/www.gossip.it\/#website","url":"https:\/\/www.gossip.it\/","name":"Gossip and VIP News","description":"Quotidiano di cronaca rosa, costume e societ\u00e0","publisher":{"@id":"https:\/\/www.gossip.it\/#organization"},"alternateName":"Gossip and VIP News","potentialAction":[{"@type":"SearchAction","target":{"@type":"EntryPoint","urlTemplate":"https:\/\/www.gossip.it\/?s={search_term_string}"},"query-input":{"@type":"PropertyValueSpecification","valueRequired":true,"valueName":"search_term_string"}}],"inLanguage":"it-IT"},{"@type":"Organization","@id":"https:\/\/www.gossip.it\/#organization","name":"Gossip and VIP News","alternateName":"Gossip News","url":"https:\/\/www.gossip.it\/","logo":{"@type":"ImageObject","inLanguage":"it-IT","@id":"https:\/\/www.gossip.it\/#\/schema\/logo\/image\/","url":"https:\/\/www.gossip.it\/wp-content\/uploads\/2022\/04\/cropped-corna-alta-tiny.png","contentUrl":"https:\/\/www.gossip.it\/wp-content\/uploads\/2022\/04\/cropped-corna-alta-tiny.png","width":512,"height":512,"caption":"Gossip and VIP News"},"image":{"@id":"https:\/\/www.gossip.it\/#\/schema\/logo\/image\/"},"sameAs":["https:\/\/www.facebook.com\/GossipIT","https:\/\/x.com\/gossinews_it","https:\/\/instagram.com\/gossip_it"]},{"@type":"Person","@id":"https:\/\/www.gossip.it\/#\/schema\/person\/488896f75158bff1cc83c6c39d141110","name":"La Redazione","image":{"@type":"ImageObject","inLanguage":"it-IT","@id":"https:\/\/www.gossip.it\/#\/schema\/person\/image\/","url":"https:\/\/secure.gravatar.com\/avatar\/5a5f5c6fa3e6700e4249abdad0263a1e94e927d9e0499b1cb09c1cd29c044d80?s=96&d=mm&r=g","contentUrl":"https:\/\/secure.gravatar.com\/avatar\/5a5f5c6fa3e6700e4249abdad0263a1e94e927d9e0499b1cb09c1cd29c044d80?s=96&d=mm&r=g","caption":"La Redazione"},"sameAs":["https:\/\/www.gossip.it"]}]}},"amp_enabled":true,"_links":{"self":[{"href":"https:\/\/www.gossip.it\/api\/wp\/v2\/posts\/47874","targetHints":{"allow":["GET"]}}],"collection":[{"href":"https:\/\/www.gossip.it\/api\/wp\/v2\/posts"}],"about":[{"href":"https:\/\/www.gossip.it\/api\/wp\/v2\/types\/post"}],"author":[{"embeddable":true,"href":"https:\/\/www.gossip.it\/api\/wp\/v2\/users\/1"}],"replies":[{"embeddable":true,"href":"https:\/\/www.gossip.it\/api\/wp\/v2\/comments?post=47874"}],"version-history":[{"count":0,"href":"https:\/\/www.gossip.it\/api\/wp\/v2\/posts\/47874\/revisions"}],"wp:featuredmedia":[{"embeddable":true,"href":"https:\/\/www.gossip.it\/api\/wp\/v2\/media\/103920"}],"wp:attachment":[{"href":"https:\/\/www.gossip.it\/api\/wp\/v2\/media?parent=47874"}],"wp:term":[{"taxonomy":"category","embeddable":true,"href":"https:\/\/www.gossip.it\/api\/wp\/v2\/categories?post=47874"},{"taxonomy":"post_tag","embeddable":true,"href":"https:\/\/www.gossip.it\/api\/wp\/v2\/tags?post=47874"},{"taxonomy":"vip","embeddable":true,"href":"https:\/\/www.gossip.it\/api\/wp\/v2\/vip?post=47874"}],"curies":[{"name":"wp","href":"https:\/\/api.w.org\/{rel}","templated":true}]}}