{"id":47949,"date":"2014-07-04T00:00:00","date_gmt":"2014-07-03T22:00:00","guid":{"rendered":"https:\/\/www.gossip.it\/senza-categoria\/ale-amoroso-un-tatto-per-l-amore-eterno\/"},"modified":"2014-07-04T00:00:00","modified_gmt":"2014-07-03T22:00:00","slug":"ale-amoroso-un-tatto-per-l-amore-eterno","status":"publish","type":"post","link":"https:\/\/www.gossip.it\/news\/ale-amoroso-un-tatto-per-l-amore-eterno\/","title":{"rendered":"Ale Amoroso, un tatto per l'amore eterno"},"content":{"rendered":"<p>La storia con <a href=\"http:\/\/www.gossip.it\/news\/monografia.php?keyword=Luca De Salvatore\">Luca De Salvatore<\/a> \u00e8 giunta al capolinea. <a href=\"http:\/\/www.gossip.it\/news\/monografia.php?keyword=Alessandra Amoroso\">Alessandra Amoroso<\/a> lo ha confermato e al settimanale <em>Grazia<\/em> ha anche ammesso di aver vissuto un momento buio:<em> \"C'\u00e8 stato un periodo difficile, doloroso, ma \u00e8 passato<\/em> - ha svelato la <a href=\"http:\/\/www.gossip.it\/news\/monografia.php?keyword=cantante\">cantante<\/a> salentina - <em>Ho ritrovato il mio equilibrio. Sono rimasta col mio bellissimo cane Buddy e mi sento serena. Anche Luca \u00e8 sereno. La scelta di non farlo comparire in video l'abbiamo presa insieme. E' meglio cos\u00ec, siamo due adulti che hanno deciso di affrontare la vita in modo diverso. L'affetto che ci unisce non si perder\u00e0. Non c'\u00e8 una regola. L'importante \u00e8 essere onesta e poi fa parte del mio carattere. Non lascio alle spella rapporti umani importanti. Mi sono affezionata anche alla sua famiglia. mantengo i legami serpe accesi\"<\/em>.<\/p>\n<p>Va avanti Alessandra e guarda al lato positivo della vita:<em> \"Penso a quello che mi fa star bene, i problemi gravi sono altri<\/em> - ha affermato - <em>Sano egoismo? L'intento \u00e8 questo, per\u00f2 poi tanto non ci riesco. Sono fatta per essere generosa con le persone a cui voglio bene\"<\/em>. In un periodo di cambiamento cos\u00ec forte nella sfera privata, con Luca stavano insieme da tanti anni, l'ex di <b>\"Amici\"<\/b> ha deciso di farsi dei <a href=\"http:\/\/www.gossip.it\/news\/monografia.php?keyword=tattoo\">tattoo<\/a> dedicati a come vorrebbe la sua vita in futuro:<em> \"<b>Ho fatto tre tatuaggi a forma di nuvoletta<\/b><\/em> - ha rivelato - <em><b>In uno sono disegnati due sposi, nel secondo c'\u00e8 una donna incinta e infine nel terzo due tombe: i due si sono amati per tutta la vita e sono rimasti insieme anche dopo. E' il mio sogno, vorrei avere una storia come quella dei mie nonni, che stanno insieme da 68 anni e sono sposati da 63. Ho solo 27 anni, magari domani incontro l'uomo della mia vita e dopodomani me lo sposo<\/b>\"<\/em>.<\/p>\n","protected":false},"excerpt":{"rendered":"<p>La storia con Luca De Salvatore \u00e8 giunta al capolinea. Alessandra Amoroso lo ha confermato e al settimanale Grazia ha anche ammesso di aver vissuto un momento buio: \"C'\u00e8 stato un periodo difficile, doloroso, ma \u00e8 passato - ha svelato la cantante salentina - Ho ritrovato il mio equilibrio. Sono rimasta col mio bellissimo cane [&hellip;]<\/p>\n","protected":false},"author":1,"featured_media":103995,"comment_status":"closed","ping_status":"closed","sticky":false,"template":"","format":"standard","meta":{"footnotes":""},"categories":[54],"tags":[1909,2387,1981,2172,2102,34084,3739,2900],"vip":[247],"class_list":["post-47949","post","type-post","status-publish","format-standard","has-post-thumbnail","hentry","category-news","tag-amici","tag-amore","tag-cantante","tag-convivenza","tag-dichiarazioni","tag-luca-de-salvatore","tag-principe-azzurro","tag-single","vip-alessandra_amoroso"],"yoast_head":"<title>Ale Amoroso, un tatto per l&#039;amore eterno - Gossip.it | News sul Gossip e VIP<\/title>\n<meta name=\"description\" content=\"La storia con Luca De Salvatore \u00e8 giunta al capolinea. Alessandra Amoroso lo ha confermato e al settimanale Grazia ha anche ammesso di aver vissuto un\" \/>\n<meta name=\"robots\" content=\"index, follow, max-snippet:-1, max-image-preview:large, max-video-preview:-1\" \/>\n<link rel=\"canonical\" href=\"https:\/\/www.gossip.it\/news\/ale-amoroso-un-tatto-per-l-amore-eterno\/\" \/>\n<meta property=\"og:locale\" content=\"it_IT\" \/>\n<meta property=\"og:type\" content=\"article\" \/>\n<meta property=\"og:title\" content=\"Ale Amoroso, un tatto per l&#039;amore eterno - Gossip.it | News sul Gossip e VIP\" \/>\n<meta property=\"og:description\" content=\"La storia con Luca De Salvatore \u00e8 giunta al capolinea. Alessandra Amoroso lo ha confermato e al settimanale Grazia ha anche ammesso di aver vissuto un\" \/>\n<meta property=\"og:url\" content=\"https:\/\/www.gossip.it\/news\/ale-amoroso-un-tatto-per-l-amore-eterno\/\" \/>\n<meta property=\"og:site_name\" content=\"Gossip.it | News sul Gossip e VIP\" \/>\n<meta property=\"article:publisher\" content=\"https:\/\/www.facebook.com\/GossipIT\" \/>\n<meta property=\"article:published_time\" content=\"2014-07-03T22:00:00+00:00\" \/>\n<meta property=\"og:image\" content=\"http:\/\/www.gossip.it\/images5\/1404465308_.jpg\" \/>\n<meta name=\"author\" content=\"La Redazione\" \/>\n<meta name=\"twitter:card\" content=\"summary_large_image\" \/>\n<meta name=\"twitter:image\" content=\"http:\/\/www.gossip.it\/images5\/1404465308_.jpg\" \/>\n<meta name=\"twitter:creator\" content=\"@gossinews_it\" \/>\n<meta name=\"twitter:site\" content=\"@gossinews_it\" \/>\n<meta name=\"twitter:label1\" content=\"Scritto da\" \/>\n\t<meta name=\"twitter:data1\" content=\"Francesca Romana Domenici\" \/>\n\t<meta name=\"twitter:label2\" content=\"Tempo di lettura stimato\" \/>\n\t<meta name=\"twitter:data2\" content=\"1 minuto\" \/>","yoast_head_json":{"title":"Ale Amoroso, un tatto per l'amore eterno - Gossip.it | News sul Gossip e VIP","description":"La storia con Luca De Salvatore \u00e8 giunta al capolinea. Alessandra Amoroso lo ha confermato e al settimanale Grazia ha anche ammesso di aver vissuto un","robots":{"index":"index","follow":"follow","max-snippet":"max-snippet:-1","max-image-preview":"max-image-preview:large","max-video-preview":"max-video-preview:-1"},"canonical":"https:\/\/www.gossip.it\/news\/ale-amoroso-un-tatto-per-l-amore-eterno\/","og_locale":"it_IT","og_type":"article","og_title":"Ale Amoroso, un tatto per l'amore eterno - Gossip.it | News sul Gossip e VIP","og_description":"La storia con Luca De Salvatore \u00e8 giunta al capolinea. Alessandra Amoroso lo ha confermato e al settimanale Grazia ha anche ammesso di aver vissuto un","og_url":"https:\/\/www.gossip.it\/news\/ale-amoroso-un-tatto-per-l-amore-eterno\/","og_site_name":"Gossip.it | News sul Gossip e VIP","article_publisher":"https:\/\/www.facebook.com\/GossipIT","article_published_time":"2014-07-03T22:00:00+00:00","og_image":[{"url":"http:\/\/www.gossip.it\/images5\/1404465308_.jpg"}],"author":"La Redazione","twitter_card":"summary_large_image","twitter_image":"http:\/\/www.gossip.it\/images5\/1404465308_.jpg","twitter_creator":"@gossinews_it","twitter_site":"@gossinews_it","twitter_misc":{"Scritto da":"Francesca Romana Domenici","Tempo di lettura stimato":"1 minuto"},"schema":{"@context":"https:\/\/schema.org","@graph":[{"@type":"Article","@id":"https:\/\/www.gossip.it\/news\/ale-amoroso-un-tatto-per-l-amore-eterno\/#article","isPartOf":{"@id":"https:\/\/www.gossip.it\/news\/ale-amoroso-un-tatto-per-l-amore-eterno\/"},"author":{"name":"La Redazione","@id":"https:\/\/www.gossip.it\/#\/schema\/person\/488896f75158bff1cc83c6c39d141110"},"headline":"Ale Amoroso, un tatto per l'amore eterno","datePublished":"2014-07-03T22:00:00+00:00","dateModified":"2014-07-03T22:00:00+00:00","mainEntityOfPage":{"@id":"https:\/\/www.gossip.it\/news\/ale-amoroso-un-tatto-per-l-amore-eterno\/"},"wordCount":308,"publisher":{"@id":"https:\/\/www.gossip.it\/#organization"},"image":{"@id":"https:\/\/www.gossip.it\/news\/ale-amoroso-un-tatto-per-l-amore-eterno\/#primaryimage"},"thumbnailUrl":"http:\/\/www.gossip.it\/images5\/1404465308_.jpg","keywords":["amici","amore","cantante","convivenza","dichiarazioni","luca de salvatore","principe azzurro","single"],"articleSection":["News"],"inLanguage":"it-IT"},{"@type":"WebPage","@id":"https:\/\/www.gossip.it\/news\/ale-amoroso-un-tatto-per-l-amore-eterno\/","url":"https:\/\/www.gossip.it\/news\/ale-amoroso-un-tatto-per-l-amore-eterno\/","name":"Ale Amoroso, un tatto per l'amore eterno - Gossip.it | News sul Gossip e VIP","isPartOf":{"@id":"https:\/\/www.gossip.it\/#website"},"primaryImageOfPage":{"@id":"https:\/\/www.gossip.it\/news\/ale-amoroso-un-tatto-per-l-amore-eterno\/#primaryimage"},"image":{"@id":"https:\/\/www.gossip.it\/news\/ale-amoroso-un-tatto-per-l-amore-eterno\/#primaryimage"},"thumbnailUrl":"http:\/\/www.gossip.it\/images5\/1404465308_.jpg","datePublished":"2014-07-03T22:00:00+00:00","dateModified":"2014-07-03T22:00:00+00:00","description":"La storia con Luca De Salvatore \u00e8 giunta al capolinea. Alessandra Amoroso lo ha confermato e al settimanale Grazia ha anche ammesso di aver vissuto un","breadcrumb":{"@id":"https:\/\/www.gossip.it\/news\/ale-amoroso-un-tatto-per-l-amore-eterno\/#breadcrumb"},"inLanguage":"it-IT","potentialAction":[{"@type":"ReadAction","target":["https:\/\/www.gossip.it\/news\/ale-amoroso-un-tatto-per-l-amore-eterno\/"]}]},{"@type":"ImageObject","inLanguage":"it-IT","@id":"https:\/\/www.gossip.it\/news\/ale-amoroso-un-tatto-per-l-amore-eterno\/#primaryimage","url":"http:\/\/www.gossip.it\/images5\/1404465308_.jpg","contentUrl":"http:\/\/www.gossip.it\/images5\/1404465308_.jpg"},{"@type":"BreadcrumbList","@id":"https:\/\/www.gossip.it\/news\/ale-amoroso-un-tatto-per-l-amore-eterno\/#breadcrumb","itemListElement":[{"@type":"ListItem","position":1,"name":"Home","item":"https:\/\/www.gossip.it\/"},{"@type":"ListItem","position":2,"name":"Ale Amoroso, un tatto per l'amore eterno"}]},{"@type":"WebSite","@id":"https:\/\/www.gossip.it\/#website","url":"https:\/\/www.gossip.it\/","name":"Gossip and VIP News","description":"Quotidiano di cronaca rosa, costume e societ\u00e0","publisher":{"@id":"https:\/\/www.gossip.it\/#organization"},"alternateName":"Gossip and VIP News","potentialAction":[{"@type":"SearchAction","target":{"@type":"EntryPoint","urlTemplate":"https:\/\/www.gossip.it\/?s={search_term_string}"},"query-input":{"@type":"PropertyValueSpecification","valueRequired":true,"valueName":"search_term_string"}}],"inLanguage":"it-IT"},{"@type":"Organization","@id":"https:\/\/www.gossip.it\/#organization","name":"Gossip and VIP News","alternateName":"Gossip News","url":"https:\/\/www.gossip.it\/","logo":{"@type":"ImageObject","inLanguage":"it-IT","@id":"https:\/\/www.gossip.it\/#\/schema\/logo\/image\/","url":"https:\/\/www.gossip.it\/wp-content\/uploads\/2022\/04\/cropped-corna-alta-tiny.png","contentUrl":"https:\/\/www.gossip.it\/wp-content\/uploads\/2022\/04\/cropped-corna-alta-tiny.png","width":512,"height":512,"caption":"Gossip and VIP News"},"image":{"@id":"https:\/\/www.gossip.it\/#\/schema\/logo\/image\/"},"sameAs":["https:\/\/www.facebook.com\/GossipIT","https:\/\/x.com\/gossinews_it","https:\/\/instagram.com\/gossip_it"]},{"@type":"Person","@id":"https:\/\/www.gossip.it\/#\/schema\/person\/488896f75158bff1cc83c6c39d141110","name":"La Redazione","image":{"@type":"ImageObject","inLanguage":"it-IT","@id":"https:\/\/www.gossip.it\/#\/schema\/person\/image\/","url":"https:\/\/secure.gravatar.com\/avatar\/5a5f5c6fa3e6700e4249abdad0263a1e94e927d9e0499b1cb09c1cd29c044d80?s=96&d=mm&r=g","contentUrl":"https:\/\/secure.gravatar.com\/avatar\/5a5f5c6fa3e6700e4249abdad0263a1e94e927d9e0499b1cb09c1cd29c044d80?s=96&d=mm&r=g","caption":"La Redazione"},"sameAs":["https:\/\/www.gossip.it"]}]}},"amp_enabled":true,"_links":{"self":[{"href":"https:\/\/www.gossip.it\/api\/wp\/v2\/posts\/47949","targetHints":{"allow":["GET"]}}],"collection":[{"href":"https:\/\/www.gossip.it\/api\/wp\/v2\/posts"}],"about":[{"href":"https:\/\/www.gossip.it\/api\/wp\/v2\/types\/post"}],"author":[{"embeddable":true,"href":"https:\/\/www.gossip.it\/api\/wp\/v2\/users\/1"}],"replies":[{"embeddable":true,"href":"https:\/\/www.gossip.it\/api\/wp\/v2\/comments?post=47949"}],"version-history":[{"count":0,"href":"https:\/\/www.gossip.it\/api\/wp\/v2\/posts\/47949\/revisions"}],"wp:featuredmedia":[{"embeddable":true,"href":"https:\/\/www.gossip.it\/api\/wp\/v2\/media\/103995"}],"wp:attachment":[{"href":"https:\/\/www.gossip.it\/api\/wp\/v2\/media?parent=47949"}],"wp:term":[{"taxonomy":"category","embeddable":true,"href":"https:\/\/www.gossip.it\/api\/wp\/v2\/categories?post=47949"},{"taxonomy":"post_tag","embeddable":true,"href":"https:\/\/www.gossip.it\/api\/wp\/v2\/tags?post=47949"},{"taxonomy":"vip","embeddable":true,"href":"https:\/\/www.gossip.it\/api\/wp\/v2\/vip?post=47949"}],"curies":[{"name":"wp","href":"https:\/\/api.w.org\/{rel}","templated":true}]}}