{"id":48102,"date":"2014-07-10T00:00:00","date_gmt":"2014-07-09T22:00:00","guid":{"rendered":"https:\/\/www.gossip.it\/senza-categoria\/carolina-marcialis-al-forte-village\/"},"modified":"2014-07-10T00:00:00","modified_gmt":"2014-07-09T22:00:00","slug":"carolina-marcialis-al-forte-village","status":"publish","type":"post","link":"https:\/\/www.gossip.it\/news\/carolina-marcialis-al-forte-village\/","title":{"rendered":"Carolina Marcialis al Forte Village"},"content":{"rendered":"<p>In Brasile, al Mondiale, al seguito del marito, <a href=\"http:\/\/www.gossip.it\/news\/monografia.php?keyword=Antonio Cassano\">Antonio Cassano<\/a>, convocato da <a href=\"http:\/\/www.gossip.it\/news\/monografia.php?keyword=Cesare Prandelli\">Cesare Prandelli<\/a> in Nazionale, si \u00e8 divertita moltissimo, facendo conoscere e esplorando lei stessa luoghi finora sconosciuti. Pur con l'<strong>Italia<\/strong> uscita subito, \u00e8 stata un'esperienza bellissima. Ora, per\u00f2, <a href=\"http:\/\/www.gossip.it\/news\/monografia.php?keyword=Carolina Marcialis\">Carolina Marcialis<\/a> \u00e8 finalmente in vacanza, quella vera, senza allenamenti di <a href=\"http:\/\/www.gossip.it\/news\/monografia.php?keyword=Fantantonio\">Fantantonio<\/a>. L'ex giocatrice di pallanuoto e il <a href=\"http:\/\/www.gossip.it\/news\/monografia.php?keyword=calciatore\">calciatore<\/a> del <strong>Parma<\/strong>, che pare proprio Prandelli voglia portare alla corte del <strong>Galatasaray<\/strong>, squadra di cui \u00e8 diventato allenatore nei giorni scorsi, sono volati in Sardegna insieme ai due figli, <strong>Christopher<\/strong>, nato il 14 aprile 2011, e <strong>Lionel<\/strong>, venuto al mondo il 18 marzo 2013.<\/p>\n<figure class=\"caption\"><img decoding=\"async\" alt=\"\" width=\"620\" height=\"484\" src=\"http:\/\/files.gossip.it\/immagini_news\/2014\/07\/1405005506_mar.jpg\" \/><figcaption>Carolina Marcialis in vacanza al Forte Village, in Sardegna, va in bici con un'amica<\/figcaption><\/figure>\n<p>Su <em>Twitter<\/em> Carolina ha postato un'immagine in cui \u00e8 ritratta bellissima e abbronzata, con indosso shorts cortissimi e canottiera bianca, con le ciabatte infradito ai piedi, in bici. Tonica e sorridente, senza un filo di trucco, la biondina \u00e8 assolutamente <em>'cool'<\/em>. Dietro di lei, seduta sul sellino, l'amica <strong>Federica Pastore<\/strong>.<em> \"#love #myfriend #bike #fortevillage #sardegna #summer\"<\/em>, ha cinguettato la Marcialis entusiasta della pausa al caldo di un'isola che da tempo l'ha conquistata. L'estate \u00e8 favolosa, insieme ai suoi cari perfetta. Non potrebbe davvero desiderare altro.<\/p>\n<p>\u00a0<\/p>\n","protected":false},"excerpt":{"rendered":"<p>In Brasile, al Mondiale, al seguito del marito, Antonio Cassano, convocato da Cesare Prandelli in Nazionale, si \u00e8 divertita moltissimo, facendo conoscere e esplorando lei stessa luoghi finora sconosciuti. Pur con l'Italia uscita subito, \u00e8 stata un'esperienza bellissima. Ora, per\u00f2, Carolina Marcialis \u00e8 finalmente in vacanza, quella vera, senza allenamenti di Fantantonio. L'ex giocatrice di [&hellip;]<\/p>\n","protected":false},"author":1,"featured_media":104148,"comment_status":"closed","ping_status":"closed","sticky":false,"template":"","format":"standard","meta":{"footnotes":""},"categories":[54],"tags":[2218,7707,5544,9201,3220,1923,7346,2978],"vip":[356,460],"class_list":["post-48102","post","type-post","status-publish","format-standard","has-post-thumbnail","hentry","category-news","tag-calciatore","tag-christopher","tag-inter","tag-lionel","tag-sardegna","tag-social","tag-twitter","tag-vacanze","vip-antonio_cassano","vip-carolina_marcialis"],"yoast_head":"<title>Carolina Marcialis al Forte Village - Gossip.it | News sul Gossip e VIP<\/title>\n<meta name=\"description\" content=\"In Brasile, al Mondiale, al seguito del marito, Antonio Cassano, convocato da Cesare Prandelli in Nazionale, si \u00e8 divertita moltissimo, facendo conoscere\" \/>\n<meta name=\"robots\" content=\"index, follow, max-snippet:-1, max-image-preview:large, max-video-preview:-1\" \/>\n<link rel=\"canonical\" href=\"https:\/\/www.gossip.it\/news\/carolina-marcialis-al-forte-village\/\" \/>\n<meta property=\"og:locale\" content=\"it_IT\" \/>\n<meta property=\"og:type\" content=\"article\" \/>\n<meta property=\"og:title\" content=\"Carolina Marcialis al Forte Village - Gossip.it | News sul Gossip e VIP\" \/>\n<meta property=\"og:description\" content=\"In Brasile, al Mondiale, al seguito del marito, Antonio Cassano, convocato da Cesare Prandelli in Nazionale, si \u00e8 divertita moltissimo, facendo conoscere\" \/>\n<meta property=\"og:url\" content=\"https:\/\/www.gossip.it\/news\/carolina-marcialis-al-forte-village\/\" \/>\n<meta property=\"og:site_name\" content=\"Gossip.it | News sul Gossip e VIP\" \/>\n<meta property=\"article:publisher\" content=\"https:\/\/www.facebook.com\/GossipIT\" \/>\n<meta property=\"article:published_time\" content=\"2014-07-09T22:00:00+00:00\" \/>\n<meta property=\"og:image\" content=\"http:\/\/files.gossip.it\/immagini_news\/2014\/07\/1405005506_mar.jpg\" \/>\n<meta name=\"author\" content=\"La Redazione\" \/>\n<meta name=\"twitter:card\" content=\"summary_large_image\" \/>\n<meta name=\"twitter:image\" content=\"http:\/\/files.gossip.it\/immagini_news\/2014\/07\/1405005506_mar.jpg\" \/>\n<meta name=\"twitter:creator\" content=\"@gossinews_it\" \/>\n<meta name=\"twitter:site\" content=\"@gossinews_it\" \/>\n<meta name=\"twitter:label1\" content=\"Scritto da\" \/>\n\t<meta name=\"twitter:data1\" content=\"Annamaria Capozzi\" \/>\n\t<meta name=\"twitter:label2\" content=\"Tempo di lettura stimato\" \/>\n\t<meta name=\"twitter:data2\" content=\"1 minuto\" \/>","yoast_head_json":{"title":"Carolina Marcialis al Forte Village - Gossip.it | News sul Gossip e VIP","description":"In Brasile, al Mondiale, al seguito del marito, Antonio Cassano, convocato da Cesare Prandelli in Nazionale, si \u00e8 divertita moltissimo, facendo conoscere","robots":{"index":"index","follow":"follow","max-snippet":"max-snippet:-1","max-image-preview":"max-image-preview:large","max-video-preview":"max-video-preview:-1"},"canonical":"https:\/\/www.gossip.it\/news\/carolina-marcialis-al-forte-village\/","og_locale":"it_IT","og_type":"article","og_title":"Carolina Marcialis al Forte Village - Gossip.it | News sul Gossip e VIP","og_description":"In Brasile, al Mondiale, al seguito del marito, Antonio Cassano, convocato da Cesare Prandelli in Nazionale, si \u00e8 divertita moltissimo, facendo conoscere","og_url":"https:\/\/www.gossip.it\/news\/carolina-marcialis-al-forte-village\/","og_site_name":"Gossip.it | News sul Gossip e VIP","article_publisher":"https:\/\/www.facebook.com\/GossipIT","article_published_time":"2014-07-09T22:00:00+00:00","og_image":[{"url":"http:\/\/files.gossip.it\/immagini_news\/2014\/07\/1405005506_mar.jpg"}],"author":"La Redazione","twitter_card":"summary_large_image","twitter_image":"http:\/\/files.gossip.it\/immagini_news\/2014\/07\/1405005506_mar.jpg","twitter_creator":"@gossinews_it","twitter_site":"@gossinews_it","twitter_misc":{"Scritto da":"Annamaria Capozzi","Tempo di lettura stimato":"1 minuto"},"schema":{"@context":"https:\/\/schema.org","@graph":[{"@type":"Article","@id":"https:\/\/www.gossip.it\/news\/carolina-marcialis-al-forte-village\/#article","isPartOf":{"@id":"https:\/\/www.gossip.it\/news\/carolina-marcialis-al-forte-village\/"},"author":{"name":"La Redazione","@id":"https:\/\/www.gossip.it\/#\/schema\/person\/488896f75158bff1cc83c6c39d141110"},"headline":"Carolina Marcialis al Forte Village","datePublished":"2014-07-09T22:00:00+00:00","dateModified":"2014-07-09T22:00:00+00:00","mainEntityOfPage":{"@id":"https:\/\/www.gossip.it\/news\/carolina-marcialis-al-forte-village\/"},"wordCount":205,"publisher":{"@id":"https:\/\/www.gossip.it\/#organization"},"image":{"@id":"https:\/\/www.gossip.it\/news\/carolina-marcialis-al-forte-village\/#primaryimage"},"thumbnailUrl":"http:\/\/files.gossip.it\/immagini_news\/2014\/07\/1405005506_mar.jpg","keywords":["calciatore","christopher","inter","lionel","sardegna","social","twitter","vacanze"],"articleSection":["News"],"inLanguage":"it-IT"},{"@type":"WebPage","@id":"https:\/\/www.gossip.it\/news\/carolina-marcialis-al-forte-village\/","url":"https:\/\/www.gossip.it\/news\/carolina-marcialis-al-forte-village\/","name":"Carolina Marcialis al Forte Village - Gossip.it | News sul Gossip e VIP","isPartOf":{"@id":"https:\/\/www.gossip.it\/#website"},"primaryImageOfPage":{"@id":"https:\/\/www.gossip.it\/news\/carolina-marcialis-al-forte-village\/#primaryimage"},"image":{"@id":"https:\/\/www.gossip.it\/news\/carolina-marcialis-al-forte-village\/#primaryimage"},"thumbnailUrl":"http:\/\/files.gossip.it\/immagini_news\/2014\/07\/1405005506_mar.jpg","datePublished":"2014-07-09T22:00:00+00:00","dateModified":"2014-07-09T22:00:00+00:00","description":"In Brasile, al Mondiale, al seguito del marito, Antonio Cassano, convocato da Cesare Prandelli in Nazionale, si \u00e8 divertita moltissimo, facendo conoscere","breadcrumb":{"@id":"https:\/\/www.gossip.it\/news\/carolina-marcialis-al-forte-village\/#breadcrumb"},"inLanguage":"it-IT","potentialAction":[{"@type":"ReadAction","target":["https:\/\/www.gossip.it\/news\/carolina-marcialis-al-forte-village\/"]}]},{"@type":"ImageObject","inLanguage":"it-IT","@id":"https:\/\/www.gossip.it\/news\/carolina-marcialis-al-forte-village\/#primaryimage","url":"http:\/\/files.gossip.it\/immagini_news\/2014\/07\/1405005506_mar.jpg","contentUrl":"http:\/\/files.gossip.it\/immagini_news\/2014\/07\/1405005506_mar.jpg"},{"@type":"BreadcrumbList","@id":"https:\/\/www.gossip.it\/news\/carolina-marcialis-al-forte-village\/#breadcrumb","itemListElement":[{"@type":"ListItem","position":1,"name":"Home","item":"https:\/\/www.gossip.it\/"},{"@type":"ListItem","position":2,"name":"Carolina Marcialis al Forte Village"}]},{"@type":"WebSite","@id":"https:\/\/www.gossip.it\/#website","url":"https:\/\/www.gossip.it\/","name":"Gossip and VIP News","description":"Quotidiano di cronaca rosa, costume e societ\u00e0","publisher":{"@id":"https:\/\/www.gossip.it\/#organization"},"alternateName":"Gossip and VIP News","potentialAction":[{"@type":"SearchAction","target":{"@type":"EntryPoint","urlTemplate":"https:\/\/www.gossip.it\/?s={search_term_string}"},"query-input":{"@type":"PropertyValueSpecification","valueRequired":true,"valueName":"search_term_string"}}],"inLanguage":"it-IT"},{"@type":"Organization","@id":"https:\/\/www.gossip.it\/#organization","name":"Gossip and VIP News","alternateName":"Gossip News","url":"https:\/\/www.gossip.it\/","logo":{"@type":"ImageObject","inLanguage":"it-IT","@id":"https:\/\/www.gossip.it\/#\/schema\/logo\/image\/","url":"https:\/\/www.gossip.it\/wp-content\/uploads\/2022\/04\/cropped-corna-alta-tiny.png","contentUrl":"https:\/\/www.gossip.it\/wp-content\/uploads\/2022\/04\/cropped-corna-alta-tiny.png","width":512,"height":512,"caption":"Gossip and VIP News"},"image":{"@id":"https:\/\/www.gossip.it\/#\/schema\/logo\/image\/"},"sameAs":["https:\/\/www.facebook.com\/GossipIT","https:\/\/x.com\/gossinews_it","https:\/\/instagram.com\/gossip_it"]},{"@type":"Person","@id":"https:\/\/www.gossip.it\/#\/schema\/person\/488896f75158bff1cc83c6c39d141110","name":"La Redazione","image":{"@type":"ImageObject","inLanguage":"it-IT","@id":"https:\/\/www.gossip.it\/#\/schema\/person\/image\/","url":"https:\/\/secure.gravatar.com\/avatar\/5a5f5c6fa3e6700e4249abdad0263a1e94e927d9e0499b1cb09c1cd29c044d80?s=96&d=mm&r=g","contentUrl":"https:\/\/secure.gravatar.com\/avatar\/5a5f5c6fa3e6700e4249abdad0263a1e94e927d9e0499b1cb09c1cd29c044d80?s=96&d=mm&r=g","caption":"La Redazione"},"sameAs":["https:\/\/www.gossip.it"]}]}},"amp_enabled":true,"_links":{"self":[{"href":"https:\/\/www.gossip.it\/api\/wp\/v2\/posts\/48102","targetHints":{"allow":["GET"]}}],"collection":[{"href":"https:\/\/www.gossip.it\/api\/wp\/v2\/posts"}],"about":[{"href":"https:\/\/www.gossip.it\/api\/wp\/v2\/types\/post"}],"author":[{"embeddable":true,"href":"https:\/\/www.gossip.it\/api\/wp\/v2\/users\/1"}],"replies":[{"embeddable":true,"href":"https:\/\/www.gossip.it\/api\/wp\/v2\/comments?post=48102"}],"version-history":[{"count":0,"href":"https:\/\/www.gossip.it\/api\/wp\/v2\/posts\/48102\/revisions"}],"wp:featuredmedia":[{"embeddable":true,"href":"https:\/\/www.gossip.it\/api\/wp\/v2\/media\/104148"}],"wp:attachment":[{"href":"https:\/\/www.gossip.it\/api\/wp\/v2\/media?parent=48102"}],"wp:term":[{"taxonomy":"category","embeddable":true,"href":"https:\/\/www.gossip.it\/api\/wp\/v2\/categories?post=48102"},{"taxonomy":"post_tag","embeddable":true,"href":"https:\/\/www.gossip.it\/api\/wp\/v2\/tags?post=48102"},{"taxonomy":"vip","embeddable":true,"href":"https:\/\/www.gossip.it\/api\/wp\/v2\/vip?post=48102"}],"curies":[{"name":"wp","href":"https:\/\/api.w.org\/{rel}","templated":true}]}}