{"id":48213,"date":"2014-07-16T00:00:00","date_gmt":"2014-07-15T22:00:00","guid":{"rendered":"https:\/\/www.gossip.it\/senza-categoria\/emanuele-filiberto-un-amicizia-intima-con-emilie\/"},"modified":"2014-07-16T00:00:00","modified_gmt":"2014-07-15T22:00:00","slug":"emanuele-filiberto-un-amicizia-intima-con-emilie","status":"publish","type":"post","link":"https:\/\/www.gossip.it\/news\/emanuele-filiberto-un-amicizia-intima-con-emilie\/","title":{"rendered":"Emanuele Filiberto, un'amicizia intima con Emilie"},"content":{"rendered":"<p><a href=\"http:\/\/www.gossip.it\/news\/monografia.php?keyword=Emanuele Filiberto\">Emanuele Filiberto<\/a> abbraccia una mora a <b>Montecarlo<\/b> e non si tratta della moglie, mamma delle sue due figlie, l'attrice francese <a href=\"http:\/\/www.gossip.it\/news\/monografia.php?keyword=Clotilde Courau\">Clotilde Courau<\/a>. Il 42enne \u00e8 stato pizzicato dal settimanale Chi, diretto da <a href=\"http:\/\/www.gossip.it\/news\/monografia.php?keyword=Alfonso Signorini\">Alfonso Signorini<\/a>, in atteggiamenti piuttosto intimi con <a href=\"http:\/\/www.gossip.it\/news\/monografia.php?keyword=Emilie-Sophie Pastor\">Emilie-Sophie Pastor<\/a>, 33 anni. Non una ragazza qualsiasi, ma una delle eredi della famiglia pi\u00f9 ricca del Principato di Monaco e che, di recente, \u00e8 stata colpita da ben due lutti: la morte del padre <b>Michel<\/b>, lo scorso febbraio, e della zia <b>H\u00e8lene<\/b>, uccisa a maggio in un agguato. Il Principe di Savoia, per\u00f2 butta acqua sul fuoco e dichiara che con Emile non c'\u00e8 nulla di sentimentale:<em> \"E' la mia migliore amica<\/em> - assicura - <em>siamo come fratello e sorella\"<\/em>. <em>\"Le nostre famiglie<\/em> - aggiunge - <em>si conoscono da sempre e ci frequentiamo sin da quando eravamo bambini, a Gstaad. Anche mio cugino Serge di Jugoslavia la conosce bene e quando sono a Montecarlo usciamo sempre tutti insieme\"<\/em><\/p>\n<p>Emanuele non \u00e8 preoccupato della reazione che potrebbe avere la consorte alla vista di queste immagini:<em> \"Sono tranquillo<\/em> - dichiara - <em>queste foto sconvolgeranno n\u00e9 metteranno in crisi il mio matrimonio. Clotilde conosce Emilie e sa che tipo di rapporto abbiamo\"<\/em>. Per\u00f2 poi ammette che con la moglie c'\u00e8 stata una crisi, ma che \u00e8 stata ampiamente superata. E pur vero che non si vedono spesso insieme e non \u00e8 la prima volta che Filiberto si accompagna ad amiche speciali, ma, ogni volta, ha sempre smentito <b>flirt<\/b> di alcun tipo.<\/p>\n","protected":false},"excerpt":{"rendered":"<p>Emanuele Filiberto abbraccia una mora a Montecarlo e non si tratta della moglie, mamma delle sue due figlie, l'attrice francese Clotilde Courau. Il 42enne \u00e8 stato pizzicato dal settimanale Chi, diretto da Alfonso Signorini, in atteggiamenti piuttosto intimi con Emilie-Sophie Pastor, 33 anni. Non una ragazza qualsiasi, ma una delle eredi della famiglia pi\u00f9 ricca [&hellip;]<\/p>\n","protected":false},"author":1,"featured_media":104259,"comment_status":"closed","ping_status":"closed","sticky":false,"template":"","format":"standard","meta":{"footnotes":""},"categories":[54],"tags":[2102,5808,50240,9360,2110],"vip":[524],"class_list":["post-48213","post","type-post","status-publish","format-standard","has-post-thumbnail","hentry","category-news","tag-dichiarazioni","tag-emanuele-filiberto","tag-emilie-sophie-pasteur","tag-montecarlo","tag-paparazzata","vip-clotilde_courau"],"yoast_head":"<title>Emanuele Filiberto, un&#039;amicizia intima con Emilie - Gossip.it | News sul Gossip e VIP<\/title>\n<meta name=\"description\" content=\"Emanuele Filiberto abbraccia una mora a Montecarlo e non si tratta della moglie, mamma delle sue due figlie, l&#039;attrice francese Clotilde Courau. Il 42enne\" \/>\n<meta name=\"robots\" content=\"index, follow, max-snippet:-1, max-image-preview:large, max-video-preview:-1\" \/>\n<link rel=\"canonical\" href=\"https:\/\/www.gossip.it\/news\/emanuele-filiberto-un-amicizia-intima-con-emilie\/\" \/>\n<meta property=\"og:locale\" content=\"it_IT\" \/>\n<meta property=\"og:type\" content=\"article\" \/>\n<meta property=\"og:title\" content=\"Emanuele Filiberto, un&#039;amicizia intima con Emilie - Gossip.it | News sul Gossip e VIP\" \/>\n<meta property=\"og:description\" content=\"Emanuele Filiberto abbraccia una mora a Montecarlo e non si tratta della moglie, mamma delle sue due figlie, l&#039;attrice francese Clotilde Courau. Il 42enne\" \/>\n<meta property=\"og:url\" content=\"https:\/\/www.gossip.it\/news\/emanuele-filiberto-un-amicizia-intima-con-emilie\/\" \/>\n<meta property=\"og:site_name\" content=\"Gossip.it | News sul Gossip e VIP\" \/>\n<meta property=\"article:publisher\" content=\"https:\/\/www.facebook.com\/GossipIT\" \/>\n<meta property=\"article:published_time\" content=\"2014-07-15T22:00:00+00:00\" \/>\n<meta property=\"og:image\" content=\"http:\/\/www.gossip.it\/images5\/1405509414_.jpg\" \/>\n<meta name=\"author\" content=\"La Redazione\" \/>\n<meta name=\"twitter:card\" content=\"summary_large_image\" \/>\n<meta name=\"twitter:image\" content=\"http:\/\/www.gossip.it\/images5\/1405509414_.jpg\" \/>\n<meta name=\"twitter:creator\" content=\"@gossinews_it\" \/>\n<meta name=\"twitter:site\" content=\"@gossinews_it\" \/>\n<meta name=\"twitter:label1\" content=\"Scritto da\" \/>\n\t<meta name=\"twitter:data1\" content=\"Francesca Romana Domenici\" \/>\n\t<meta name=\"twitter:label2\" content=\"Tempo di lettura stimato\" \/>\n\t<meta name=\"twitter:data2\" content=\"1 minuto\" \/>","yoast_head_json":{"title":"Emanuele Filiberto, un'amicizia intima con Emilie - Gossip.it | News sul Gossip e VIP","description":"Emanuele Filiberto abbraccia una mora a Montecarlo e non si tratta della moglie, mamma delle sue due figlie, l'attrice francese Clotilde Courau. Il 42enne","robots":{"index":"index","follow":"follow","max-snippet":"max-snippet:-1","max-image-preview":"max-image-preview:large","max-video-preview":"max-video-preview:-1"},"canonical":"https:\/\/www.gossip.it\/news\/emanuele-filiberto-un-amicizia-intima-con-emilie\/","og_locale":"it_IT","og_type":"article","og_title":"Emanuele Filiberto, un'amicizia intima con Emilie - Gossip.it | News sul Gossip e VIP","og_description":"Emanuele Filiberto abbraccia una mora a Montecarlo e non si tratta della moglie, mamma delle sue due figlie, l'attrice francese Clotilde Courau. Il 42enne","og_url":"https:\/\/www.gossip.it\/news\/emanuele-filiberto-un-amicizia-intima-con-emilie\/","og_site_name":"Gossip.it | News sul Gossip e VIP","article_publisher":"https:\/\/www.facebook.com\/GossipIT","article_published_time":"2014-07-15T22:00:00+00:00","og_image":[{"url":"http:\/\/www.gossip.it\/images5\/1405509414_.jpg"}],"author":"La Redazione","twitter_card":"summary_large_image","twitter_image":"http:\/\/www.gossip.it\/images5\/1405509414_.jpg","twitter_creator":"@gossinews_it","twitter_site":"@gossinews_it","twitter_misc":{"Scritto da":"Francesca Romana Domenici","Tempo di lettura stimato":"1 minuto"},"schema":{"@context":"https:\/\/schema.org","@graph":[{"@type":"Article","@id":"https:\/\/www.gossip.it\/news\/emanuele-filiberto-un-amicizia-intima-con-emilie\/#article","isPartOf":{"@id":"https:\/\/www.gossip.it\/news\/emanuele-filiberto-un-amicizia-intima-con-emilie\/"},"author":{"name":"La Redazione","@id":"https:\/\/www.gossip.it\/#\/schema\/person\/488896f75158bff1cc83c6c39d141110"},"headline":"Emanuele Filiberto, un'amicizia intima con Emilie","datePublished":"2014-07-15T22:00:00+00:00","dateModified":"2014-07-15T22:00:00+00:00","mainEntityOfPage":{"@id":"https:\/\/www.gossip.it\/news\/emanuele-filiberto-un-amicizia-intima-con-emilie\/"},"wordCount":251,"publisher":{"@id":"https:\/\/www.gossip.it\/#organization"},"image":{"@id":"https:\/\/www.gossip.it\/news\/emanuele-filiberto-un-amicizia-intima-con-emilie\/#primaryimage"},"thumbnailUrl":"http:\/\/www.gossip.it\/images5\/1405509414_.jpg","keywords":["dichiarazioni","emanuele filiberto","emilie sophie-pasteur","montecarlo","paparazzata"],"articleSection":["News"],"inLanguage":"it-IT"},{"@type":"WebPage","@id":"https:\/\/www.gossip.it\/news\/emanuele-filiberto-un-amicizia-intima-con-emilie\/","url":"https:\/\/www.gossip.it\/news\/emanuele-filiberto-un-amicizia-intima-con-emilie\/","name":"Emanuele Filiberto, un'amicizia intima con Emilie - Gossip.it | News sul Gossip e VIP","isPartOf":{"@id":"https:\/\/www.gossip.it\/#website"},"primaryImageOfPage":{"@id":"https:\/\/www.gossip.it\/news\/emanuele-filiberto-un-amicizia-intima-con-emilie\/#primaryimage"},"image":{"@id":"https:\/\/www.gossip.it\/news\/emanuele-filiberto-un-amicizia-intima-con-emilie\/#primaryimage"},"thumbnailUrl":"http:\/\/www.gossip.it\/images5\/1405509414_.jpg","datePublished":"2014-07-15T22:00:00+00:00","dateModified":"2014-07-15T22:00:00+00:00","description":"Emanuele Filiberto abbraccia una mora a Montecarlo e non si tratta della moglie, mamma delle sue due figlie, l'attrice francese Clotilde Courau. Il 42enne","breadcrumb":{"@id":"https:\/\/www.gossip.it\/news\/emanuele-filiberto-un-amicizia-intima-con-emilie\/#breadcrumb"},"inLanguage":"it-IT","potentialAction":[{"@type":"ReadAction","target":["https:\/\/www.gossip.it\/news\/emanuele-filiberto-un-amicizia-intima-con-emilie\/"]}]},{"@type":"ImageObject","inLanguage":"it-IT","@id":"https:\/\/www.gossip.it\/news\/emanuele-filiberto-un-amicizia-intima-con-emilie\/#primaryimage","url":"http:\/\/www.gossip.it\/images5\/1405509414_.jpg","contentUrl":"http:\/\/www.gossip.it\/images5\/1405509414_.jpg"},{"@type":"BreadcrumbList","@id":"https:\/\/www.gossip.it\/news\/emanuele-filiberto-un-amicizia-intima-con-emilie\/#breadcrumb","itemListElement":[{"@type":"ListItem","position":1,"name":"Home","item":"https:\/\/www.gossip.it\/"},{"@type":"ListItem","position":2,"name":"Emanuele Filiberto, un'amicizia intima con Emilie"}]},{"@type":"WebSite","@id":"https:\/\/www.gossip.it\/#website","url":"https:\/\/www.gossip.it\/","name":"Gossip and VIP News","description":"Quotidiano di cronaca rosa, costume e societ\u00e0","publisher":{"@id":"https:\/\/www.gossip.it\/#organization"},"alternateName":"Gossip and VIP News","potentialAction":[{"@type":"SearchAction","target":{"@type":"EntryPoint","urlTemplate":"https:\/\/www.gossip.it\/?s={search_term_string}"},"query-input":{"@type":"PropertyValueSpecification","valueRequired":true,"valueName":"search_term_string"}}],"inLanguage":"it-IT"},{"@type":"Organization","@id":"https:\/\/www.gossip.it\/#organization","name":"Gossip and VIP News","alternateName":"Gossip News","url":"https:\/\/www.gossip.it\/","logo":{"@type":"ImageObject","inLanguage":"it-IT","@id":"https:\/\/www.gossip.it\/#\/schema\/logo\/image\/","url":"https:\/\/www.gossip.it\/wp-content\/uploads\/2022\/04\/cropped-corna-alta-tiny.png","contentUrl":"https:\/\/www.gossip.it\/wp-content\/uploads\/2022\/04\/cropped-corna-alta-tiny.png","width":512,"height":512,"caption":"Gossip and VIP News"},"image":{"@id":"https:\/\/www.gossip.it\/#\/schema\/logo\/image\/"},"sameAs":["https:\/\/www.facebook.com\/GossipIT","https:\/\/x.com\/gossinews_it","https:\/\/instagram.com\/gossip_it"]},{"@type":"Person","@id":"https:\/\/www.gossip.it\/#\/schema\/person\/488896f75158bff1cc83c6c39d141110","name":"La Redazione","image":{"@type":"ImageObject","inLanguage":"it-IT","@id":"https:\/\/www.gossip.it\/#\/schema\/person\/image\/","url":"https:\/\/secure.gravatar.com\/avatar\/5a5f5c6fa3e6700e4249abdad0263a1e94e927d9e0499b1cb09c1cd29c044d80?s=96&d=mm&r=g","contentUrl":"https:\/\/secure.gravatar.com\/avatar\/5a5f5c6fa3e6700e4249abdad0263a1e94e927d9e0499b1cb09c1cd29c044d80?s=96&d=mm&r=g","caption":"La Redazione"},"sameAs":["https:\/\/www.gossip.it"]}]}},"amp_enabled":true,"_links":{"self":[{"href":"https:\/\/www.gossip.it\/api\/wp\/v2\/posts\/48213","targetHints":{"allow":["GET"]}}],"collection":[{"href":"https:\/\/www.gossip.it\/api\/wp\/v2\/posts"}],"about":[{"href":"https:\/\/www.gossip.it\/api\/wp\/v2\/types\/post"}],"author":[{"embeddable":true,"href":"https:\/\/www.gossip.it\/api\/wp\/v2\/users\/1"}],"replies":[{"embeddable":true,"href":"https:\/\/www.gossip.it\/api\/wp\/v2\/comments?post=48213"}],"version-history":[{"count":0,"href":"https:\/\/www.gossip.it\/api\/wp\/v2\/posts\/48213\/revisions"}],"wp:featuredmedia":[{"embeddable":true,"href":"https:\/\/www.gossip.it\/api\/wp\/v2\/media\/104259"}],"wp:attachment":[{"href":"https:\/\/www.gossip.it\/api\/wp\/v2\/media?parent=48213"}],"wp:term":[{"taxonomy":"category","embeddable":true,"href":"https:\/\/www.gossip.it\/api\/wp\/v2\/categories?post=48213"},{"taxonomy":"post_tag","embeddable":true,"href":"https:\/\/www.gossip.it\/api\/wp\/v2\/tags?post=48213"},{"taxonomy":"vip","embeddable":true,"href":"https:\/\/www.gossip.it\/api\/wp\/v2\/vip?post=48213"}],"curies":[{"name":"wp","href":"https:\/\/api.w.org\/{rel}","templated":true}]}}