{"id":48488,"date":"2014-07-30T00:00:00","date_gmt":"2014-07-29T22:00:00","guid":{"rendered":"https:\/\/www.gossip.it\/senza-categoria\/presta-e-perego-abbracciati-sotto-la-pioggia\/"},"modified":"2014-07-30T00:00:00","modified_gmt":"2014-07-29T22:00:00","slug":"presta-e-perego-abbracciati-sotto-la-pioggia","status":"publish","type":"post","link":"https:\/\/www.gossip.it\/news\/presta-e-perego-abbracciati-sotto-la-pioggia\/","title":{"rendered":"Presta e Perego abbracciati sotto la pioggia"},"content":{"rendered":"<p>C'\u00e8 chi la chiama estate, s\u00ec, l'estate che non c'\u00e8 e non si sa se mai arriver\u00e0... Il tempo in Italia \u00e8 grigio, piove, vere e proprie bolle d'acqua piombano sulle citt\u00e0 allagate con il traffico in tilt e danni gravi da risolvere in fretta. Sembra che gi\u00e0 da domani la situazione migliori e pian, piano la temperatura torni su. Intanto non rimane che ironizzare sul tempo di questo pazzo e sconfortante luglio nostrano.<br \/>Ci riesce benissimo <a href=\"http:\/\/www.gossip.it\/news\/monografia.php?keyword=Lucio Presta\">Lucio Presta<\/a>, che si \u00e8 lasciato fotografare insieme alla moglie, <a href=\"http:\/\/www.gossip.it\/news\/monografia.php?keyword=Paola Perego\">Paola Perego<\/a>, sotto una pioggia leggera, su un pontile bagnato, dietro e di fianco a loro tante barche, rimaste in porto a causa della tempesta e del mare mosso. Lo scatto \u00e8 finito sull'account su <em>Instagram<\/em> del manager di tanti super vip.<\/p>\n<figure class=\"caption\"><img decoding=\"async\" alt=\"\" src=\"http:\/\/files.gossip.it\/immagini_news\/2014\/07\/1406732167_1pre.jpg\" \/><figcaption>Lucio Presta e Paola Perego abbracciati sul pontile bagnato dalla pioggia incessante<\/figcaption><\/figure>\n<p><strong><em>\"#il mare d'inverno ha sempre il suo fascino\"<\/em><\/strong>, ha cinguettato divertito Lucio, a cui le battute difficilmente mancano. In \u00a0realt\u00e0 quella finita online sembrerebbe a chi non ne fosse a conoscenza e non vivesse una simile situazione quotidianamente, alzando gli occhi al cielo e osservando i nuvoloni neri, proprio l'immagine di una coppia in una triste e uggiosa giornata di novembre inoltrato. Ma forse non sar\u00e0 pi\u00f9 cos\u00ec, perch\u00e9 in autunno ci sar\u00e0 magari il solleone e termometro su in picchiata, chiss\u00e0... E Presta lo sottolineer\u00e0 di nuovo, con il suo spirito sagace, un po' cinico, ma sempre puntuale, utilizzando il <a href=\"http:\/\/www.gossip.it\/news\/monografia.php?keyword=social\">social<\/a> e tenendo accanto la sua adorata mogliettina, prossima conduttrice di <strong>\"Domenica In\"<\/strong>.<\/p>\n<p>\u00a0<\/p>\n<p>\u00a0<\/p>\n","protected":false},"excerpt":{"rendered":"<p>C'\u00e8 chi la chiama estate, s\u00ec, l'estate che non c'\u00e8 e non si sa se mai arriver\u00e0... Il tempo in Italia \u00e8 grigio, piove, vere e proprie bolle d'acqua piombano sulle citt\u00e0 allagate con il traffico in tilt e danni gravi da risolvere in fretta. Sembra che gi\u00e0 da domani la situazione migliori e pian, [&hellip;]<\/p>\n","protected":false},"author":1,"featured_media":104534,"comment_status":"closed","ping_status":"closed","sticky":false,"template":"","format":"standard","meta":{"footnotes":""},"categories":[54],"tags":[1992,2121,5101,12454,1923,7346],"vip":[1161,1459],"class_list":["post-48488","post","type-post","status-publish","format-standard","has-post-thumbnail","hentry","category-news","tag-conduttrice","tag-instagram","tag-manager","tag-niccolo-presta","tag-social","tag-twitter","vip-lucio_presta","vip-paola_perego"],"yoast_head":"<title>Presta e Perego abbracciati sotto la pioggia - Gossip.it | News sul Gossip e VIP<\/title>\n<meta name=\"description\" content=\"C&#039;\u00e8 chi la chiama estate, s\u00ec, l&#039;estate che non c&#039;\u00e8 e non si sa se mai arriver\u00e0... Il tempo in Italia \u00e8 grigio, piove, vere e proprie bolle d&#039;acqua\" \/>\n<meta name=\"robots\" content=\"index, follow, max-snippet:-1, max-image-preview:large, max-video-preview:-1\" \/>\n<link rel=\"canonical\" href=\"https:\/\/www.gossip.it\/news\/presta-e-perego-abbracciati-sotto-la-pioggia\/\" \/>\n<meta property=\"og:locale\" content=\"it_IT\" \/>\n<meta property=\"og:type\" content=\"article\" \/>\n<meta property=\"og:title\" content=\"Presta e Perego abbracciati sotto la pioggia - Gossip.it | News sul Gossip e VIP\" \/>\n<meta property=\"og:description\" content=\"C&#039;\u00e8 chi la chiama estate, s\u00ec, l&#039;estate che non c&#039;\u00e8 e non si sa se mai arriver\u00e0... Il tempo in Italia \u00e8 grigio, piove, vere e proprie bolle d&#039;acqua\" \/>\n<meta property=\"og:url\" content=\"https:\/\/www.gossip.it\/news\/presta-e-perego-abbracciati-sotto-la-pioggia\/\" \/>\n<meta property=\"og:site_name\" content=\"Gossip.it | News sul Gossip e VIP\" \/>\n<meta property=\"article:publisher\" content=\"https:\/\/www.facebook.com\/GossipIT\" \/>\n<meta property=\"article:published_time\" content=\"2014-07-29T22:00:00+00:00\" \/>\n<meta property=\"og:image\" content=\"http:\/\/files.gossip.it\/immagini_news\/2014\/07\/1406732167_1pre.jpg\" \/>\n<meta name=\"author\" content=\"La Redazione\" \/>\n<meta name=\"twitter:card\" content=\"summary_large_image\" \/>\n<meta name=\"twitter:image\" content=\"http:\/\/files.gossip.it\/immagini_news\/2014\/07\/1406732167_1pre.jpg\" \/>\n<meta name=\"twitter:creator\" content=\"@gossinews_it\" \/>\n<meta name=\"twitter:site\" content=\"@gossinews_it\" \/>\n<meta name=\"twitter:label1\" content=\"Scritto da\" \/>\n\t<meta name=\"twitter:data1\" content=\"Annamaria Capozzi\" \/>\n\t<meta name=\"twitter:label2\" content=\"Tempo di lettura stimato\" \/>\n\t<meta name=\"twitter:data2\" content=\"1 minuto\" \/>","yoast_head_json":{"title":"Presta e Perego abbracciati sotto la pioggia - Gossip.it | News sul Gossip e VIP","description":"C'\u00e8 chi la chiama estate, s\u00ec, l'estate che non c'\u00e8 e non si sa se mai arriver\u00e0... Il tempo in Italia \u00e8 grigio, piove, vere e proprie bolle d'acqua","robots":{"index":"index","follow":"follow","max-snippet":"max-snippet:-1","max-image-preview":"max-image-preview:large","max-video-preview":"max-video-preview:-1"},"canonical":"https:\/\/www.gossip.it\/news\/presta-e-perego-abbracciati-sotto-la-pioggia\/","og_locale":"it_IT","og_type":"article","og_title":"Presta e Perego abbracciati sotto la pioggia - Gossip.it | News sul Gossip e VIP","og_description":"C'\u00e8 chi la chiama estate, s\u00ec, l'estate che non c'\u00e8 e non si sa se mai arriver\u00e0... Il tempo in Italia \u00e8 grigio, piove, vere e proprie bolle d'acqua","og_url":"https:\/\/www.gossip.it\/news\/presta-e-perego-abbracciati-sotto-la-pioggia\/","og_site_name":"Gossip.it | News sul Gossip e VIP","article_publisher":"https:\/\/www.facebook.com\/GossipIT","article_published_time":"2014-07-29T22:00:00+00:00","og_image":[{"url":"http:\/\/files.gossip.it\/immagini_news\/2014\/07\/1406732167_1pre.jpg"}],"author":"La Redazione","twitter_card":"summary_large_image","twitter_image":"http:\/\/files.gossip.it\/immagini_news\/2014\/07\/1406732167_1pre.jpg","twitter_creator":"@gossinews_it","twitter_site":"@gossinews_it","twitter_misc":{"Scritto da":"Annamaria Capozzi","Tempo di lettura stimato":"1 minuto"},"schema":{"@context":"https:\/\/schema.org","@graph":[{"@type":"Article","@id":"https:\/\/www.gossip.it\/news\/presta-e-perego-abbracciati-sotto-la-pioggia\/#article","isPartOf":{"@id":"https:\/\/www.gossip.it\/news\/presta-e-perego-abbracciati-sotto-la-pioggia\/"},"author":{"name":"La Redazione","@id":"https:\/\/www.gossip.it\/#\/schema\/person\/488896f75158bff1cc83c6c39d141110"},"headline":"Presta e Perego abbracciati sotto la pioggia","datePublished":"2014-07-29T22:00:00+00:00","dateModified":"2014-07-29T22:00:00+00:00","mainEntityOfPage":{"@id":"https:\/\/www.gossip.it\/news\/presta-e-perego-abbracciati-sotto-la-pioggia\/"},"wordCount":264,"publisher":{"@id":"https:\/\/www.gossip.it\/#organization"},"image":{"@id":"https:\/\/www.gossip.it\/news\/presta-e-perego-abbracciati-sotto-la-pioggia\/#primaryimage"},"thumbnailUrl":"http:\/\/files.gossip.it\/immagini_news\/2014\/07\/1406732167_1pre.jpg","keywords":["conduttrice","instagram","manager","niccol\u00f2 presta","social","twitter"],"articleSection":["News"],"inLanguage":"it-IT"},{"@type":"WebPage","@id":"https:\/\/www.gossip.it\/news\/presta-e-perego-abbracciati-sotto-la-pioggia\/","url":"https:\/\/www.gossip.it\/news\/presta-e-perego-abbracciati-sotto-la-pioggia\/","name":"Presta e Perego abbracciati sotto la pioggia - Gossip.it | News sul Gossip e VIP","isPartOf":{"@id":"https:\/\/www.gossip.it\/#website"},"primaryImageOfPage":{"@id":"https:\/\/www.gossip.it\/news\/presta-e-perego-abbracciati-sotto-la-pioggia\/#primaryimage"},"image":{"@id":"https:\/\/www.gossip.it\/news\/presta-e-perego-abbracciati-sotto-la-pioggia\/#primaryimage"},"thumbnailUrl":"http:\/\/files.gossip.it\/immagini_news\/2014\/07\/1406732167_1pre.jpg","datePublished":"2014-07-29T22:00:00+00:00","dateModified":"2014-07-29T22:00:00+00:00","description":"C'\u00e8 chi la chiama estate, s\u00ec, l'estate che non c'\u00e8 e non si sa se mai arriver\u00e0... Il tempo in Italia \u00e8 grigio, piove, vere e proprie bolle d'acqua","breadcrumb":{"@id":"https:\/\/www.gossip.it\/news\/presta-e-perego-abbracciati-sotto-la-pioggia\/#breadcrumb"},"inLanguage":"it-IT","potentialAction":[{"@type":"ReadAction","target":["https:\/\/www.gossip.it\/news\/presta-e-perego-abbracciati-sotto-la-pioggia\/"]}]},{"@type":"ImageObject","inLanguage":"it-IT","@id":"https:\/\/www.gossip.it\/news\/presta-e-perego-abbracciati-sotto-la-pioggia\/#primaryimage","url":"http:\/\/files.gossip.it\/immagini_news\/2014\/07\/1406732167_1pre.jpg","contentUrl":"http:\/\/files.gossip.it\/immagini_news\/2014\/07\/1406732167_1pre.jpg"},{"@type":"BreadcrumbList","@id":"https:\/\/www.gossip.it\/news\/presta-e-perego-abbracciati-sotto-la-pioggia\/#breadcrumb","itemListElement":[{"@type":"ListItem","position":1,"name":"Home","item":"https:\/\/www.gossip.it\/"},{"@type":"ListItem","position":2,"name":"Presta e Perego abbracciati sotto la pioggia"}]},{"@type":"WebSite","@id":"https:\/\/www.gossip.it\/#website","url":"https:\/\/www.gossip.it\/","name":"Gossip and VIP News","description":"Quotidiano di cronaca rosa, costume e societ\u00e0","publisher":{"@id":"https:\/\/www.gossip.it\/#organization"},"alternateName":"Gossip and VIP News","potentialAction":[{"@type":"SearchAction","target":{"@type":"EntryPoint","urlTemplate":"https:\/\/www.gossip.it\/?s={search_term_string}"},"query-input":{"@type":"PropertyValueSpecification","valueRequired":true,"valueName":"search_term_string"}}],"inLanguage":"it-IT"},{"@type":"Organization","@id":"https:\/\/www.gossip.it\/#organization","name":"Gossip and VIP News","alternateName":"Gossip News","url":"https:\/\/www.gossip.it\/","logo":{"@type":"ImageObject","inLanguage":"it-IT","@id":"https:\/\/www.gossip.it\/#\/schema\/logo\/image\/","url":"https:\/\/www.gossip.it\/wp-content\/uploads\/2022\/04\/cropped-corna-alta-tiny.png","contentUrl":"https:\/\/www.gossip.it\/wp-content\/uploads\/2022\/04\/cropped-corna-alta-tiny.png","width":512,"height":512,"caption":"Gossip and VIP News"},"image":{"@id":"https:\/\/www.gossip.it\/#\/schema\/logo\/image\/"},"sameAs":["https:\/\/www.facebook.com\/GossipIT","https:\/\/x.com\/gossinews_it","https:\/\/instagram.com\/gossip_it"]},{"@type":"Person","@id":"https:\/\/www.gossip.it\/#\/schema\/person\/488896f75158bff1cc83c6c39d141110","name":"La Redazione","image":{"@type":"ImageObject","inLanguage":"it-IT","@id":"https:\/\/www.gossip.it\/#\/schema\/person\/image\/","url":"https:\/\/secure.gravatar.com\/avatar\/5a5f5c6fa3e6700e4249abdad0263a1e94e927d9e0499b1cb09c1cd29c044d80?s=96&d=mm&r=g","contentUrl":"https:\/\/secure.gravatar.com\/avatar\/5a5f5c6fa3e6700e4249abdad0263a1e94e927d9e0499b1cb09c1cd29c044d80?s=96&d=mm&r=g","caption":"La Redazione"},"sameAs":["https:\/\/www.gossip.it"]}]}},"amp_enabled":true,"_links":{"self":[{"href":"https:\/\/www.gossip.it\/api\/wp\/v2\/posts\/48488","targetHints":{"allow":["GET"]}}],"collection":[{"href":"https:\/\/www.gossip.it\/api\/wp\/v2\/posts"}],"about":[{"href":"https:\/\/www.gossip.it\/api\/wp\/v2\/types\/post"}],"author":[{"embeddable":true,"href":"https:\/\/www.gossip.it\/api\/wp\/v2\/users\/1"}],"replies":[{"embeddable":true,"href":"https:\/\/www.gossip.it\/api\/wp\/v2\/comments?post=48488"}],"version-history":[{"count":0,"href":"https:\/\/www.gossip.it\/api\/wp\/v2\/posts\/48488\/revisions"}],"wp:featuredmedia":[{"embeddable":true,"href":"https:\/\/www.gossip.it\/api\/wp\/v2\/media\/104534"}],"wp:attachment":[{"href":"https:\/\/www.gossip.it\/api\/wp\/v2\/media?parent=48488"}],"wp:term":[{"taxonomy":"category","embeddable":true,"href":"https:\/\/www.gossip.it\/api\/wp\/v2\/categories?post=48488"},{"taxonomy":"post_tag","embeddable":true,"href":"https:\/\/www.gossip.it\/api\/wp\/v2\/tags?post=48488"},{"taxonomy":"vip","embeddable":true,"href":"https:\/\/www.gossip.it\/api\/wp\/v2\/vip?post=48488"}],"curies":[{"name":"wp","href":"https:\/\/api.w.org\/{rel}","templated":true}]}}