{"id":48788,"date":"2014-08-27T00:00:00","date_gmt":"2014-08-26T22:00:00","guid":{"rendered":"https:\/\/www.gossip.it\/senza-categoria\/silvia-abbate-festeggia-federico\/"},"modified":"2014-08-27T00:00:00","modified_gmt":"2014-08-26T22:00:00","slug":"silvia-abbate-festeggia-federico","status":"publish","type":"post","link":"https:\/\/www.gossip.it\/news\/silvia-abbate-festeggia-federico\/","title":{"rendered":"Silvia Abbate festeggia Federico"},"content":{"rendered":"<p>Ne ha compiuti sette e <a href=\"http:\/\/www.gossip.it\/vip\/silvia-abbate\/\">Silvia Abbate<\/a> ha voluto festeggiarlo con un preparty insieme agli amici pi\u00f9 cari. L'ex <a href=\"http:\/\/www.gossip.it\/vip\/pupa\/\">Pupa<\/a> \u00e8 una mamma presente e amorevole con il piccolo <strong>Federico<\/strong>, avuto dall'ex marito <strong>Alessandro Papini<\/strong>, l'imprenditore sposato nel 2007. Sul social si mette spesso in posa accanto al figlioletto, biondissimo e con gli occhi azzuri proprio come lei: un vero adone in miniatura, tutto da ammirare.<\/p>\n<figure class=\"caption\"><img decoding=\"async\" alt=\"\" width=\"620\" height=\"613\" src=\"http:\/\/files.gossip.it\/immagini_news\/2014\/08\/1409146974_1ab.jpg\" \/><figcaption>Silvia Abbate ha festeggiato i sette anni del suo piccolo Federico, avuto dall'ex Papini<\/figcaption><\/figure>\n<p>Anche stavolta la fashion blogger non ha mancato di mandare online uno scatto a due sul suo profilo <em>Instagram<\/em>, in cui entrambi posano davanti alla torta con tanto di candeline. <em>\"#happyBDay to My #love #preparty 7Y #friends #sanremo #holiday #happiness #happyboy #blondeboy #blondegirl #family #ilovemyson #ilovemylife #IloveU #photolove #onelove #instagood #birthday #lookup #luckygirl #knockknock #greeneyes #federico #summer2014 #bestoftheday #goodvibesonly #summervibes\"<\/em>, ha cinguettato Silvia.<br \/>Insieme si stanno godendo l'ultimo scampolo di vacanze a Sanremo. Presto inizier\u00e0 nuovamente la scuola e Fede dovr\u00e0 tornare tra i banchi. Ritrover\u00e0, per\u00f2, anche i compagni di classe e, come spesso accade a chi compie gli anni ad agosto, forse ripeter\u00e0 la festa insieme a loro, cos\u00ec da ricevere ancora tanti regali.<\/p>\n<p>\u00a0<\/p>\n","protected":false},"excerpt":{"rendered":"<p>Ne ha compiuti sette e Silvia Abbate ha voluto festeggiarlo con un preparty insieme agli amici pi\u00f9 cari. L'ex Pupa \u00e8 una mamma presente e amorevole con il piccolo Federico, avuto dall'ex marito Alessandro Papini, l'imprenditore sposato nel 2007. Sul social si mette spesso in posa accanto al figlioletto, biondissimo e con gli occhi azzuri [&hellip;]<\/p>\n","protected":false},"author":1,"featured_media":104834,"comment_status":"closed","ping_status":"closed","sticky":false,"template":"","format":"standard","meta":{"footnotes":""},"categories":[54],"tags":[7313,5763,1942,2121,6010,1923],"vip":[1683],"class_list":["post-48788","post","type-post","status-publish","format-standard","has-post-thumbnail","hentry","category-news","tag-fashion-blogger","tag-federico","tag-figlio","tag-instagram","tag-pupa","tag-social","vip-silvia_abbate"],"yoast_head":"<title>Silvia Abbate festeggia Federico - Gossip.it | News sul Gossip e VIP<\/title>\n<meta name=\"description\" content=\"Ne ha compiuti sette e Silvia Abbate ha voluto festeggiarlo con un preparty insieme agli amici pi\u00f9 cari. L&#039;ex Pupa \u00e8 una mamma presente e amorevole con il\" \/>\n<meta name=\"robots\" content=\"index, follow, max-snippet:-1, max-image-preview:large, max-video-preview:-1\" \/>\n<link rel=\"canonical\" href=\"https:\/\/www.gossip.it\/news\/silvia-abbate-festeggia-federico\/\" \/>\n<meta property=\"og:locale\" content=\"it_IT\" \/>\n<meta property=\"og:type\" content=\"article\" \/>\n<meta property=\"og:title\" content=\"Silvia Abbate festeggia Federico - Gossip.it | News sul Gossip e VIP\" \/>\n<meta property=\"og:description\" content=\"Ne ha compiuti sette e Silvia Abbate ha voluto festeggiarlo con un preparty insieme agli amici pi\u00f9 cari. L&#039;ex Pupa \u00e8 una mamma presente e amorevole con il\" \/>\n<meta property=\"og:url\" content=\"https:\/\/www.gossip.it\/news\/silvia-abbate-festeggia-federico\/\" \/>\n<meta property=\"og:site_name\" content=\"Gossip.it | News sul Gossip e VIP\" \/>\n<meta property=\"article:publisher\" content=\"https:\/\/www.facebook.com\/GossipIT\" \/>\n<meta property=\"article:published_time\" content=\"2014-08-26T22:00:00+00:00\" \/>\n<meta property=\"og:image\" content=\"http:\/\/files.gossip.it\/immagini_news\/2014\/08\/1409146974_1ab.jpg\" \/>\n<meta name=\"author\" content=\"La Redazione\" \/>\n<meta name=\"twitter:card\" content=\"summary_large_image\" \/>\n<meta name=\"twitter:image\" content=\"http:\/\/files.gossip.it\/immagini_news\/2014\/08\/1409146974_1ab.jpg\" \/>\n<meta name=\"twitter:creator\" content=\"@gossinews_it\" \/>\n<meta name=\"twitter:site\" content=\"@gossinews_it\" \/>\n<meta name=\"twitter:label1\" content=\"Scritto da\" \/>\n\t<meta name=\"twitter:data1\" content=\"Annamaria Capozzi\" \/>\n\t<meta name=\"twitter:label2\" content=\"Tempo di lettura stimato\" \/>\n\t<meta name=\"twitter:data2\" content=\"1 minuto\" \/>","yoast_head_json":{"title":"Silvia Abbate festeggia Federico - Gossip.it | News sul Gossip e VIP","description":"Ne ha compiuti sette e Silvia Abbate ha voluto festeggiarlo con un preparty insieme agli amici pi\u00f9 cari. L'ex Pupa \u00e8 una mamma presente e amorevole con il","robots":{"index":"index","follow":"follow","max-snippet":"max-snippet:-1","max-image-preview":"max-image-preview:large","max-video-preview":"max-video-preview:-1"},"canonical":"https:\/\/www.gossip.it\/news\/silvia-abbate-festeggia-federico\/","og_locale":"it_IT","og_type":"article","og_title":"Silvia Abbate festeggia Federico - Gossip.it | News sul Gossip e VIP","og_description":"Ne ha compiuti sette e Silvia Abbate ha voluto festeggiarlo con un preparty insieme agli amici pi\u00f9 cari. L'ex Pupa \u00e8 una mamma presente e amorevole con il","og_url":"https:\/\/www.gossip.it\/news\/silvia-abbate-festeggia-federico\/","og_site_name":"Gossip.it | News sul Gossip e VIP","article_publisher":"https:\/\/www.facebook.com\/GossipIT","article_published_time":"2014-08-26T22:00:00+00:00","og_image":[{"url":"http:\/\/files.gossip.it\/immagini_news\/2014\/08\/1409146974_1ab.jpg"}],"author":"La Redazione","twitter_card":"summary_large_image","twitter_image":"http:\/\/files.gossip.it\/immagini_news\/2014\/08\/1409146974_1ab.jpg","twitter_creator":"@gossinews_it","twitter_site":"@gossinews_it","twitter_misc":{"Scritto da":"Annamaria Capozzi","Tempo di lettura stimato":"1 minuto"},"schema":{"@context":"https:\/\/schema.org","@graph":[{"@type":"Article","@id":"https:\/\/www.gossip.it\/news\/silvia-abbate-festeggia-federico\/#article","isPartOf":{"@id":"https:\/\/www.gossip.it\/news\/silvia-abbate-festeggia-federico\/"},"author":{"name":"La Redazione","@id":"https:\/\/www.gossip.it\/#\/schema\/person\/488896f75158bff1cc83c6c39d141110"},"headline":"Silvia Abbate festeggia Federico","datePublished":"2014-08-26T22:00:00+00:00","dateModified":"2014-08-26T22:00:00+00:00","mainEntityOfPage":{"@id":"https:\/\/www.gossip.it\/news\/silvia-abbate-festeggia-federico\/"},"wordCount":203,"publisher":{"@id":"https:\/\/www.gossip.it\/#organization"},"image":{"@id":"https:\/\/www.gossip.it\/news\/silvia-abbate-festeggia-federico\/#primaryimage"},"thumbnailUrl":"http:\/\/files.gossip.it\/immagini_news\/2014\/08\/1409146974_1ab.jpg","keywords":["fashion blogger","federico","figlio","instagram","pupa","social"],"articleSection":["News"],"inLanguage":"it-IT"},{"@type":"WebPage","@id":"https:\/\/www.gossip.it\/news\/silvia-abbate-festeggia-federico\/","url":"https:\/\/www.gossip.it\/news\/silvia-abbate-festeggia-federico\/","name":"Silvia Abbate festeggia Federico - Gossip.it | News sul Gossip e VIP","isPartOf":{"@id":"https:\/\/www.gossip.it\/#website"},"primaryImageOfPage":{"@id":"https:\/\/www.gossip.it\/news\/silvia-abbate-festeggia-federico\/#primaryimage"},"image":{"@id":"https:\/\/www.gossip.it\/news\/silvia-abbate-festeggia-federico\/#primaryimage"},"thumbnailUrl":"http:\/\/files.gossip.it\/immagini_news\/2014\/08\/1409146974_1ab.jpg","datePublished":"2014-08-26T22:00:00+00:00","dateModified":"2014-08-26T22:00:00+00:00","description":"Ne ha compiuti sette e Silvia Abbate ha voluto festeggiarlo con un preparty insieme agli amici pi\u00f9 cari. L'ex Pupa \u00e8 una mamma presente e amorevole con il","breadcrumb":{"@id":"https:\/\/www.gossip.it\/news\/silvia-abbate-festeggia-federico\/#breadcrumb"},"inLanguage":"it-IT","potentialAction":[{"@type":"ReadAction","target":["https:\/\/www.gossip.it\/news\/silvia-abbate-festeggia-federico\/"]}]},{"@type":"ImageObject","inLanguage":"it-IT","@id":"https:\/\/www.gossip.it\/news\/silvia-abbate-festeggia-federico\/#primaryimage","url":"http:\/\/files.gossip.it\/immagini_news\/2014\/08\/1409146974_1ab.jpg","contentUrl":"http:\/\/files.gossip.it\/immagini_news\/2014\/08\/1409146974_1ab.jpg"},{"@type":"BreadcrumbList","@id":"https:\/\/www.gossip.it\/news\/silvia-abbate-festeggia-federico\/#breadcrumb","itemListElement":[{"@type":"ListItem","position":1,"name":"Home","item":"https:\/\/www.gossip.it\/"},{"@type":"ListItem","position":2,"name":"Silvia Abbate festeggia Federico"}]},{"@type":"WebSite","@id":"https:\/\/www.gossip.it\/#website","url":"https:\/\/www.gossip.it\/","name":"Gossip and VIP News","description":"Quotidiano di cronaca rosa, costume e societ\u00e0","publisher":{"@id":"https:\/\/www.gossip.it\/#organization"},"alternateName":"Gossip and VIP News","potentialAction":[{"@type":"SearchAction","target":{"@type":"EntryPoint","urlTemplate":"https:\/\/www.gossip.it\/?s={search_term_string}"},"query-input":{"@type":"PropertyValueSpecification","valueRequired":true,"valueName":"search_term_string"}}],"inLanguage":"it-IT"},{"@type":"Organization","@id":"https:\/\/www.gossip.it\/#organization","name":"Gossip and VIP News","alternateName":"Gossip News","url":"https:\/\/www.gossip.it\/","logo":{"@type":"ImageObject","inLanguage":"it-IT","@id":"https:\/\/www.gossip.it\/#\/schema\/logo\/image\/","url":"https:\/\/www.gossip.it\/wp-content\/uploads\/2022\/04\/cropped-corna-alta-tiny.png","contentUrl":"https:\/\/www.gossip.it\/wp-content\/uploads\/2022\/04\/cropped-corna-alta-tiny.png","width":512,"height":512,"caption":"Gossip and VIP News"},"image":{"@id":"https:\/\/www.gossip.it\/#\/schema\/logo\/image\/"},"sameAs":["https:\/\/www.facebook.com\/GossipIT","https:\/\/x.com\/gossinews_it","https:\/\/instagram.com\/gossip_it"]},{"@type":"Person","@id":"https:\/\/www.gossip.it\/#\/schema\/person\/488896f75158bff1cc83c6c39d141110","name":"La Redazione","image":{"@type":"ImageObject","inLanguage":"it-IT","@id":"https:\/\/www.gossip.it\/#\/schema\/person\/image\/","url":"https:\/\/secure.gravatar.com\/avatar\/5a5f5c6fa3e6700e4249abdad0263a1e94e927d9e0499b1cb09c1cd29c044d80?s=96&d=mm&r=g","contentUrl":"https:\/\/secure.gravatar.com\/avatar\/5a5f5c6fa3e6700e4249abdad0263a1e94e927d9e0499b1cb09c1cd29c044d80?s=96&d=mm&r=g","caption":"La Redazione"},"sameAs":["https:\/\/www.gossip.it"]}]}},"amp_enabled":true,"_links":{"self":[{"href":"https:\/\/www.gossip.it\/api\/wp\/v2\/posts\/48788","targetHints":{"allow":["GET"]}}],"collection":[{"href":"https:\/\/www.gossip.it\/api\/wp\/v2\/posts"}],"about":[{"href":"https:\/\/www.gossip.it\/api\/wp\/v2\/types\/post"}],"author":[{"embeddable":true,"href":"https:\/\/www.gossip.it\/api\/wp\/v2\/users\/1"}],"replies":[{"embeddable":true,"href":"https:\/\/www.gossip.it\/api\/wp\/v2\/comments?post=48788"}],"version-history":[{"count":0,"href":"https:\/\/www.gossip.it\/api\/wp\/v2\/posts\/48788\/revisions"}],"wp:featuredmedia":[{"embeddable":true,"href":"https:\/\/www.gossip.it\/api\/wp\/v2\/media\/104834"}],"wp:attachment":[{"href":"https:\/\/www.gossip.it\/api\/wp\/v2\/media?parent=48788"}],"wp:term":[{"taxonomy":"category","embeddable":true,"href":"https:\/\/www.gossip.it\/api\/wp\/v2\/categories?post=48788"},{"taxonomy":"post_tag","embeddable":true,"href":"https:\/\/www.gossip.it\/api\/wp\/v2\/tags?post=48788"},{"taxonomy":"vip","embeddable":true,"href":"https:\/\/www.gossip.it\/api\/wp\/v2\/vip?post=48788"}],"curies":[{"name":"wp","href":"https:\/\/api.w.org\/{rel}","templated":true}]}}