{"id":48825,"date":"2014-09-01T00:00:00","date_gmt":"2014-08-31T22:00:00","guid":{"rendered":"https:\/\/www.gossip.it\/senza-categoria\/flavia-vento-non-ho-la-panza\/"},"modified":"2014-09-01T00:00:00","modified_gmt":"2014-08-31T22:00:00","slug":"flavia-vento-non-ho-la-panza","status":"publish","type":"post","link":"https:\/\/www.gossip.it\/news\/flavia-vento-non-ho-la-panza\/","title":{"rendered":"Flavia Vento: 'Non ho la panza'"},"content":{"rendered":"<p>Risponde via <a href=\"http:\/\/www.gossip.it\/vip\/social\/\">social<\/a> <a href=\"http:\/\/www.gossip.it\/vip\/flavia-vento\/\">Flavia Vento<\/a> a chi dice che \u00e8 ingrassata, <a href=\"http:\/\/www.gossip.it\/paparazzate\/flavia_vento_in_bikini_e_burrosa_e_morbida_foto_sperw.html?id=e995d352b74373e01315190666c5f204\"><b><u>dopo la recente paparazzata che la ritraeva in due pezzi al mare<\/u><\/b><\/a>: <em>\"Ma perch\u00e9 mettete sempre foto in cui sono grassa? E non lo sono, grazie\"<\/em>, scrive su <a href=\"http:\/\/www.gossip.it\/vip\/twitter\/\">Twitter<\/a>. Non solo parole, per\u00f2, la replica a chi denigra il suo aspetto fisico arriva anche tramite foto, immagini in cui mostra orgogliosa le sue forme: <em>\"Eccomi<\/em> - cinguetta la bionda pubblicando un suo scatto in costume da bagno appena realizzato - <em>questa sono io, fatta ora, basta denigrare le persone, <b>la panza mi dispiace non ce l'ho<\/b>\"<\/em>. <em>\"Mi sono stufata di questo accanimento mediatico<\/em> -  aggiunge - <em>postare foto cos\u00ec \u00e8 per far male e dire Flavia \u00e8 finita, non ci sto e basta\"<\/em>.<\/p>\n<p>La Vento \u00e8 inarrestabile e posta anche un <a href=\"http:\/\/www.gossip.it\/vip\/selfie\/\">selfie<\/a> realizzato in palestra, davanti allo specchio, in tenuta ginnica, a dimostrazione del fatto che si tiene in forma con del sano esercizio fisico. Non solo, rivela di aver pure perso peso:<em> \"E' normale che al mare magari uno si rilassa<\/em> - fa sapere ai <a href=\"http:\/\/www.gossip.it\/vip\/follower-\/\">follower <\/a>sempre dal suo profilo <b>Twitter<\/b> - <em><b>sono dimagrita di 4 chili, potete scriverlo<\/b><\/em>\".<\/p>\n","protected":false},"excerpt":{"rendered":"<p>Risponde via social Flavia Vento a chi dice che \u00e8 ingrassata, dopo la recente paparazzata che la ritraeva in due pezzi al mare: \"Ma perch\u00e9 mettete sempre foto in cui sono grassa? E non lo sono, grazie\", scrive su Twitter. Non solo parole, per\u00f2, la replica a chi denigra il suo aspetto fisico arriva anche [&hellip;]<\/p>\n","protected":false},"author":1,"featured_media":104871,"comment_status":"closed","ping_status":"closed","sticky":false,"template":"","format":"standard","meta":{"footnotes":""},"categories":[54],"tags":[2951,5177,3170,3964,1967,1923,7346,2978],"vip":[761],"class_list":["post-48825","post","type-post","status-publish","format-standard","has-post-thumbnail","hentry","category-news","tag-bikini","tag-chili","tag-mare","tag-palestra","tag-showgirl","tag-social","tag-twitter","tag-vacanze","vip-flavia_vento"],"yoast_head":"<title>Flavia Vento: &#039;Non ho la panza&#039; - Gossip.it | News sul Gossip e VIP<\/title>\n<meta name=\"description\" content=\"Risponde via social Flavia Vento a chi dice che \u00e8 ingrassata, dopo la recente paparazzata che la ritraeva in due pezzi al mare: &quot;Ma perch\u00e9 mettete sempre\" \/>\n<meta name=\"robots\" content=\"index, follow, max-snippet:-1, max-image-preview:large, max-video-preview:-1\" \/>\n<link rel=\"canonical\" href=\"https:\/\/www.gossip.it\/news\/flavia-vento-non-ho-la-panza\/\" \/>\n<meta property=\"og:locale\" content=\"it_IT\" \/>\n<meta property=\"og:type\" content=\"article\" \/>\n<meta property=\"og:title\" content=\"Flavia Vento: &#039;Non ho la panza&#039; - Gossip.it | News sul Gossip e VIP\" \/>\n<meta property=\"og:description\" content=\"Risponde via social Flavia Vento a chi dice che \u00e8 ingrassata, dopo la recente paparazzata che la ritraeva in due pezzi al mare: &quot;Ma perch\u00e9 mettete sempre\" \/>\n<meta property=\"og:url\" content=\"https:\/\/www.gossip.it\/news\/flavia-vento-non-ho-la-panza\/\" \/>\n<meta property=\"og:site_name\" content=\"Gossip.it | News sul Gossip e VIP\" \/>\n<meta property=\"article:publisher\" content=\"https:\/\/www.facebook.com\/GossipIT\" \/>\n<meta property=\"article:published_time\" content=\"2014-08-31T22:00:00+00:00\" \/>\n<meta property=\"og:image\" content=\"http:\/\/www.gossip.it\/images5\/1409572059_.jpg\" \/>\n<meta name=\"author\" content=\"La Redazione\" \/>\n<meta name=\"twitter:card\" content=\"summary_large_image\" \/>\n<meta name=\"twitter:image\" content=\"http:\/\/www.gossip.it\/images5\/1409572059_.jpg\" \/>\n<meta name=\"twitter:creator\" content=\"@gossinews_it\" \/>\n<meta name=\"twitter:site\" content=\"@gossinews_it\" \/>\n<meta name=\"twitter:label1\" content=\"Scritto da\" \/>\n\t<meta name=\"twitter:data1\" content=\"La Redazione\" \/>\n\t<meta name=\"twitter:label2\" content=\"Tempo di lettura stimato\" \/>\n\t<meta name=\"twitter:data2\" content=\"1 minuto\" \/>","yoast_head_json":{"title":"Flavia Vento: 'Non ho la panza' - Gossip.it | News sul Gossip e VIP","description":"Risponde via social Flavia Vento a chi dice che \u00e8 ingrassata, dopo la recente paparazzata che la ritraeva in due pezzi al mare: \"Ma perch\u00e9 mettete sempre","robots":{"index":"index","follow":"follow","max-snippet":"max-snippet:-1","max-image-preview":"max-image-preview:large","max-video-preview":"max-video-preview:-1"},"canonical":"https:\/\/www.gossip.it\/news\/flavia-vento-non-ho-la-panza\/","og_locale":"it_IT","og_type":"article","og_title":"Flavia Vento: 'Non ho la panza' - Gossip.it | News sul Gossip e VIP","og_description":"Risponde via social Flavia Vento a chi dice che \u00e8 ingrassata, dopo la recente paparazzata che la ritraeva in due pezzi al mare: \"Ma perch\u00e9 mettete sempre","og_url":"https:\/\/www.gossip.it\/news\/flavia-vento-non-ho-la-panza\/","og_site_name":"Gossip.it | News sul Gossip e VIP","article_publisher":"https:\/\/www.facebook.com\/GossipIT","article_published_time":"2014-08-31T22:00:00+00:00","og_image":[{"url":"http:\/\/www.gossip.it\/images5\/1409572059_.jpg"}],"author":"La Redazione","twitter_card":"summary_large_image","twitter_image":"http:\/\/www.gossip.it\/images5\/1409572059_.jpg","twitter_creator":"@gossinews_it","twitter_site":"@gossinews_it","twitter_misc":{"Scritto da":"La Redazione","Tempo di lettura stimato":"1 minuto"},"schema":{"@context":"https:\/\/schema.org","@graph":[{"@type":"Article","@id":"https:\/\/www.gossip.it\/news\/flavia-vento-non-ho-la-panza\/#article","isPartOf":{"@id":"https:\/\/www.gossip.it\/news\/flavia-vento-non-ho-la-panza\/"},"author":{"name":"La Redazione","@id":"https:\/\/www.gossip.it\/#\/schema\/person\/488896f75158bff1cc83c6c39d141110"},"headline":"Flavia Vento: 'Non ho la panza'","datePublished":"2014-08-31T22:00:00+00:00","dateModified":"2014-08-31T22:00:00+00:00","mainEntityOfPage":{"@id":"https:\/\/www.gossip.it\/news\/flavia-vento-non-ho-la-panza\/"},"wordCount":193,"publisher":{"@id":"https:\/\/www.gossip.it\/#organization"},"image":{"@id":"https:\/\/www.gossip.it\/news\/flavia-vento-non-ho-la-panza\/#primaryimage"},"thumbnailUrl":"http:\/\/www.gossip.it\/images5\/1409572059_.jpg","keywords":["bikini","chili","mare","palestra","showgirl","social","twitter","vacanze"],"articleSection":["News"],"inLanguage":"it-IT"},{"@type":"WebPage","@id":"https:\/\/www.gossip.it\/news\/flavia-vento-non-ho-la-panza\/","url":"https:\/\/www.gossip.it\/news\/flavia-vento-non-ho-la-panza\/","name":"Flavia Vento: 'Non ho la panza' - Gossip.it | News sul Gossip e VIP","isPartOf":{"@id":"https:\/\/www.gossip.it\/#website"},"primaryImageOfPage":{"@id":"https:\/\/www.gossip.it\/news\/flavia-vento-non-ho-la-panza\/#primaryimage"},"image":{"@id":"https:\/\/www.gossip.it\/news\/flavia-vento-non-ho-la-panza\/#primaryimage"},"thumbnailUrl":"http:\/\/www.gossip.it\/images5\/1409572059_.jpg","datePublished":"2014-08-31T22:00:00+00:00","dateModified":"2014-08-31T22:00:00+00:00","description":"Risponde via social Flavia Vento a chi dice che \u00e8 ingrassata, dopo la recente paparazzata che la ritraeva in due pezzi al mare: \"Ma perch\u00e9 mettete sempre","breadcrumb":{"@id":"https:\/\/www.gossip.it\/news\/flavia-vento-non-ho-la-panza\/#breadcrumb"},"inLanguage":"it-IT","potentialAction":[{"@type":"ReadAction","target":["https:\/\/www.gossip.it\/news\/flavia-vento-non-ho-la-panza\/"]}]},{"@type":"ImageObject","inLanguage":"it-IT","@id":"https:\/\/www.gossip.it\/news\/flavia-vento-non-ho-la-panza\/#primaryimage","url":"http:\/\/www.gossip.it\/images5\/1409572059_.jpg","contentUrl":"http:\/\/www.gossip.it\/images5\/1409572059_.jpg"},{"@type":"BreadcrumbList","@id":"https:\/\/www.gossip.it\/news\/flavia-vento-non-ho-la-panza\/#breadcrumb","itemListElement":[{"@type":"ListItem","position":1,"name":"Home","item":"https:\/\/www.gossip.it\/"},{"@type":"ListItem","position":2,"name":"Flavia Vento: 'Non ho la panza'"}]},{"@type":"WebSite","@id":"https:\/\/www.gossip.it\/#website","url":"https:\/\/www.gossip.it\/","name":"Gossip and VIP News","description":"Quotidiano di cronaca rosa, costume e societ\u00e0","publisher":{"@id":"https:\/\/www.gossip.it\/#organization"},"alternateName":"Gossip and VIP News","potentialAction":[{"@type":"SearchAction","target":{"@type":"EntryPoint","urlTemplate":"https:\/\/www.gossip.it\/?s={search_term_string}"},"query-input":{"@type":"PropertyValueSpecification","valueRequired":true,"valueName":"search_term_string"}}],"inLanguage":"it-IT"},{"@type":"Organization","@id":"https:\/\/www.gossip.it\/#organization","name":"Gossip and VIP News","alternateName":"Gossip News","url":"https:\/\/www.gossip.it\/","logo":{"@type":"ImageObject","inLanguage":"it-IT","@id":"https:\/\/www.gossip.it\/#\/schema\/logo\/image\/","url":"https:\/\/www.gossip.it\/wp-content\/uploads\/2022\/04\/cropped-corna-alta-tiny.png","contentUrl":"https:\/\/www.gossip.it\/wp-content\/uploads\/2022\/04\/cropped-corna-alta-tiny.png","width":512,"height":512,"caption":"Gossip and VIP News"},"image":{"@id":"https:\/\/www.gossip.it\/#\/schema\/logo\/image\/"},"sameAs":["https:\/\/www.facebook.com\/GossipIT","https:\/\/x.com\/gossinews_it","https:\/\/instagram.com\/gossip_it"]},{"@type":"Person","@id":"https:\/\/www.gossip.it\/#\/schema\/person\/488896f75158bff1cc83c6c39d141110","name":"La Redazione","image":{"@type":"ImageObject","inLanguage":"it-IT","@id":"https:\/\/www.gossip.it\/#\/schema\/person\/image\/","url":"https:\/\/secure.gravatar.com\/avatar\/5a5f5c6fa3e6700e4249abdad0263a1e94e927d9e0499b1cb09c1cd29c044d80?s=96&d=mm&r=g","contentUrl":"https:\/\/secure.gravatar.com\/avatar\/5a5f5c6fa3e6700e4249abdad0263a1e94e927d9e0499b1cb09c1cd29c044d80?s=96&d=mm&r=g","caption":"La Redazione"},"sameAs":["https:\/\/www.gossip.it"]}]}},"amp_enabled":true,"_links":{"self":[{"href":"https:\/\/www.gossip.it\/api\/wp\/v2\/posts\/48825","targetHints":{"allow":["GET"]}}],"collection":[{"href":"https:\/\/www.gossip.it\/api\/wp\/v2\/posts"}],"about":[{"href":"https:\/\/www.gossip.it\/api\/wp\/v2\/types\/post"}],"author":[{"embeddable":true,"href":"https:\/\/www.gossip.it\/api\/wp\/v2\/users\/1"}],"replies":[{"embeddable":true,"href":"https:\/\/www.gossip.it\/api\/wp\/v2\/comments?post=48825"}],"version-history":[{"count":0,"href":"https:\/\/www.gossip.it\/api\/wp\/v2\/posts\/48825\/revisions"}],"wp:featuredmedia":[{"embeddable":true,"href":"https:\/\/www.gossip.it\/api\/wp\/v2\/media\/104871"}],"wp:attachment":[{"href":"https:\/\/www.gossip.it\/api\/wp\/v2\/media?parent=48825"}],"wp:term":[{"taxonomy":"category","embeddable":true,"href":"https:\/\/www.gossip.it\/api\/wp\/v2\/categories?post=48825"},{"taxonomy":"post_tag","embeddable":true,"href":"https:\/\/www.gossip.it\/api\/wp\/v2\/tags?post=48825"},{"taxonomy":"vip","embeddable":true,"href":"https:\/\/www.gossip.it\/api\/wp\/v2\/vip?post=48825"}],"curies":[{"name":"wp","href":"https:\/\/api.w.org\/{rel}","templated":true}]}}