{"id":48839,"date":"2014-09-02T00:00:00","date_gmt":"2014-09-01T22:00:00","guid":{"rendered":"https:\/\/www.gossip.it\/senza-categoria\/eleonora-abbagnato-a-venezia-in-famiglia\/"},"modified":"2014-09-02T00:00:00","modified_gmt":"2014-09-01T22:00:00","slug":"eleonora-abbagnato-a-venezia-in-famiglia","status":"publish","type":"post","link":"https:\/\/www.gossip.it\/news\/eleonora-abbagnato-a-venezia-in-famiglia\/","title":{"rendered":"Eleonora Abbagnato a Venezia in famiglia"},"content":{"rendered":"<p>Alla <b>71esima<\/b> <a href=\"http:\/\/www.gossip.it\/vip\/mostra-del cinema di venezia\/\">Mostra del Cinema di Venezia<\/a> non solo stelle del <a href=\"http:\/\/www.gossip.it\/vip\/cinema\/\">cinema<\/a>, ma manche un'\u00e9toile della danza, splendida e chic pi\u00f9 del solito. Al Lido nei giorni scorsi \u00e8 sbarcata anche <a href=\"http:\/\/www.gossip.it\/vip\/eleonora-abbagnato\/\">Eleonora Abbagnato<\/a>, 36 anni, elegantissima, accompagnata al festival dal marito, <a href=\"http:\/\/www.gossip.it\/vip\/federico-balzaretti\/\">Federico Balzaretti<\/a>, 31enne terzino della <b>Roma<\/b> fuori dal campo da molto tempo a causa della pubalgia che lo affligge e per cui \u00e8 stato anche operato. Con loro le adorate figliolette, <b>Lucrezia<\/b>, nata nel 2006, e <b>Ginevra Vittoria<\/b>,  nata il 12 maggio 2008, che il giocatore ha avuto dalla sua ex compagna <b>Jessica<\/b>, e <b>Julia<\/b>, messa al mondo dalla ballerina dell'Opera di Parigi il 24 gennaio 2012.<\/p>\n<p>Sorridenti e sereni, Eleonora e Federico hanno posato per i tanti fotografi presenti. Radiosa l'Abbagnato, nuovamente in dolce attesa, anche se il pancino \u00e8 praticamente invisibile. Nel ventre porta <b>Gabriel<\/b>, un maschietto, per la gioia del pap\u00e0, che avr\u00e0 finalmente qualcuno in casa a cui insegnare a giocare a pallone. <em>\"Non ho intenzione di smettere di ballare. Mi fermer\u00f2 solo quando avr\u00f2 lo stop del medico, nella precedente gravidanza la pancia \u00e8 sbucata quasi alla fine\"<\/em>, ha spiegato l'\u00e9toile a <b><em>Chi<\/em><\/b> lo scorso fine luglio, quando la notizia della <a href=\"http:\/\/www.gossip.it\/vip\/gravidanza\/\">gravidanza<\/a> bis \u00e8 stata confermata dai diretti interessati al settimo cielo.<\/p>\n","protected":false},"excerpt":{"rendered":"<p>Alla 71esima Mostra del Cinema di Venezia non solo stelle del cinema, ma manche un'\u00e9toile della danza, splendida e chic pi\u00f9 del solito. Al Lido nei giorni scorsi \u00e8 sbarcata anche Eleonora Abbagnato, 36 anni, elegantissima, accompagnata al festival dal marito, Federico Balzaretti, 31enne terzino della Roma fuori dal campo da molto tempo a causa [&hellip;]<\/p>\n","protected":false},"author":1,"featured_media":104885,"comment_status":"closed","ping_status":"closed","sticky":false,"template":"","format":"standard","meta":{"footnotes":""},"categories":[54],"tags":[2505,6288,2218,4548,11825,9498,6950,5327,5300,49989,2181,2094,14779,5297,14089,3254,3253],"vip":[],"class_list":["post-48839","post","type-post","status-publish","format-standard","has-post-thumbnail","hentry","category-news","tag-ballerina","tag-bebe-in-arrivo","tag-calciatore","tag-cicogna","tag-di-venezia","tag-eleonora-abbagnato","tag-etoile","tag-festival-di-venezia","tag-figlie","tag-ginevra-vittoria","tag-gravidanza","tag-incinta","tag-julia","tag-lido","tag-lucrezia","tag-mostra-del-cinema","tag-venezia"],"yoast_head":"<title>Eleonora Abbagnato a Venezia in famiglia - Gossip.it | News sul Gossip e VIP<\/title>\n<meta name=\"description\" content=\"Alla 71esima Mostra del Cinema di Venezia non solo stelle del cinema, ma manche un&#039;\u00e9toile della danza, splendida e chic pi\u00f9 del solito. Al Lido nei giorni\" \/>\n<meta name=\"robots\" content=\"index, follow, max-snippet:-1, max-image-preview:large, max-video-preview:-1\" \/>\n<link rel=\"canonical\" href=\"https:\/\/www.gossip.it\/news\/eleonora-abbagnato-a-venezia-in-famiglia\/\" \/>\n<meta property=\"og:locale\" content=\"it_IT\" \/>\n<meta property=\"og:type\" content=\"article\" \/>\n<meta property=\"og:title\" content=\"Eleonora Abbagnato a Venezia in famiglia - Gossip.it | News sul Gossip e VIP\" \/>\n<meta property=\"og:description\" content=\"Alla 71esima Mostra del Cinema di Venezia non solo stelle del cinema, ma manche un&#039;\u00e9toile della danza, splendida e chic pi\u00f9 del solito. Al Lido nei giorni\" \/>\n<meta property=\"og:url\" content=\"https:\/\/www.gossip.it\/news\/eleonora-abbagnato-a-venezia-in-famiglia\/\" \/>\n<meta property=\"og:site_name\" content=\"Gossip.it | News sul Gossip e VIP\" \/>\n<meta property=\"article:publisher\" content=\"https:\/\/www.facebook.com\/GossipIT\" \/>\n<meta property=\"article:published_time\" content=\"2014-09-01T22:00:00+00:00\" \/>\n<meta property=\"og:image\" content=\"http:\/\/www.gossip.it\/images5\/1409653586_.jpg\" \/>\n<meta name=\"author\" content=\"La Redazione\" \/>\n<meta name=\"twitter:card\" content=\"summary_large_image\" \/>\n<meta name=\"twitter:image\" content=\"http:\/\/www.gossip.it\/images5\/1409653586_.jpg\" \/>\n<meta name=\"twitter:creator\" content=\"@gossinews_it\" \/>\n<meta name=\"twitter:site\" content=\"@gossinews_it\" \/>\n<meta name=\"twitter:label1\" content=\"Scritto da\" \/>\n\t<meta name=\"twitter:data1\" content=\"Annamaria Capozzi\" \/>\n\t<meta name=\"twitter:label2\" content=\"Tempo di lettura stimato\" \/>\n\t<meta name=\"twitter:data2\" content=\"1 minuto\" \/>","yoast_head_json":{"title":"Eleonora Abbagnato a Venezia in famiglia - Gossip.it | News sul Gossip e VIP","description":"Alla 71esima Mostra del Cinema di Venezia non solo stelle del cinema, ma manche un'\u00e9toile della danza, splendida e chic pi\u00f9 del solito. Al Lido nei giorni","robots":{"index":"index","follow":"follow","max-snippet":"max-snippet:-1","max-image-preview":"max-image-preview:large","max-video-preview":"max-video-preview:-1"},"canonical":"https:\/\/www.gossip.it\/news\/eleonora-abbagnato-a-venezia-in-famiglia\/","og_locale":"it_IT","og_type":"article","og_title":"Eleonora Abbagnato a Venezia in famiglia - Gossip.it | News sul Gossip e VIP","og_description":"Alla 71esima Mostra del Cinema di Venezia non solo stelle del cinema, ma manche un'\u00e9toile della danza, splendida e chic pi\u00f9 del solito. Al Lido nei giorni","og_url":"https:\/\/www.gossip.it\/news\/eleonora-abbagnato-a-venezia-in-famiglia\/","og_site_name":"Gossip.it | News sul Gossip e VIP","article_publisher":"https:\/\/www.facebook.com\/GossipIT","article_published_time":"2014-09-01T22:00:00+00:00","og_image":[{"url":"http:\/\/www.gossip.it\/images5\/1409653586_.jpg"}],"author":"La Redazione","twitter_card":"summary_large_image","twitter_image":"http:\/\/www.gossip.it\/images5\/1409653586_.jpg","twitter_creator":"@gossinews_it","twitter_site":"@gossinews_it","twitter_misc":{"Scritto da":"Annamaria Capozzi","Tempo di lettura stimato":"1 minuto"},"schema":{"@context":"https:\/\/schema.org","@graph":[{"@type":"Article","@id":"https:\/\/www.gossip.it\/news\/eleonora-abbagnato-a-venezia-in-famiglia\/#article","isPartOf":{"@id":"https:\/\/www.gossip.it\/news\/eleonora-abbagnato-a-venezia-in-famiglia\/"},"author":{"name":"La Redazione","@id":"https:\/\/www.gossip.it\/#\/schema\/person\/488896f75158bff1cc83c6c39d141110"},"headline":"Eleonora Abbagnato a Venezia in famiglia","datePublished":"2014-09-01T22:00:00+00:00","dateModified":"2014-09-01T22:00:00+00:00","mainEntityOfPage":{"@id":"https:\/\/www.gossip.it\/news\/eleonora-abbagnato-a-venezia-in-famiglia\/"},"wordCount":207,"publisher":{"@id":"https:\/\/www.gossip.it\/#organization"},"image":{"@id":"https:\/\/www.gossip.it\/news\/eleonora-abbagnato-a-venezia-in-famiglia\/#primaryimage"},"thumbnailUrl":"http:\/\/www.gossip.it\/images5\/1409653586_.jpg","keywords":["ballerina","beb\u00e8 in arrivo","calciatore","cicogna","di venezia","eleonora abbagnato","etoile","festival di venezia","figlie","ginevra vittoria","gravidanza","incinta","julia","lido","lucrezia","mostra del cinema","venezia"],"articleSection":["News"],"inLanguage":"it-IT"},{"@type":"WebPage","@id":"https:\/\/www.gossip.it\/news\/eleonora-abbagnato-a-venezia-in-famiglia\/","url":"https:\/\/www.gossip.it\/news\/eleonora-abbagnato-a-venezia-in-famiglia\/","name":"Eleonora Abbagnato a Venezia in famiglia - Gossip.it | News sul Gossip e VIP","isPartOf":{"@id":"https:\/\/www.gossip.it\/#website"},"primaryImageOfPage":{"@id":"https:\/\/www.gossip.it\/news\/eleonora-abbagnato-a-venezia-in-famiglia\/#primaryimage"},"image":{"@id":"https:\/\/www.gossip.it\/news\/eleonora-abbagnato-a-venezia-in-famiglia\/#primaryimage"},"thumbnailUrl":"http:\/\/www.gossip.it\/images5\/1409653586_.jpg","datePublished":"2014-09-01T22:00:00+00:00","dateModified":"2014-09-01T22:00:00+00:00","description":"Alla 71esima Mostra del Cinema di Venezia non solo stelle del cinema, ma manche un'\u00e9toile della danza, splendida e chic pi\u00f9 del solito. Al Lido nei giorni","breadcrumb":{"@id":"https:\/\/www.gossip.it\/news\/eleonora-abbagnato-a-venezia-in-famiglia\/#breadcrumb"},"inLanguage":"it-IT","potentialAction":[{"@type":"ReadAction","target":["https:\/\/www.gossip.it\/news\/eleonora-abbagnato-a-venezia-in-famiglia\/"]}]},{"@type":"ImageObject","inLanguage":"it-IT","@id":"https:\/\/www.gossip.it\/news\/eleonora-abbagnato-a-venezia-in-famiglia\/#primaryimage","url":"http:\/\/www.gossip.it\/images5\/1409653586_.jpg","contentUrl":"http:\/\/www.gossip.it\/images5\/1409653586_.jpg"},{"@type":"BreadcrumbList","@id":"https:\/\/www.gossip.it\/news\/eleonora-abbagnato-a-venezia-in-famiglia\/#breadcrumb","itemListElement":[{"@type":"ListItem","position":1,"name":"Home","item":"https:\/\/www.gossip.it\/"},{"@type":"ListItem","position":2,"name":"Eleonora Abbagnato a Venezia in famiglia"}]},{"@type":"WebSite","@id":"https:\/\/www.gossip.it\/#website","url":"https:\/\/www.gossip.it\/","name":"Gossip and VIP News","description":"Quotidiano di cronaca rosa, costume e societ\u00e0","publisher":{"@id":"https:\/\/www.gossip.it\/#organization"},"alternateName":"Gossip and VIP News","potentialAction":[{"@type":"SearchAction","target":{"@type":"EntryPoint","urlTemplate":"https:\/\/www.gossip.it\/?s={search_term_string}"},"query-input":{"@type":"PropertyValueSpecification","valueRequired":true,"valueName":"search_term_string"}}],"inLanguage":"it-IT"},{"@type":"Organization","@id":"https:\/\/www.gossip.it\/#organization","name":"Gossip and VIP News","alternateName":"Gossip News","url":"https:\/\/www.gossip.it\/","logo":{"@type":"ImageObject","inLanguage":"it-IT","@id":"https:\/\/www.gossip.it\/#\/schema\/logo\/image\/","url":"https:\/\/www.gossip.it\/wp-content\/uploads\/2022\/04\/cropped-corna-alta-tiny.png","contentUrl":"https:\/\/www.gossip.it\/wp-content\/uploads\/2022\/04\/cropped-corna-alta-tiny.png","width":512,"height":512,"caption":"Gossip and VIP News"},"image":{"@id":"https:\/\/www.gossip.it\/#\/schema\/logo\/image\/"},"sameAs":["https:\/\/www.facebook.com\/GossipIT","https:\/\/x.com\/gossinews_it","https:\/\/instagram.com\/gossip_it"]},{"@type":"Person","@id":"https:\/\/www.gossip.it\/#\/schema\/person\/488896f75158bff1cc83c6c39d141110","name":"La Redazione","image":{"@type":"ImageObject","inLanguage":"it-IT","@id":"https:\/\/www.gossip.it\/#\/schema\/person\/image\/","url":"https:\/\/secure.gravatar.com\/avatar\/5a5f5c6fa3e6700e4249abdad0263a1e94e927d9e0499b1cb09c1cd29c044d80?s=96&d=mm&r=g","contentUrl":"https:\/\/secure.gravatar.com\/avatar\/5a5f5c6fa3e6700e4249abdad0263a1e94e927d9e0499b1cb09c1cd29c044d80?s=96&d=mm&r=g","caption":"La Redazione"},"sameAs":["https:\/\/www.gossip.it"]}]}},"amp_enabled":true,"_links":{"self":[{"href":"https:\/\/www.gossip.it\/api\/wp\/v2\/posts\/48839","targetHints":{"allow":["GET"]}}],"collection":[{"href":"https:\/\/www.gossip.it\/api\/wp\/v2\/posts"}],"about":[{"href":"https:\/\/www.gossip.it\/api\/wp\/v2\/types\/post"}],"author":[{"embeddable":true,"href":"https:\/\/www.gossip.it\/api\/wp\/v2\/users\/1"}],"replies":[{"embeddable":true,"href":"https:\/\/www.gossip.it\/api\/wp\/v2\/comments?post=48839"}],"version-history":[{"count":0,"href":"https:\/\/www.gossip.it\/api\/wp\/v2\/posts\/48839\/revisions"}],"wp:featuredmedia":[{"embeddable":true,"href":"https:\/\/www.gossip.it\/api\/wp\/v2\/media\/104885"}],"wp:attachment":[{"href":"https:\/\/www.gossip.it\/api\/wp\/v2\/media?parent=48839"}],"wp:term":[{"taxonomy":"category","embeddable":true,"href":"https:\/\/www.gossip.it\/api\/wp\/v2\/categories?post=48839"},{"taxonomy":"post_tag","embeddable":true,"href":"https:\/\/www.gossip.it\/api\/wp\/v2\/tags?post=48839"},{"taxonomy":"vip","embeddable":true,"href":"https:\/\/www.gossip.it\/api\/wp\/v2\/vip?post=48839"}],"curies":[{"name":"wp","href":"https:\/\/api.w.org\/{rel}","templated":true}]}}