{"id":48841,"date":"2014-09-02T00:00:00","date_gmt":"2014-09-01T22:00:00","guid":{"rendered":"https:\/\/www.gossip.it\/senza-categoria\/elisabetta-canalis-passeggiata-milanese\/"},"modified":"2014-09-02T00:00:00","modified_gmt":"2014-09-01T22:00:00","slug":"elisabetta-canalis-passeggiata-milanese","status":"publish","type":"post","link":"https:\/\/www.gossip.it\/news\/elisabetta-canalis-passeggiata-milanese\/","title":{"rendered":"Elisabetta Canalis, passeggiata milanese"},"content":{"rendered":"<p>E' atterrata a Milano nel weekend, perch\u00e8 le sue <a href=\"http:\/\/www.gossip.it\/vip\/nozze\/\">nozze<\/a> ormai incombono. <a href=\"http:\/\/www.gossip.it\/vip\/elisabetta-canalis\/\">Elisabetta Canalis<\/a> \u00e8 tornata nella sua Italia per curare gli ultimi particolari legati ai\u00a0<a href=\"http:\/\/www.gossip.it\/vip\/fiori-d'arancio\/\">fiori d'arancio<\/a> insieme alla wedding planner di fiducia. Il <strong>14 settembre<\/strong> ad prossimo ad Alghero, in Sardegna, andr\u00e0 all'altare con <a href=\"http:\/\/www.gossip.it\/vip\/brian-perri\/\">Brian Perri<\/a>, il medico ortopedico che ha saputo darle tutto ci\u00f2 di cui aveva bisogno. L'ex <a href=\"http:\/\/www.gossip.it\/vip\/velina\/\">velina<\/a> \u00e8 assolutamente felice, anche quando si prende delle piccole pause in citt\u00e0 per una passeggiata. E' stata papoarazzata per le vie del centro meneghino insieme a un'amica. Look semplice, con pantaloni slim scuri e sopra una t-shirt bianco con la scritta <em>'black'<\/em> <strong>\"Berlin\"<\/strong>.<br \/>Stamani per lei \u00e8 gi\u00e0 tempo di shooting, perch\u00e9 unire il piacere al lavoro non \u00e8 mai male. Intanto nuovi particolari emergono sul <a href=\"http:\/\/www.gossip.it\/vip\/matrimonio\/\">matrimonio<\/a> e riguardano l'abito che la Canalis indosser\u00e0 per il s\u00ec. Eli vestir\u00e0 un modello disegnato per lei dallo stilista <a href=\"http:\/\/www.gossip.it\/vip\/alessandro-angelozzi\/\">Alessandro Angelozzi<\/a> e realizzato in Abruzzo nell'atelier del <strong>Borgo di Garrufo di Sant'Omero<\/strong>.<\/p>\n<figure class=\"caption\"><img decoding=\"async\" alt=\"\" width=\"620\" height=\"400\" src=\"http:\/\/files.gossip.it\/immagini_news\/2014\/09\/1409656140_1can.jpg\" \/><figcaption>Eli Canalis passeggia a Milano. Svelato sul social l'abito da sposa che indosser\u00e0 alle nozze con Brian Perri il prossimo 14 settembre ad Alghero: \u00e8 firmato da Alessandro Angelozzi<\/figcaption><\/figure>\n<p><em>\"Elisabetta ha privilegiato lo stile italiano, la semplicit\u00e0, la cura dei dettagli e la tradizione<\/em> - ha detto lo stilista che ha svelato sul suo profilo <em>Facebook<\/em> il bozzetto dell'abito bianco che indosser\u00e0 la ex <a href=\"http:\/\/www.gossip.it\/vip\/velina\/\">velina<\/a> - <em>E' una donna molto intelligente e pratica e l<strong>a decisione sulla scelta dell'abito da sposa \u00e8 stata presa in pochissimo tempo<\/strong>, contrariamente a tante donne che passano mesi interi a riflettere sul loro abito, dimostrandosi una donna sicura di se stessa e conscia dei suoi gusti. <strong>Per Elisabetta, emulata icona di stile, ho pensato ad un abito molto femminile ma che esprimesse anche la sua personalit\u00e0 di ragazza semplice<\/strong>. Un abito romantico, perch\u00e9 chi la conosce bene sa che Elisabetta \u00e8 una gran sognatrice. Ovviamente, <strong>rigorosamente bianco<\/strong>, nel rispetto del rito religioso e delle tradizioni\"<\/em>.<\/p>\n<p>\u00a0<\/p>\n","protected":false},"excerpt":{"rendered":"<p>E' atterrata a Milano nel weekend, perch\u00e8 le sue nozze ormai incombono. Elisabetta Canalis \u00e8 tornata nella sua Italia per curare gli ultimi particolari legati ai\u00a0fiori d'arancio insieme alla wedding planner di fiducia. Il 14 settembre ad prossimo ad Alghero, in Sardegna, andr\u00e0 all'altare con Brian Perri, il medico ortopedico che ha saputo darle tutto [&hellip;]<\/p>\n","protected":false},"author":1,"featured_media":104887,"comment_status":"closed","ping_status":"closed","sticky":false,"template":"","format":"standard","meta":{"footnotes":""},"categories":[54],"tags":[8559,8825,2220,2121,1950,1979,2216,5281,8852,2568,1967,1923,6561],"vip":[649],"class_list":["post-48841","post","type-post","status-publish","format-standard","has-post-thumbnail","hentry","category-news","tag-alessandro-angelozzi","tag-brian-perri","tag-fiori-darancio","tag-instagram","tag-matrimonio","tag-milano","tag-nozze","tag-paparazzate","tag-pieri","tag-protagonisti","tag-showgirl","tag-social","tag-velina","vip-elisabetta_canalis"],"yoast_head":"<title>Elisabetta Canalis, passeggiata milanese - Gossip.it | News sul Gossip e VIP<\/title>\n<meta name=\"description\" content=\"E&#039; atterrata a Milano nel weekend, perch\u00e8 le sue nozze ormai incombono. Elisabetta Canalis \u00e8 tornata nella sua Italia per curare gli ultimi particolari\" \/>\n<meta name=\"robots\" content=\"index, follow, max-snippet:-1, max-image-preview:large, max-video-preview:-1\" \/>\n<link rel=\"canonical\" href=\"https:\/\/www.gossip.it\/news\/elisabetta-canalis-passeggiata-milanese\/\" \/>\n<meta property=\"og:locale\" content=\"it_IT\" \/>\n<meta property=\"og:type\" content=\"article\" \/>\n<meta property=\"og:title\" content=\"Elisabetta Canalis, passeggiata milanese - Gossip.it | News sul Gossip e VIP\" \/>\n<meta property=\"og:description\" content=\"E&#039; atterrata a Milano nel weekend, perch\u00e8 le sue nozze ormai incombono. Elisabetta Canalis \u00e8 tornata nella sua Italia per curare gli ultimi particolari\" \/>\n<meta property=\"og:url\" content=\"https:\/\/www.gossip.it\/news\/elisabetta-canalis-passeggiata-milanese\/\" \/>\n<meta property=\"og:site_name\" content=\"Gossip.it | News sul Gossip e VIP\" \/>\n<meta property=\"article:publisher\" content=\"https:\/\/www.facebook.com\/GossipIT\" \/>\n<meta property=\"article:published_time\" content=\"2014-09-01T22:00:00+00:00\" \/>\n<meta property=\"og:image\" content=\"http:\/\/files.gossip.it\/immagini_news\/2014\/09\/1409656140_1can.jpg\" \/>\n<meta name=\"author\" content=\"La Redazione\" \/>\n<meta name=\"twitter:card\" content=\"summary_large_image\" \/>\n<meta name=\"twitter:image\" content=\"http:\/\/files.gossip.it\/immagini_news\/2014\/09\/1409656140_1can.jpg\" \/>\n<meta name=\"twitter:creator\" content=\"@gossinews_it\" \/>\n<meta name=\"twitter:site\" content=\"@gossinews_it\" \/>\n<meta name=\"twitter:label1\" content=\"Scritto da\" \/>\n\t<meta name=\"twitter:data1\" content=\"Annamaria Capozzi\" \/>\n\t<meta name=\"twitter:label2\" content=\"Tempo di lettura stimato\" \/>\n\t<meta name=\"twitter:data2\" content=\"2 minuti\" \/>","yoast_head_json":{"title":"Elisabetta Canalis, passeggiata milanese - Gossip.it | News sul Gossip e VIP","description":"E' atterrata a Milano nel weekend, perch\u00e8 le sue nozze ormai incombono. Elisabetta Canalis \u00e8 tornata nella sua Italia per curare gli ultimi particolari","robots":{"index":"index","follow":"follow","max-snippet":"max-snippet:-1","max-image-preview":"max-image-preview:large","max-video-preview":"max-video-preview:-1"},"canonical":"https:\/\/www.gossip.it\/news\/elisabetta-canalis-passeggiata-milanese\/","og_locale":"it_IT","og_type":"article","og_title":"Elisabetta Canalis, passeggiata milanese - Gossip.it | News sul Gossip e VIP","og_description":"E' atterrata a Milano nel weekend, perch\u00e8 le sue nozze ormai incombono. Elisabetta Canalis \u00e8 tornata nella sua Italia per curare gli ultimi particolari","og_url":"https:\/\/www.gossip.it\/news\/elisabetta-canalis-passeggiata-milanese\/","og_site_name":"Gossip.it | News sul Gossip e VIP","article_publisher":"https:\/\/www.facebook.com\/GossipIT","article_published_time":"2014-09-01T22:00:00+00:00","og_image":[{"url":"http:\/\/files.gossip.it\/immagini_news\/2014\/09\/1409656140_1can.jpg"}],"author":"La Redazione","twitter_card":"summary_large_image","twitter_image":"http:\/\/files.gossip.it\/immagini_news\/2014\/09\/1409656140_1can.jpg","twitter_creator":"@gossinews_it","twitter_site":"@gossinews_it","twitter_misc":{"Scritto da":"Annamaria Capozzi","Tempo di lettura stimato":"2 minuti"},"schema":{"@context":"https:\/\/schema.org","@graph":[{"@type":"Article","@id":"https:\/\/www.gossip.it\/news\/elisabetta-canalis-passeggiata-milanese\/#article","isPartOf":{"@id":"https:\/\/www.gossip.it\/news\/elisabetta-canalis-passeggiata-milanese\/"},"author":{"name":"La Redazione","@id":"https:\/\/www.gossip.it\/#\/schema\/person\/488896f75158bff1cc83c6c39d141110"},"headline":"Elisabetta Canalis, passeggiata milanese","datePublished":"2014-09-01T22:00:00+00:00","dateModified":"2014-09-01T22:00:00+00:00","mainEntityOfPage":{"@id":"https:\/\/www.gossip.it\/news\/elisabetta-canalis-passeggiata-milanese\/"},"wordCount":328,"publisher":{"@id":"https:\/\/www.gossip.it\/#organization"},"image":{"@id":"https:\/\/www.gossip.it\/news\/elisabetta-canalis-passeggiata-milanese\/#primaryimage"},"thumbnailUrl":"http:\/\/files.gossip.it\/immagini_news\/2014\/09\/1409656140_1can.jpg","keywords":["alessandro angelozzi","brian perri","fiori d&#039;arancio","instagram","matrimonio","milano","nozze","paparazzate","pieri","protagonisti","showgirl","social","velina"],"articleSection":["News"],"inLanguage":"it-IT"},{"@type":"WebPage","@id":"https:\/\/www.gossip.it\/news\/elisabetta-canalis-passeggiata-milanese\/","url":"https:\/\/www.gossip.it\/news\/elisabetta-canalis-passeggiata-milanese\/","name":"Elisabetta Canalis, passeggiata milanese - Gossip.it | News sul Gossip e VIP","isPartOf":{"@id":"https:\/\/www.gossip.it\/#website"},"primaryImageOfPage":{"@id":"https:\/\/www.gossip.it\/news\/elisabetta-canalis-passeggiata-milanese\/#primaryimage"},"image":{"@id":"https:\/\/www.gossip.it\/news\/elisabetta-canalis-passeggiata-milanese\/#primaryimage"},"thumbnailUrl":"http:\/\/files.gossip.it\/immagini_news\/2014\/09\/1409656140_1can.jpg","datePublished":"2014-09-01T22:00:00+00:00","dateModified":"2014-09-01T22:00:00+00:00","description":"E' atterrata a Milano nel weekend, perch\u00e8 le sue nozze ormai incombono. Elisabetta Canalis \u00e8 tornata nella sua Italia per curare gli ultimi particolari","breadcrumb":{"@id":"https:\/\/www.gossip.it\/news\/elisabetta-canalis-passeggiata-milanese\/#breadcrumb"},"inLanguage":"it-IT","potentialAction":[{"@type":"ReadAction","target":["https:\/\/www.gossip.it\/news\/elisabetta-canalis-passeggiata-milanese\/"]}]},{"@type":"ImageObject","inLanguage":"it-IT","@id":"https:\/\/www.gossip.it\/news\/elisabetta-canalis-passeggiata-milanese\/#primaryimage","url":"http:\/\/files.gossip.it\/immagini_news\/2014\/09\/1409656140_1can.jpg","contentUrl":"http:\/\/files.gossip.it\/immagini_news\/2014\/09\/1409656140_1can.jpg"},{"@type":"BreadcrumbList","@id":"https:\/\/www.gossip.it\/news\/elisabetta-canalis-passeggiata-milanese\/#breadcrumb","itemListElement":[{"@type":"ListItem","position":1,"name":"Home","item":"https:\/\/www.gossip.it\/"},{"@type":"ListItem","position":2,"name":"Elisabetta Canalis, passeggiata milanese"}]},{"@type":"WebSite","@id":"https:\/\/www.gossip.it\/#website","url":"https:\/\/www.gossip.it\/","name":"Gossip and VIP News","description":"Quotidiano di cronaca rosa, costume e societ\u00e0","publisher":{"@id":"https:\/\/www.gossip.it\/#organization"},"alternateName":"Gossip and VIP News","potentialAction":[{"@type":"SearchAction","target":{"@type":"EntryPoint","urlTemplate":"https:\/\/www.gossip.it\/?s={search_term_string}"},"query-input":{"@type":"PropertyValueSpecification","valueRequired":true,"valueName":"search_term_string"}}],"inLanguage":"it-IT"},{"@type":"Organization","@id":"https:\/\/www.gossip.it\/#organization","name":"Gossip and VIP News","alternateName":"Gossip News","url":"https:\/\/www.gossip.it\/","logo":{"@type":"ImageObject","inLanguage":"it-IT","@id":"https:\/\/www.gossip.it\/#\/schema\/logo\/image\/","url":"https:\/\/www.gossip.it\/wp-content\/uploads\/2022\/04\/cropped-corna-alta-tiny.png","contentUrl":"https:\/\/www.gossip.it\/wp-content\/uploads\/2022\/04\/cropped-corna-alta-tiny.png","width":512,"height":512,"caption":"Gossip and VIP News"},"image":{"@id":"https:\/\/www.gossip.it\/#\/schema\/logo\/image\/"},"sameAs":["https:\/\/www.facebook.com\/GossipIT","https:\/\/x.com\/gossinews_it","https:\/\/instagram.com\/gossip_it"]},{"@type":"Person","@id":"https:\/\/www.gossip.it\/#\/schema\/person\/488896f75158bff1cc83c6c39d141110","name":"La Redazione","image":{"@type":"ImageObject","inLanguage":"it-IT","@id":"https:\/\/www.gossip.it\/#\/schema\/person\/image\/","url":"https:\/\/secure.gravatar.com\/avatar\/5a5f5c6fa3e6700e4249abdad0263a1e94e927d9e0499b1cb09c1cd29c044d80?s=96&d=mm&r=g","contentUrl":"https:\/\/secure.gravatar.com\/avatar\/5a5f5c6fa3e6700e4249abdad0263a1e94e927d9e0499b1cb09c1cd29c044d80?s=96&d=mm&r=g","caption":"La Redazione"},"sameAs":["https:\/\/www.gossip.it"]}]}},"amp_enabled":true,"_links":{"self":[{"href":"https:\/\/www.gossip.it\/api\/wp\/v2\/posts\/48841","targetHints":{"allow":["GET"]}}],"collection":[{"href":"https:\/\/www.gossip.it\/api\/wp\/v2\/posts"}],"about":[{"href":"https:\/\/www.gossip.it\/api\/wp\/v2\/types\/post"}],"author":[{"embeddable":true,"href":"https:\/\/www.gossip.it\/api\/wp\/v2\/users\/1"}],"replies":[{"embeddable":true,"href":"https:\/\/www.gossip.it\/api\/wp\/v2\/comments?post=48841"}],"version-history":[{"count":0,"href":"https:\/\/www.gossip.it\/api\/wp\/v2\/posts\/48841\/revisions"}],"wp:featuredmedia":[{"embeddable":true,"href":"https:\/\/www.gossip.it\/api\/wp\/v2\/media\/104887"}],"wp:attachment":[{"href":"https:\/\/www.gossip.it\/api\/wp\/v2\/media?parent=48841"}],"wp:term":[{"taxonomy":"category","embeddable":true,"href":"https:\/\/www.gossip.it\/api\/wp\/v2\/categories?post=48841"},{"taxonomy":"post_tag","embeddable":true,"href":"https:\/\/www.gossip.it\/api\/wp\/v2\/tags?post=48841"},{"taxonomy":"vip","embeddable":true,"href":"https:\/\/www.gossip.it\/api\/wp\/v2\/vip?post=48841"}],"curies":[{"name":"wp","href":"https:\/\/api.w.org\/{rel}","templated":true}]}}