{"id":48848,"date":"2014-09-02T00:00:00","date_gmt":"2014-09-01T22:00:00","guid":{"rendered":"https:\/\/www.gossip.it\/senza-categoria\/cristina-parodi-e-tempo-di-shopping-con-benedetta\/"},"modified":"2014-09-02T00:00:00","modified_gmt":"2014-09-01T22:00:00","slug":"cristina-parodi-e-tempo-di-shopping-con-benedetta","status":"publish","type":"post","link":"https:\/\/www.gossip.it\/news\/cristina-parodi-e-tempo-di-shopping-con-benedetta\/","title":{"rendered":"Cristina Parodi, \u00e8 tempo di shopping con Benedetta"},"content":{"rendered":"<p>Abitino biaco bon ton per la signora pi\u00f9 chic della <a href=\"http:\/\/www.gossip.it\/vip\/tv\/\">tv<\/a>, che presto approder\u00e0 al timone di <b>\"La vita in diretta\"<\/b> su Rai Uno al fianco di <a href=\"http:\/\/www.gossip.it\/vip\/marco-liorni\/\">Marco Liorni<\/a>. <a href=\"http:\/\/www.gossip.it\/vip\/cristina-parodi\/\">Cristina Parodi<\/a> \u00e8 stata paparazzata nel centro di Milano insieme alla figlia <a href=\"http:\/\/www.gossip.it\/vip\/benedetta-gori\/\"><b><u>Benedetta<\/u><\/b><\/a>, che il 24 giugno scorso ha compiuto 18 anni. Look sportivo per la primogenita di casa, assolutamente felice accanto alla mamma, neo <em>'first lady'<\/em> di Bergamo, da quando il marito <a href=\"http:\/\/www.gossip.it\/vip\/giorgio-gori\/\">Giorgio Gori<\/a> \u00e8 stato eletto sindaco della citt\u00e0 a inizio estate. Le due amano fare acquisti insieme. Benedetta ha accompagnato la giornalista 49enne da Le Silla per comprare un paio di scarpe alla <a href=\"http:\/\/www.gossip.it\/vip\/moda\/\">moda<\/a>, poi un salto pure da Zara, perch\u00e9 i capi 'low cost' sono ormai un trend assoluto tra le giovanissime.<\/p>\n<p>La Parodi partir\u00e0 con la nuova sfida in televisione dal prossimo <b>8 settembre<\/b>. A 18 anni dalla conduzione di <b>\"Verissimo\"<\/b> torner\u00e0 protagonista il pomeriggio nelle case con il suo show. <em>\"Spostarsi da Milano e da Bergamo \u00e8 la parte pi\u00f9 impegnativa di questa avventura. Stare a Roma sar\u00e0 un sacrificio grosso. Rimanere lontana da casa \u00e8 una sofferenza. Lo \u00e8 anche per i miei figli e per Giorgio. Speriamo ne valga la pena\"<\/em>, ha spiegato alla stampa durante la presentazione della trasmissione.<\/p>\n","protected":false},"excerpt":{"rendered":"<p>Abitino biaco bon ton per la signora pi\u00f9 chic della tv, che presto approder\u00e0 al timone di \"La vita in diretta\" su Rai Uno al fianco di Marco Liorni. Cristina Parodi \u00e8 stata paparazzata nel centro di Milano insieme alla figlia Benedetta, che il 24 giugno scorso ha compiuto 18 anni. Look sportivo per la [&hellip;]<\/p>\n","protected":false},"author":1,"featured_media":104894,"comment_status":"closed","ping_status":"closed","sticky":false,"template":"","format":"standard","meta":{"footnotes":""},"categories":[54],"tags":[48314,1992,7573,1979,5281,2097],"vip":[543,873],"class_list":["post-48848","post","type-post","status-publish","format-standard","has-post-thumbnail","hentry","category-news","tag-benedetta-gori","tag-conduttrice","tag-la-vita-in-diretta","tag-milano","tag-paparazzate","tag-tv","vip-cristina_parodi","vip-giorgio_gori"],"yoast_head":"<title>Cristina Parodi, \u00e8 tempo di shopping con Benedetta - Gossip.it | News sul Gossip e VIP<\/title>\n<meta name=\"description\" content=\"Abitino biaco bon ton per la signora pi\u00f9 chic della tv, che presto approder\u00e0 al timone di &quot;La vita in diretta&quot; su Rai Uno al fianco di Marco Liorni.\" \/>\n<meta name=\"robots\" content=\"index, follow, max-snippet:-1, max-image-preview:large, max-video-preview:-1\" \/>\n<link rel=\"canonical\" href=\"https:\/\/www.gossip.it\/news\/cristina-parodi-e-tempo-di-shopping-con-benedetta\/\" \/>\n<meta property=\"og:locale\" content=\"it_IT\" \/>\n<meta property=\"og:type\" content=\"article\" \/>\n<meta property=\"og:title\" content=\"Cristina Parodi, \u00e8 tempo di shopping con Benedetta - Gossip.it | News sul Gossip e VIP\" \/>\n<meta property=\"og:description\" content=\"Abitino biaco bon ton per la signora pi\u00f9 chic della tv, che presto approder\u00e0 al timone di &quot;La vita in diretta&quot; su Rai Uno al fianco di Marco Liorni.\" \/>\n<meta property=\"og:url\" content=\"https:\/\/www.gossip.it\/news\/cristina-parodi-e-tempo-di-shopping-con-benedetta\/\" \/>\n<meta property=\"og:site_name\" content=\"Gossip.it | News sul Gossip e VIP\" \/>\n<meta property=\"article:publisher\" content=\"https:\/\/www.facebook.com\/GossipIT\" \/>\n<meta property=\"article:published_time\" content=\"2014-09-01T22:00:00+00:00\" \/>\n<meta property=\"og:image\" content=\"http:\/\/www.gossip.it\/images5\/1409666124_.jpg\" \/>\n<meta name=\"author\" content=\"La Redazione\" \/>\n<meta name=\"twitter:card\" content=\"summary_large_image\" \/>\n<meta name=\"twitter:image\" content=\"http:\/\/www.gossip.it\/images5\/1409666124_.jpg\" \/>\n<meta name=\"twitter:creator\" content=\"@gossinews_it\" \/>\n<meta name=\"twitter:site\" content=\"@gossinews_it\" \/>\n<meta name=\"twitter:label1\" content=\"Scritto da\" \/>\n\t<meta name=\"twitter:data1\" content=\"Annamaria Capozzi\" \/>\n\t<meta name=\"twitter:label2\" content=\"Tempo di lettura stimato\" \/>\n\t<meta name=\"twitter:data2\" content=\"1 minuto\" \/>","yoast_head_json":{"title":"Cristina Parodi, \u00e8 tempo di shopping con Benedetta - Gossip.it | News sul Gossip e VIP","description":"Abitino biaco bon ton per la signora pi\u00f9 chic della tv, che presto approder\u00e0 al timone di \"La vita in diretta\" su Rai Uno al fianco di Marco Liorni.","robots":{"index":"index","follow":"follow","max-snippet":"max-snippet:-1","max-image-preview":"max-image-preview:large","max-video-preview":"max-video-preview:-1"},"canonical":"https:\/\/www.gossip.it\/news\/cristina-parodi-e-tempo-di-shopping-con-benedetta\/","og_locale":"it_IT","og_type":"article","og_title":"Cristina Parodi, \u00e8 tempo di shopping con Benedetta - Gossip.it | News sul Gossip e VIP","og_description":"Abitino biaco bon ton per la signora pi\u00f9 chic della tv, che presto approder\u00e0 al timone di \"La vita in diretta\" su Rai Uno al fianco di Marco Liorni.","og_url":"https:\/\/www.gossip.it\/news\/cristina-parodi-e-tempo-di-shopping-con-benedetta\/","og_site_name":"Gossip.it | News sul Gossip e VIP","article_publisher":"https:\/\/www.facebook.com\/GossipIT","article_published_time":"2014-09-01T22:00:00+00:00","og_image":[{"url":"http:\/\/www.gossip.it\/images5\/1409666124_.jpg"}],"author":"La Redazione","twitter_card":"summary_large_image","twitter_image":"http:\/\/www.gossip.it\/images5\/1409666124_.jpg","twitter_creator":"@gossinews_it","twitter_site":"@gossinews_it","twitter_misc":{"Scritto da":"Annamaria Capozzi","Tempo di lettura stimato":"1 minuto"},"schema":{"@context":"https:\/\/schema.org","@graph":[{"@type":"Article","@id":"https:\/\/www.gossip.it\/news\/cristina-parodi-e-tempo-di-shopping-con-benedetta\/#article","isPartOf":{"@id":"https:\/\/www.gossip.it\/news\/cristina-parodi-e-tempo-di-shopping-con-benedetta\/"},"author":{"name":"La Redazione","@id":"https:\/\/www.gossip.it\/#\/schema\/person\/488896f75158bff1cc83c6c39d141110"},"headline":"Cristina Parodi, \u00e8 tempo di shopping con Benedetta","datePublished":"2014-09-01T22:00:00+00:00","dateModified":"2014-09-01T22:00:00+00:00","mainEntityOfPage":{"@id":"https:\/\/www.gossip.it\/news\/cristina-parodi-e-tempo-di-shopping-con-benedetta\/"},"wordCount":205,"publisher":{"@id":"https:\/\/www.gossip.it\/#organization"},"image":{"@id":"https:\/\/www.gossip.it\/news\/cristina-parodi-e-tempo-di-shopping-con-benedetta\/#primaryimage"},"thumbnailUrl":"http:\/\/www.gossip.it\/images5\/1409666124_.jpg","keywords":["benedetta gori","conduttrice","la vita in diretta","milano","paparazzate","tv"],"articleSection":["News"],"inLanguage":"it-IT"},{"@type":"WebPage","@id":"https:\/\/www.gossip.it\/news\/cristina-parodi-e-tempo-di-shopping-con-benedetta\/","url":"https:\/\/www.gossip.it\/news\/cristina-parodi-e-tempo-di-shopping-con-benedetta\/","name":"Cristina Parodi, \u00e8 tempo di shopping con Benedetta - Gossip.it | News sul Gossip e VIP","isPartOf":{"@id":"https:\/\/www.gossip.it\/#website"},"primaryImageOfPage":{"@id":"https:\/\/www.gossip.it\/news\/cristina-parodi-e-tempo-di-shopping-con-benedetta\/#primaryimage"},"image":{"@id":"https:\/\/www.gossip.it\/news\/cristina-parodi-e-tempo-di-shopping-con-benedetta\/#primaryimage"},"thumbnailUrl":"http:\/\/www.gossip.it\/images5\/1409666124_.jpg","datePublished":"2014-09-01T22:00:00+00:00","dateModified":"2014-09-01T22:00:00+00:00","description":"Abitino biaco bon ton per la signora pi\u00f9 chic della tv, che presto approder\u00e0 al timone di \"La vita in diretta\" su Rai Uno al fianco di Marco Liorni.","breadcrumb":{"@id":"https:\/\/www.gossip.it\/news\/cristina-parodi-e-tempo-di-shopping-con-benedetta\/#breadcrumb"},"inLanguage":"it-IT","potentialAction":[{"@type":"ReadAction","target":["https:\/\/www.gossip.it\/news\/cristina-parodi-e-tempo-di-shopping-con-benedetta\/"]}]},{"@type":"ImageObject","inLanguage":"it-IT","@id":"https:\/\/www.gossip.it\/news\/cristina-parodi-e-tempo-di-shopping-con-benedetta\/#primaryimage","url":"http:\/\/www.gossip.it\/images5\/1409666124_.jpg","contentUrl":"http:\/\/www.gossip.it\/images5\/1409666124_.jpg"},{"@type":"BreadcrumbList","@id":"https:\/\/www.gossip.it\/news\/cristina-parodi-e-tempo-di-shopping-con-benedetta\/#breadcrumb","itemListElement":[{"@type":"ListItem","position":1,"name":"Home","item":"https:\/\/www.gossip.it\/"},{"@type":"ListItem","position":2,"name":"Cristina Parodi, \u00e8 tempo di shopping con Benedetta"}]},{"@type":"WebSite","@id":"https:\/\/www.gossip.it\/#website","url":"https:\/\/www.gossip.it\/","name":"Gossip and VIP News","description":"Quotidiano di cronaca rosa, costume e societ\u00e0","publisher":{"@id":"https:\/\/www.gossip.it\/#organization"},"alternateName":"Gossip and VIP News","potentialAction":[{"@type":"SearchAction","target":{"@type":"EntryPoint","urlTemplate":"https:\/\/www.gossip.it\/?s={search_term_string}"},"query-input":{"@type":"PropertyValueSpecification","valueRequired":true,"valueName":"search_term_string"}}],"inLanguage":"it-IT"},{"@type":"Organization","@id":"https:\/\/www.gossip.it\/#organization","name":"Gossip and VIP News","alternateName":"Gossip News","url":"https:\/\/www.gossip.it\/","logo":{"@type":"ImageObject","inLanguage":"it-IT","@id":"https:\/\/www.gossip.it\/#\/schema\/logo\/image\/","url":"https:\/\/www.gossip.it\/wp-content\/uploads\/2022\/04\/cropped-corna-alta-tiny.png","contentUrl":"https:\/\/www.gossip.it\/wp-content\/uploads\/2022\/04\/cropped-corna-alta-tiny.png","width":512,"height":512,"caption":"Gossip and VIP News"},"image":{"@id":"https:\/\/www.gossip.it\/#\/schema\/logo\/image\/"},"sameAs":["https:\/\/www.facebook.com\/GossipIT","https:\/\/x.com\/gossinews_it","https:\/\/instagram.com\/gossip_it"]},{"@type":"Person","@id":"https:\/\/www.gossip.it\/#\/schema\/person\/488896f75158bff1cc83c6c39d141110","name":"La Redazione","image":{"@type":"ImageObject","inLanguage":"it-IT","@id":"https:\/\/www.gossip.it\/#\/schema\/person\/image\/","url":"https:\/\/secure.gravatar.com\/avatar\/5a5f5c6fa3e6700e4249abdad0263a1e94e927d9e0499b1cb09c1cd29c044d80?s=96&d=mm&r=g","contentUrl":"https:\/\/secure.gravatar.com\/avatar\/5a5f5c6fa3e6700e4249abdad0263a1e94e927d9e0499b1cb09c1cd29c044d80?s=96&d=mm&r=g","caption":"La Redazione"},"sameAs":["https:\/\/www.gossip.it"]}]}},"amp_enabled":true,"_links":{"self":[{"href":"https:\/\/www.gossip.it\/api\/wp\/v2\/posts\/48848","targetHints":{"allow":["GET"]}}],"collection":[{"href":"https:\/\/www.gossip.it\/api\/wp\/v2\/posts"}],"about":[{"href":"https:\/\/www.gossip.it\/api\/wp\/v2\/types\/post"}],"author":[{"embeddable":true,"href":"https:\/\/www.gossip.it\/api\/wp\/v2\/users\/1"}],"replies":[{"embeddable":true,"href":"https:\/\/www.gossip.it\/api\/wp\/v2\/comments?post=48848"}],"version-history":[{"count":0,"href":"https:\/\/www.gossip.it\/api\/wp\/v2\/posts\/48848\/revisions"}],"wp:featuredmedia":[{"embeddable":true,"href":"https:\/\/www.gossip.it\/api\/wp\/v2\/media\/104894"}],"wp:attachment":[{"href":"https:\/\/www.gossip.it\/api\/wp\/v2\/media?parent=48848"}],"wp:term":[{"taxonomy":"category","embeddable":true,"href":"https:\/\/www.gossip.it\/api\/wp\/v2\/categories?post=48848"},{"taxonomy":"post_tag","embeddable":true,"href":"https:\/\/www.gossip.it\/api\/wp\/v2\/tags?post=48848"},{"taxonomy":"vip","embeddable":true,"href":"https:\/\/www.gossip.it\/api\/wp\/v2\/vip?post=48848"}],"curies":[{"name":"wp","href":"https:\/\/api.w.org\/{rel}","templated":true}]}}