{"id":48981,"date":"2014-09-12T00:00:00","date_gmt":"2014-09-11T22:00:00","guid":{"rendered":"https:\/\/www.gossip.it\/senza-categoria\/max-gazze-niccolo-fabi-e-daniele-silvestri-un-album-insieme\/"},"modified":"2014-09-12T00:00:00","modified_gmt":"2014-09-11T22:00:00","slug":"max-gazze-niccolo-fabi-e-daniele-silvestri-un-album-insieme","status":"publish","type":"post","link":"https:\/\/www.gossip.it\/news\/max-gazze-niccolo-fabi-e-daniele-silvestri-un-album-insieme\/","title":{"rendered":"Max Gazz\u00e8, Niccol\u00f2 Fabi e Daniele Silvestri, un album insieme"},"content":{"rendered":"<p><a href=\"http:\/\/www.gossip.it\/vip\/niccol\u00f2-fabi\/\">Niccol\u00f2 Fabi<\/a>,<a href=\"http:\/\/www.gossip.it\/vip\/-daniele silvestri\/\"> Daniele Silvestri<\/a> e <a href=\"http:\/\/www.gossip.it\/vip\/max-gazz\u00e8\/\">Max Gazz\u00e8<\/a> hanno presentato a Roma il loro album, <b>\"Il Padrone della Festa\"<\/b>, in uscita il 16 settembre.  La conferenza stampa si \u00e8 tenuta in un locale a Piazza del Fico, nel cuore di <b>Roma<\/b>, poi i tre cantautori si sono esibiti davanti a fan e giornalisti con un piccolo concerto in strada:<em> \"Abbiamo deciso di collaborare insieme tempo fa, e da questa voglia di collaborare sono nate tante idee, in questi anni\", hanno spiegato. Fonte di ispirazione, \"Banana Republic\" di Lucio Dalla e Francesco de Gregori: \"Noi non volevamo ripeterne il successo, ma non neghiamo che la nostra ambizione era quella di dare alla luce un progetto quanto pi\u00f9 simile a quello\"<\/em>, hanno aggiunto.<\/p>\n<p>Durante la conferenza stampa anche un commento sulla proposta, ricevuta anni fa, di partecipare tutti insieme a <a href=\"http:\/\/www.gossip.it\/vip\/sanremo\/\">Sanremo<\/a>: \"<em>Tutto \u00e8 nato in seguito a una nostra esibizione, in trio, al programma condotto da <a href=\"http:\/\/www.gossip.it\/vip\/serena-dandini\/\">Serena Dandini<\/a>. Ci contatt\u00f2 per proporci di prendere parte al suo di prendere parte al suo secondo Festival: avremmo potuto tranquillamente partecipare alla kermesse, ma quello che volevamo era che la nostra collaborazione non si limitasse ad una partecipazione a Sanremo. E l'intero progetto, quando arriv\u00f2 la proposta di Fazio, non era ancora stato delineato\"<\/em>, ha raccontato Silvestri. Ora per\u00f2 hanno concretizzato il loro obiettivo, unendo l'amicizia che li lega da tempo alla bolgia di lavorare insieme.<\/p>\n","protected":false},"excerpt":{"rendered":"<p>Niccol\u00f2 Fabi, Daniele Silvestri e Max Gazz\u00e8 hanno presentato a Roma il loro album, \"Il Padrone della Festa\", in uscita il 16 settembre. La conferenza stampa si \u00e8 tenuta in un locale a Piazza del Fico, nel cuore di Roma, poi i tre cantautori si sono esibiti davanti a fan e giornalisti con un piccolo [&hellip;]<\/p>\n","protected":false},"author":1,"featured_media":105027,"comment_status":"closed","ping_status":"closed","sticky":false,"template":"","format":"standard","meta":{"footnotes":""},"categories":[54],"tags":[4263,1981,2446,3870,2102,50689,21135],"vip":[1407],"class_list":["post-48981","post","type-post","status-publish","format-standard","has-post-thumbnail","hentry","category-news","tag-album","tag-cantante","tag-conferenza-stampa","tag-daniele-silvestri","tag-dichiarazioni","tag-il-padrone-della-festa","tag-max-gazze","vip-niccolo_fabi"],"yoast_head":"<title>Max Gazz\u00e8, Niccol\u00f2 Fabi e Daniele Silvestri, un album insieme - Gossip.it | News sul Gossip e VIP<\/title>\n<meta name=\"description\" content=\"Niccol\u00f2 Fabi, Daniele Silvestri e Max Gazz\u00e8 hanno presentato a Roma il loro album, &quot;Il Padrone della Festa&quot;, in uscita il 16 settembre. La conferenza\" \/>\n<meta name=\"robots\" content=\"index, follow, max-snippet:-1, max-image-preview:large, max-video-preview:-1\" \/>\n<link rel=\"canonical\" href=\"https:\/\/www.gossip.it\/news\/max-gazze-niccolo-fabi-e-daniele-silvestri-un-album-insieme\/\" \/>\n<meta property=\"og:locale\" content=\"it_IT\" \/>\n<meta property=\"og:type\" content=\"article\" \/>\n<meta property=\"og:title\" content=\"Max Gazz\u00e8, Niccol\u00f2 Fabi e Daniele Silvestri, un album insieme - Gossip.it | News sul Gossip e VIP\" \/>\n<meta property=\"og:description\" content=\"Niccol\u00f2 Fabi, Daniele Silvestri e Max Gazz\u00e8 hanno presentato a Roma il loro album, &quot;Il Padrone della Festa&quot;, in uscita il 16 settembre. La conferenza\" \/>\n<meta property=\"og:url\" content=\"https:\/\/www.gossip.it\/news\/max-gazze-niccolo-fabi-e-daniele-silvestri-un-album-insieme\/\" \/>\n<meta property=\"og:site_name\" content=\"Gossip.it | News sul Gossip e VIP\" \/>\n<meta property=\"article:publisher\" content=\"https:\/\/www.facebook.com\/GossipIT\" \/>\n<meta property=\"article:published_time\" content=\"2014-09-11T22:00:00+00:00\" \/>\n<meta property=\"og:image\" content=\"http:\/\/www.gossip.it\/images5\/1410528817_.jpg\" \/>\n<meta name=\"author\" content=\"La Redazione\" \/>\n<meta name=\"twitter:card\" content=\"summary_large_image\" \/>\n<meta name=\"twitter:image\" content=\"http:\/\/www.gossip.it\/images5\/1410528817_.jpg\" \/>\n<meta name=\"twitter:creator\" content=\"@gossinews_it\" \/>\n<meta name=\"twitter:site\" content=\"@gossinews_it\" \/>\n<meta name=\"twitter:label1\" content=\"Scritto da\" \/>\n\t<meta name=\"twitter:data1\" content=\"Francesca Romana Domenici\" \/>\n\t<meta name=\"twitter:label2\" content=\"Tempo di lettura stimato\" \/>\n\t<meta name=\"twitter:data2\" content=\"1 minuto\" \/>","yoast_head_json":{"title":"Max Gazz\u00e8, Niccol\u00f2 Fabi e Daniele Silvestri, un album insieme - Gossip.it | News sul Gossip e VIP","description":"Niccol\u00f2 Fabi, Daniele Silvestri e Max Gazz\u00e8 hanno presentato a Roma il loro album, \"Il Padrone della Festa\", in uscita il 16 settembre. La conferenza","robots":{"index":"index","follow":"follow","max-snippet":"max-snippet:-1","max-image-preview":"max-image-preview:large","max-video-preview":"max-video-preview:-1"},"canonical":"https:\/\/www.gossip.it\/news\/max-gazze-niccolo-fabi-e-daniele-silvestri-un-album-insieme\/","og_locale":"it_IT","og_type":"article","og_title":"Max Gazz\u00e8, Niccol\u00f2 Fabi e Daniele Silvestri, un album insieme - Gossip.it | News sul Gossip e VIP","og_description":"Niccol\u00f2 Fabi, Daniele Silvestri e Max Gazz\u00e8 hanno presentato a Roma il loro album, \"Il Padrone della Festa\", in uscita il 16 settembre. La conferenza","og_url":"https:\/\/www.gossip.it\/news\/max-gazze-niccolo-fabi-e-daniele-silvestri-un-album-insieme\/","og_site_name":"Gossip.it | News sul Gossip e VIP","article_publisher":"https:\/\/www.facebook.com\/GossipIT","article_published_time":"2014-09-11T22:00:00+00:00","og_image":[{"url":"http:\/\/www.gossip.it\/images5\/1410528817_.jpg"}],"author":"La Redazione","twitter_card":"summary_large_image","twitter_image":"http:\/\/www.gossip.it\/images5\/1410528817_.jpg","twitter_creator":"@gossinews_it","twitter_site":"@gossinews_it","twitter_misc":{"Scritto da":"Francesca Romana Domenici","Tempo di lettura stimato":"1 minuto"},"schema":{"@context":"https:\/\/schema.org","@graph":[{"@type":"Article","@id":"https:\/\/www.gossip.it\/news\/max-gazze-niccolo-fabi-e-daniele-silvestri-un-album-insieme\/#article","isPartOf":{"@id":"https:\/\/www.gossip.it\/news\/max-gazze-niccolo-fabi-e-daniele-silvestri-un-album-insieme\/"},"author":{"name":"La Redazione","@id":"https:\/\/www.gossip.it\/#\/schema\/person\/488896f75158bff1cc83c6c39d141110"},"headline":"Max Gazz\u00e8, Niccol\u00f2 Fabi e Daniele Silvestri, un album insieme","datePublished":"2014-09-11T22:00:00+00:00","dateModified":"2014-09-11T22:00:00+00:00","mainEntityOfPage":{"@id":"https:\/\/www.gossip.it\/news\/max-gazze-niccolo-fabi-e-daniele-silvestri-un-album-insieme\/"},"wordCount":239,"publisher":{"@id":"https:\/\/www.gossip.it\/#organization"},"image":{"@id":"https:\/\/www.gossip.it\/news\/max-gazze-niccolo-fabi-e-daniele-silvestri-un-album-insieme\/#primaryimage"},"thumbnailUrl":"http:\/\/www.gossip.it\/images5\/1410528817_.jpg","keywords":["album","cantante","conferenza stampa","daniele silvestri","dichiarazioni","il padrone della festa","max gazz\u00e8"],"articleSection":["News"],"inLanguage":"it-IT"},{"@type":"WebPage","@id":"https:\/\/www.gossip.it\/news\/max-gazze-niccolo-fabi-e-daniele-silvestri-un-album-insieme\/","url":"https:\/\/www.gossip.it\/news\/max-gazze-niccolo-fabi-e-daniele-silvestri-un-album-insieme\/","name":"Max Gazz\u00e8, Niccol\u00f2 Fabi e Daniele Silvestri, un album insieme - Gossip.it | News sul Gossip e VIP","isPartOf":{"@id":"https:\/\/www.gossip.it\/#website"},"primaryImageOfPage":{"@id":"https:\/\/www.gossip.it\/news\/max-gazze-niccolo-fabi-e-daniele-silvestri-un-album-insieme\/#primaryimage"},"image":{"@id":"https:\/\/www.gossip.it\/news\/max-gazze-niccolo-fabi-e-daniele-silvestri-un-album-insieme\/#primaryimage"},"thumbnailUrl":"http:\/\/www.gossip.it\/images5\/1410528817_.jpg","datePublished":"2014-09-11T22:00:00+00:00","dateModified":"2014-09-11T22:00:00+00:00","description":"Niccol\u00f2 Fabi, Daniele Silvestri e Max Gazz\u00e8 hanno presentato a Roma il loro album, \"Il Padrone della Festa\", in uscita il 16 settembre. La conferenza","breadcrumb":{"@id":"https:\/\/www.gossip.it\/news\/max-gazze-niccolo-fabi-e-daniele-silvestri-un-album-insieme\/#breadcrumb"},"inLanguage":"it-IT","potentialAction":[{"@type":"ReadAction","target":["https:\/\/www.gossip.it\/news\/max-gazze-niccolo-fabi-e-daniele-silvestri-un-album-insieme\/"]}]},{"@type":"ImageObject","inLanguage":"it-IT","@id":"https:\/\/www.gossip.it\/news\/max-gazze-niccolo-fabi-e-daniele-silvestri-un-album-insieme\/#primaryimage","url":"http:\/\/www.gossip.it\/images5\/1410528817_.jpg","contentUrl":"http:\/\/www.gossip.it\/images5\/1410528817_.jpg"},{"@type":"BreadcrumbList","@id":"https:\/\/www.gossip.it\/news\/max-gazze-niccolo-fabi-e-daniele-silvestri-un-album-insieme\/#breadcrumb","itemListElement":[{"@type":"ListItem","position":1,"name":"Home","item":"https:\/\/www.gossip.it\/"},{"@type":"ListItem","position":2,"name":"Max Gazz\u00e8, Niccol\u00f2 Fabi e Daniele Silvestri, un album insieme"}]},{"@type":"WebSite","@id":"https:\/\/www.gossip.it\/#website","url":"https:\/\/www.gossip.it\/","name":"Gossip and VIP News","description":"Quotidiano di cronaca rosa, costume e societ\u00e0","publisher":{"@id":"https:\/\/www.gossip.it\/#organization"},"alternateName":"Gossip and VIP News","potentialAction":[{"@type":"SearchAction","target":{"@type":"EntryPoint","urlTemplate":"https:\/\/www.gossip.it\/?s={search_term_string}"},"query-input":{"@type":"PropertyValueSpecification","valueRequired":true,"valueName":"search_term_string"}}],"inLanguage":"it-IT"},{"@type":"Organization","@id":"https:\/\/www.gossip.it\/#organization","name":"Gossip and VIP News","alternateName":"Gossip News","url":"https:\/\/www.gossip.it\/","logo":{"@type":"ImageObject","inLanguage":"it-IT","@id":"https:\/\/www.gossip.it\/#\/schema\/logo\/image\/","url":"https:\/\/www.gossip.it\/wp-content\/uploads\/2022\/04\/cropped-corna-alta-tiny.png","contentUrl":"https:\/\/www.gossip.it\/wp-content\/uploads\/2022\/04\/cropped-corna-alta-tiny.png","width":512,"height":512,"caption":"Gossip and VIP News"},"image":{"@id":"https:\/\/www.gossip.it\/#\/schema\/logo\/image\/"},"sameAs":["https:\/\/www.facebook.com\/GossipIT","https:\/\/x.com\/gossinews_it","https:\/\/instagram.com\/gossip_it"]},{"@type":"Person","@id":"https:\/\/www.gossip.it\/#\/schema\/person\/488896f75158bff1cc83c6c39d141110","name":"La Redazione","image":{"@type":"ImageObject","inLanguage":"it-IT","@id":"https:\/\/www.gossip.it\/#\/schema\/person\/image\/","url":"https:\/\/secure.gravatar.com\/avatar\/5a5f5c6fa3e6700e4249abdad0263a1e94e927d9e0499b1cb09c1cd29c044d80?s=96&d=mm&r=g","contentUrl":"https:\/\/secure.gravatar.com\/avatar\/5a5f5c6fa3e6700e4249abdad0263a1e94e927d9e0499b1cb09c1cd29c044d80?s=96&d=mm&r=g","caption":"La Redazione"},"sameAs":["https:\/\/www.gossip.it"]}]}},"amp_enabled":true,"_links":{"self":[{"href":"https:\/\/www.gossip.it\/api\/wp\/v2\/posts\/48981","targetHints":{"allow":["GET"]}}],"collection":[{"href":"https:\/\/www.gossip.it\/api\/wp\/v2\/posts"}],"about":[{"href":"https:\/\/www.gossip.it\/api\/wp\/v2\/types\/post"}],"author":[{"embeddable":true,"href":"https:\/\/www.gossip.it\/api\/wp\/v2\/users\/1"}],"replies":[{"embeddable":true,"href":"https:\/\/www.gossip.it\/api\/wp\/v2\/comments?post=48981"}],"version-history":[{"count":0,"href":"https:\/\/www.gossip.it\/api\/wp\/v2\/posts\/48981\/revisions"}],"wp:featuredmedia":[{"embeddable":true,"href":"https:\/\/www.gossip.it\/api\/wp\/v2\/media\/105027"}],"wp:attachment":[{"href":"https:\/\/www.gossip.it\/api\/wp\/v2\/media?parent=48981"}],"wp:term":[{"taxonomy":"category","embeddable":true,"href":"https:\/\/www.gossip.it\/api\/wp\/v2\/categories?post=48981"},{"taxonomy":"post_tag","embeddable":true,"href":"https:\/\/www.gossip.it\/api\/wp\/v2\/tags?post=48981"},{"taxonomy":"vip","embeddable":true,"href":"https:\/\/www.gossip.it\/api\/wp\/v2\/vip?post=48981"}],"curies":[{"name":"wp","href":"https:\/\/api.w.org\/{rel}","templated":true}]}}