{"id":48988,"date":"2014-09-15T00:00:00","date_gmt":"2014-09-14T22:00:00","guid":{"rendered":"https:\/\/www.gossip.it\/senza-categoria\/belen-rodriguez-in-blu-per-la-canalis\/"},"modified":"2014-09-15T00:00:00","modified_gmt":"2014-09-14T22:00:00","slug":"belen-rodriguez-in-blu-per-la-canalis","status":"publish","type":"post","link":"https:\/\/www.gossip.it\/news\/belen-rodriguez-in-blu-per-la-canalis\/","title":{"rendered":"Belen Rodriguez in blu per la Canalis"},"content":{"rendered":"<p>Non tutti l'hanno apprezzato, ma probabilmente l'argentina, che alle critiche \u00e8 abituata, se ne infischia. <a href=\"http:\/\/www.gossip.it\/vip\/belen-rodriguez\/\">Belen Rodriguez<\/a> per partecipare alle <a href=\"http:\/\/www.gossip.it\/vip\/nozze\/\">nozze<\/a> dell'amica <a href=\"http:\/\/www.gossip.it\/vip\/elisabetta-canalis\/\">Elisabetta Canalis<\/a>, <a href=\"http:\/\/www.gossip.it\/protagonisti\/elisabetta_canalis_e_brian_perri_il_loro_giorno_del_si_foto_sperw.html?id=b4bebc31dd7dfc241787802828005f95\">che ieri ha sposato ad Alghero, in Sardegna, il medico ortopedico americano<\/a> <a href=\"http:\/\/www.gossip.it\/vip\/brian-perri\/\">Brian Perri<\/a>, ha deciso di indossare un abito lungo molto sexy, tutto trasparenze e paillettes, con spacco vertiginoso, firmato <strong>Zuhair Murad<\/strong>, lasciando pochissimo spazio all'immaginazione.\u00a0<\/p>\n<figure class=\"caption\"><img decoding=\"async\" alt=\"\" width=\"620\" height=\"410\" src=\"http:\/\/files.gossip.it\/immagini_news\/2014\/09\/1410774900_nf-belen.jpg\" \/><figcaption>Belen Rodriguez sceglie il blu elettrico e le trasparenze os\u00e8 per le nozze di Elisabetta Canalis<\/figcaption><\/figure>\n<p>La 29enne \u00e8 arrivata sull'isola in aereo, con l'inseparabile <a href=\"http:\/\/www.gossip.it\/vip\/simona-miele\/\">Simona Miele<\/a> e <a href=\"http:\/\/www.gossip.it\/vip\/lorenzo-cherubini\/\">Lorenzo Cherubini<\/a>. Insieme a lei anche l'adorato marito <a href=\"http:\/\/www.gossip.it\/vip\/stefano-de martino\/\">Stefano De Martino<\/a>, che per i <a href=\"http:\/\/www.gossip.it\/vip\/fiori-d'arancio\/\">fiori d'arancio<\/a> ha voluto essere molto pi\u00f9 casual.\u00a0<\/p>\n<figure class=\"caption\"><img decoding=\"async\" alt=\"\" width=\"620\" height=\"999\" src=\"http:\/\/files.gossip.it\/immagini_news\/2014\/09\/1410774947_nf2.jpg\" \/><figcaption>L'abito dell'argentina 29enne, elegantissimo e sexy, firmato da\u00a0Zuhair Murad, non ha convinto tutti<\/figcaption><\/figure>\n<p><a href=\"http:\/\/www.gossip.it\/vip\/belen\/\">Belen<\/a> \u00e8 stata notata da tutti, come ormai spesso le accade. Mai inosservata, ha raccolto infiniti flash. Capelli raccolti in una coda e sorriso smagliate, ha salutato la folla, come la pi\u00f9 consumata delle celebrit\u00e0.<\/p>\n<figure class=\"caption\"><img decoding=\"async\" alt=\"\" width=\"620\" height=\"999\" src=\"http:\/\/files.gossip.it\/immagini_news\/2014\/09\/1410775016_nf-belen3.jpg\" \/><figcaption>Sul social molte critiche per la showgirl, per il vestito giudicato poco adatto per l'occasione<\/figcaption><\/figure>\n<p>Anche sul <a href=\"http:\/\/www.gossip.it\/vip\/social\/\">social<\/a>, immancabili, sono arrivati gli scatti online del prima, in cui ha raccontato il suo viaggio da Milano, e del dopo, elegantissima e fascinosa, al fianco del ballerino ex <strong>\"<\/strong><a href=\"http:\/\/www.gossip.it\/vip\/amici\/\">Amici<\/a><strong>\"<\/strong>. I follower hanno commentato a pi\u00f9 non posso. <em>\"Per me non \u00e8 un abito adatto a un matrimonio\"<\/em>, ha scritto qualcuno. <strong><em>\"Ho trovato irrispettoso nei confronti di Elisabetta indossare un vestito che togliesse l'attenzione alla sposa\"<\/em><\/strong>, altri. Critiche anche allo stilista che, secondo loro, avrebbe dovuto consigliarla meglio. Ma c'\u00e8 stato pure chi ha solo fatto complimenti alla Rodriguez che, come spesso accade, divide, ma riesce sempre e comunque a far parlare di s\u00e9, anche in fatto di polemiche.<\/p>\n<figure class=\"caption\"><img decoding=\"async\" alt=\"\" width=\"620\" height=\"510\" src=\"http:\/\/files.gossip.it\/immagini_news\/2014\/09\/1410780014_3bel.jpg\" \/><figcaption>Sul web Selvaggia Lucarelli \u00e8 entrata in polemica con Belen per la sua mise e per un cinguettio 'incriminato' dell'argentina<\/figcaption><\/figure>\n<p>E' <a href=\"http:\/\/www.gossip.it\/vip\/selvaggia-lucarelli\/\">Selvaggia Lucarelli<\/a> a entrare in querelle con Belen. Su <em>Facebook<\/em>, dove aveva gi\u00e0 espresso il non gradimento per la sua mise, la giornalista e blogger ha scritto in un lungo post: <em>\"Mia cara Belen, sei bella, ricca, fortunata. Ti vesti da <\/em><a href=\"http:\/\/www.gossip.it\/vip\/carolina-kostner\/\">Carolina Kostner<\/a><em> a un matrimonio e ti becchi battute e critiche assortite. Alcune innocue come la mia, altre rancorose. (Gli insulti sono una questione a parte, io stessa ne sto cancellando molti a te rivolti nel mio post sul tuo abito) Io credo che tu possa volare alto. Molto molto alto. <strong>E invece prendi una ragazzina un po' in carne che scrive un commentino scemo sulla tua pagina instagram e le dai sostanzialmente della chiattona. La sfotti chiamandola bambolotta anzich\u00e9 bambolina come e' il suo nick. Parli di zip che a te si chiudono e ad altre no<\/strong>. Mia cara Belen, quella ragazzina magari un giorno far\u00e0 pace con i suoi complessi ( a patto che li abbia) e la smetter\u00e0 con quel livore scemo (aveva scritto che dovevi essere pi\u00f9 sobria, che sei un'egocentrica) . <strong>Bisogna vedere se riuscirai a fare pace tu, un domani, con l'et\u00e0 che avanza e una zip che non si chiuder\u00e0 neanche pi\u00f9 a te. Perch\u00e9 guarda che si', toccher\u00e0 anche a te<\/strong>. Dammi retta. Prova a goderti il momento e la tua bellezza e non fare battute a ragazzine che magari non mangiano per entrare nel tuo vestito da pattinatrice. Pensaci\"<\/em>. Selvaggia ha accompagnato le parole con una foto in cui c'\u00e8 immortalato il cinguettio della <a href=\"http:\/\/www.gossip.it\/vip\/showgirl\/\">showgirl<\/a>\u00a0incriminato, per niente pacifico e che non le rende onore. In serata, per\u00f2, su Facebook, \u00e8 arrivata la controreplica della Rodriguez.<\/p>\n<figure class=\"caption\"><img decoding=\"async\" alt=\"\" width=\"620\" height=\"592\" src=\"http:\/\/files.gossip.it\/immagini_news\/2014\/09\/1410858860_bel.jpg\" \/><figcaption>In serata \u00e8 arrivata la controreplica di Belen su Facebook. Il profilo a cui ha risposto ironica e tagliente \u00e8 un 'fake'<\/figcaption><\/figure>\n<p><em>\"Speravo di non dover dare adito a questa faccenda ma ancora una volta mi tocca replicare per chiarire le cose <\/em>- ha scritto nel lungo post - <em>Ormai tutti sanno che dietro profili anonimi ci sono spesso e volentieri persone che non fanno altro che insultare e riempire le pagine dei personaggi pubblici e non, di cattiverie che vanno ben oltre una semplice critica ad un vestito. <strong>l'utente a cui ho dato quella risposta \u00e8 uno di questi che ricrea un profilo ogni volta che blocco e cancello pur mantenendo un 'analogia nel nome<\/strong> (bambolina72, superbambolina, bambolina super star...etc). <strong>Dopo svariati messaggi pieni di parolacce ed insulti gravi e non sto a precisare cosa, le ho riposto con ironia e impulsivit\u00e0 ad uno degli ultimi cancellando quelli che io ritengo vergognosi<\/strong>. I giornalisti o cosiddetti tali che riportano una notizia del genere tirando in ballo problematiche pesanti sono pregati di riportare la verit\u00e0 perch\u00e9 <strong>non si pu\u00f2 creare una notizia senza riportare il fatto che il profilo sia uno dei tanti fake che ci sono sul web. Aldil\u00e0 di tutto non parliamo di problemi di silhouette, ma parliamo di bullismo virtuale. Ah dimenticavo, questa persona non ha mai pubblicato nessuna sua fotografia, mai nulla, quindi io non so come sia fatta<\/strong>..\"..<\/em><\/p>\n<p>\u00a0<\/p>\n","protected":false},"excerpt":{"rendered":"<p>Non tutti l'hanno apprezzato, ma probabilmente l'argentina, che alle critiche \u00e8 abituata, se ne infischia. Belen Rodriguez per partecipare alle nozze dell'amica Elisabetta Canalis, che ieri ha sposato ad Alghero, in Sardegna, il medico ortopedico americano Brian Perri, ha deciso di indossare un abito lungo molto sexy, tutto trasparenze e paillettes, con spacco vertiginoso, firmato [&hellip;]<\/p>\n","protected":false},"author":1,"featured_media":105034,"comment_status":"closed","ping_status":"closed","sticky":false,"template":"","format":"standard","meta":{"footnotes":""},"categories":[54],"tags":[2504,50567,8825,2220,2121,1950,1979,2216,2568,7659,1967,1923,2097],"vip":[649,1731],"class_list":["post-48988","post","type-post","status-publish","format-standard","has-post-thumbnail","hentry","category-news","tag-ballerino","tag-belen-rodrguez","tag-brian-perri","tag-fiori-darancio","tag-instagram","tag-matrimonio","tag-milano","tag-nozze","tag-protagonisti","tag-santiago","tag-showgirl","tag-social","tag-tv","vip-elisabetta_canalis","vip-stefano_de_martino"],"yoast_head":"<title>Belen Rodriguez in blu per la Canalis - Gossip.it | News sul Gossip e VIP<\/title>\n<meta name=\"description\" content=\"Non tutti l&#039;hanno apprezzato, ma probabilmente l&#039;argentina, che alle critiche \u00e8 abituata, se ne infischia. Belen Rodriguez per partecipare alle nozze\" \/>\n<meta name=\"robots\" content=\"index, follow, max-snippet:-1, max-image-preview:large, max-video-preview:-1\" \/>\n<link rel=\"canonical\" href=\"https:\/\/www.gossip.it\/news\/belen-rodriguez-in-blu-per-la-canalis\/\" \/>\n<meta property=\"og:locale\" content=\"it_IT\" \/>\n<meta property=\"og:type\" content=\"article\" \/>\n<meta property=\"og:title\" content=\"Belen Rodriguez in blu per la Canalis - Gossip.it | News sul Gossip e VIP\" \/>\n<meta property=\"og:description\" content=\"Non tutti l&#039;hanno apprezzato, ma probabilmente l&#039;argentina, che alle critiche \u00e8 abituata, se ne infischia. Belen Rodriguez per partecipare alle nozze\" \/>\n<meta property=\"og:url\" content=\"https:\/\/www.gossip.it\/news\/belen-rodriguez-in-blu-per-la-canalis\/\" \/>\n<meta property=\"og:site_name\" content=\"Gossip.it | News sul Gossip e VIP\" \/>\n<meta property=\"article:publisher\" content=\"https:\/\/www.facebook.com\/GossipIT\" \/>\n<meta property=\"article:published_time\" content=\"2014-09-14T22:00:00+00:00\" \/>\n<meta property=\"og:image\" content=\"http:\/\/files.gossip.it\/immagini_news\/2014\/09\/1410774900_nf-belen.jpg\" \/>\n<meta name=\"author\" content=\"La Redazione\" \/>\n<meta name=\"twitter:card\" content=\"summary_large_image\" \/>\n<meta name=\"twitter:image\" content=\"http:\/\/files.gossip.it\/immagini_news\/2014\/09\/1410774900_nf-belen.jpg\" \/>\n<meta name=\"twitter:creator\" content=\"@gossinews_it\" \/>\n<meta name=\"twitter:site\" content=\"@gossinews_it\" \/>\n<meta name=\"twitter:label1\" content=\"Scritto da\" \/>\n\t<meta name=\"twitter:data1\" content=\"Annamaria Capozzi\" \/>\n\t<meta name=\"twitter:label2\" content=\"Tempo di lettura stimato\" \/>\n\t<meta name=\"twitter:data2\" content=\"4 minuti\" \/>","yoast_head_json":{"title":"Belen Rodriguez in blu per la Canalis - Gossip.it | News sul Gossip e VIP","description":"Non tutti l'hanno apprezzato, ma probabilmente l'argentina, che alle critiche \u00e8 abituata, se ne infischia. Belen Rodriguez per partecipare alle nozze","robots":{"index":"index","follow":"follow","max-snippet":"max-snippet:-1","max-image-preview":"max-image-preview:large","max-video-preview":"max-video-preview:-1"},"canonical":"https:\/\/www.gossip.it\/news\/belen-rodriguez-in-blu-per-la-canalis\/","og_locale":"it_IT","og_type":"article","og_title":"Belen Rodriguez in blu per la Canalis - Gossip.it | News sul Gossip e VIP","og_description":"Non tutti l'hanno apprezzato, ma probabilmente l'argentina, che alle critiche \u00e8 abituata, se ne infischia. Belen Rodriguez per partecipare alle nozze","og_url":"https:\/\/www.gossip.it\/news\/belen-rodriguez-in-blu-per-la-canalis\/","og_site_name":"Gossip.it | News sul Gossip e VIP","article_publisher":"https:\/\/www.facebook.com\/GossipIT","article_published_time":"2014-09-14T22:00:00+00:00","og_image":[{"url":"http:\/\/files.gossip.it\/immagini_news\/2014\/09\/1410774900_nf-belen.jpg"}],"author":"La Redazione","twitter_card":"summary_large_image","twitter_image":"http:\/\/files.gossip.it\/immagini_news\/2014\/09\/1410774900_nf-belen.jpg","twitter_creator":"@gossinews_it","twitter_site":"@gossinews_it","twitter_misc":{"Scritto da":"Annamaria Capozzi","Tempo di lettura stimato":"4 minuti"},"schema":{"@context":"https:\/\/schema.org","@graph":[{"@type":"Article","@id":"https:\/\/www.gossip.it\/news\/belen-rodriguez-in-blu-per-la-canalis\/#article","isPartOf":{"@id":"https:\/\/www.gossip.it\/news\/belen-rodriguez-in-blu-per-la-canalis\/"},"author":{"name":"La Redazione","@id":"https:\/\/www.gossip.it\/#\/schema\/person\/488896f75158bff1cc83c6c39d141110"},"headline":"Belen Rodriguez in blu per la Canalis","datePublished":"2014-09-14T22:00:00+00:00","dateModified":"2014-09-14T22:00:00+00:00","mainEntityOfPage":{"@id":"https:\/\/www.gossip.it\/news\/belen-rodriguez-in-blu-per-la-canalis\/"},"wordCount":829,"publisher":{"@id":"https:\/\/www.gossip.it\/#organization"},"image":{"@id":"https:\/\/www.gossip.it\/news\/belen-rodriguez-in-blu-per-la-canalis\/#primaryimage"},"thumbnailUrl":"http:\/\/files.gossip.it\/immagini_news\/2014\/09\/1410774900_nf-belen.jpg","keywords":["ballerino","belen rodrguez","brian perri","fiori d&#039;arancio","instagram","matrimonio","milano","nozze","protagonisti","santiago","showgirl","social","tv"],"articleSection":["News"],"inLanguage":"it-IT"},{"@type":"WebPage","@id":"https:\/\/www.gossip.it\/news\/belen-rodriguez-in-blu-per-la-canalis\/","url":"https:\/\/www.gossip.it\/news\/belen-rodriguez-in-blu-per-la-canalis\/","name":"Belen Rodriguez in blu per la Canalis - Gossip.it | News sul Gossip e VIP","isPartOf":{"@id":"https:\/\/www.gossip.it\/#website"},"primaryImageOfPage":{"@id":"https:\/\/www.gossip.it\/news\/belen-rodriguez-in-blu-per-la-canalis\/#primaryimage"},"image":{"@id":"https:\/\/www.gossip.it\/news\/belen-rodriguez-in-blu-per-la-canalis\/#primaryimage"},"thumbnailUrl":"http:\/\/files.gossip.it\/immagini_news\/2014\/09\/1410774900_nf-belen.jpg","datePublished":"2014-09-14T22:00:00+00:00","dateModified":"2014-09-14T22:00:00+00:00","description":"Non tutti l'hanno apprezzato, ma probabilmente l'argentina, che alle critiche \u00e8 abituata, se ne infischia. Belen Rodriguez per partecipare alle nozze","breadcrumb":{"@id":"https:\/\/www.gossip.it\/news\/belen-rodriguez-in-blu-per-la-canalis\/#breadcrumb"},"inLanguage":"it-IT","potentialAction":[{"@type":"ReadAction","target":["https:\/\/www.gossip.it\/news\/belen-rodriguez-in-blu-per-la-canalis\/"]}]},{"@type":"ImageObject","inLanguage":"it-IT","@id":"https:\/\/www.gossip.it\/news\/belen-rodriguez-in-blu-per-la-canalis\/#primaryimage","url":"http:\/\/files.gossip.it\/immagini_news\/2014\/09\/1410774900_nf-belen.jpg","contentUrl":"http:\/\/files.gossip.it\/immagini_news\/2014\/09\/1410774900_nf-belen.jpg"},{"@type":"BreadcrumbList","@id":"https:\/\/www.gossip.it\/news\/belen-rodriguez-in-blu-per-la-canalis\/#breadcrumb","itemListElement":[{"@type":"ListItem","position":1,"name":"Home","item":"https:\/\/www.gossip.it\/"},{"@type":"ListItem","position":2,"name":"Belen Rodriguez in blu per la Canalis"}]},{"@type":"WebSite","@id":"https:\/\/www.gossip.it\/#website","url":"https:\/\/www.gossip.it\/","name":"Gossip and VIP News","description":"Quotidiano di cronaca rosa, costume e societ\u00e0","publisher":{"@id":"https:\/\/www.gossip.it\/#organization"},"alternateName":"Gossip and VIP News","potentialAction":[{"@type":"SearchAction","target":{"@type":"EntryPoint","urlTemplate":"https:\/\/www.gossip.it\/?s={search_term_string}"},"query-input":{"@type":"PropertyValueSpecification","valueRequired":true,"valueName":"search_term_string"}}],"inLanguage":"it-IT"},{"@type":"Organization","@id":"https:\/\/www.gossip.it\/#organization","name":"Gossip and VIP News","alternateName":"Gossip News","url":"https:\/\/www.gossip.it\/","logo":{"@type":"ImageObject","inLanguage":"it-IT","@id":"https:\/\/www.gossip.it\/#\/schema\/logo\/image\/","url":"https:\/\/www.gossip.it\/wp-content\/uploads\/2022\/04\/cropped-corna-alta-tiny.png","contentUrl":"https:\/\/www.gossip.it\/wp-content\/uploads\/2022\/04\/cropped-corna-alta-tiny.png","width":512,"height":512,"caption":"Gossip and VIP News"},"image":{"@id":"https:\/\/www.gossip.it\/#\/schema\/logo\/image\/"},"sameAs":["https:\/\/www.facebook.com\/GossipIT","https:\/\/x.com\/gossinews_it","https:\/\/instagram.com\/gossip_it"]},{"@type":"Person","@id":"https:\/\/www.gossip.it\/#\/schema\/person\/488896f75158bff1cc83c6c39d141110","name":"La Redazione","image":{"@type":"ImageObject","inLanguage":"it-IT","@id":"https:\/\/www.gossip.it\/#\/schema\/person\/image\/","url":"https:\/\/secure.gravatar.com\/avatar\/5a5f5c6fa3e6700e4249abdad0263a1e94e927d9e0499b1cb09c1cd29c044d80?s=96&d=mm&r=g","contentUrl":"https:\/\/secure.gravatar.com\/avatar\/5a5f5c6fa3e6700e4249abdad0263a1e94e927d9e0499b1cb09c1cd29c044d80?s=96&d=mm&r=g","caption":"La Redazione"},"sameAs":["https:\/\/www.gossip.it"]}]}},"amp_enabled":true,"_links":{"self":[{"href":"https:\/\/www.gossip.it\/api\/wp\/v2\/posts\/48988","targetHints":{"allow":["GET"]}}],"collection":[{"href":"https:\/\/www.gossip.it\/api\/wp\/v2\/posts"}],"about":[{"href":"https:\/\/www.gossip.it\/api\/wp\/v2\/types\/post"}],"author":[{"embeddable":true,"href":"https:\/\/www.gossip.it\/api\/wp\/v2\/users\/1"}],"replies":[{"embeddable":true,"href":"https:\/\/www.gossip.it\/api\/wp\/v2\/comments?post=48988"}],"version-history":[{"count":0,"href":"https:\/\/www.gossip.it\/api\/wp\/v2\/posts\/48988\/revisions"}],"wp:featuredmedia":[{"embeddable":true,"href":"https:\/\/www.gossip.it\/api\/wp\/v2\/media\/105034"}],"wp:attachment":[{"href":"https:\/\/www.gossip.it\/api\/wp\/v2\/media?parent=48988"}],"wp:term":[{"taxonomy":"category","embeddable":true,"href":"https:\/\/www.gossip.it\/api\/wp\/v2\/categories?post=48988"},{"taxonomy":"post_tag","embeddable":true,"href":"https:\/\/www.gossip.it\/api\/wp\/v2\/tags?post=48988"},{"taxonomy":"vip","embeddable":true,"href":"https:\/\/www.gossip.it\/api\/wp\/v2\/vip?post=48988"}],"curies":[{"name":"wp","href":"https:\/\/api.w.org\/{rel}","templated":true}]}}