{"id":49070,"date":"2014-09-22T00:00:00","date_gmt":"2014-09-21T22:00:00","guid":{"rendered":"https:\/\/www.gossip.it\/senza-categoria\/elisabetta-canalis-l-abito-da-sposa-all-asta\/"},"modified":"2014-09-22T00:00:00","modified_gmt":"2014-09-21T22:00:00","slug":"elisabetta-canalis-l-abito-da-sposa-all-asta","status":"publish","type":"post","link":"https:\/\/www.gossip.it\/news\/elisabetta-canalis-l-abito-da-sposa-all-asta\/","title":{"rendered":"Elisabetta Canalis, l'abito da sposa all'asta"},"content":{"rendered":"<p>Sul <a href=\"http:\/\/www.gossip.it\/vip\/social\/\">social<\/a> ha postato una foto in cui <a href=\"http:\/\/www.gossip.it\/vip\/alessandro-angelozzi\/\">Alessandro Angelozzi<\/a>, lo stilista che ha creato il suo abito da sposa, le ritocca il vestito con ago e filo. <a href=\"http:\/\/www.gossip.it\/vip\/elisabetta-canalis\/\">Elisabetta Canalis<\/a> \u00e8 bellissima. Il giorno dei <a href=\"http:\/\/www.gossip.it\/vip\/fiori-d'arancio\/\">fiori d'arancio<\/a>, <a href=\"www.gossip.it\/protagonisti\/elisabetta_canalis_e_brian_perri_il_loro_giorno_del_si_foto_sperw.html?id=b4bebc31dd7dfc241787802828005f95\">lo scorso 14 settembre<\/a>, ha incantato tutti: il suo s\u00ec con <a href=\"http:\/\/www.gossip.it\/vip\/brian-perri\/\">Brian Perri<\/a> \u00e8 stato davvero romantico e sognante.<\/p>\n<figure class=\"caption\"><img decoding=\"async\" alt=\"\" width=\"620\" height=\"608\" src=\"http:\/\/files.gossip.it\/immagini_news\/2014\/09\/1411376922_1can.jpg\" \/><figcaption>\u00a0Elisabetta Canalis, ora signora Perri, ha deciso di mettere all'asta il suo abito da sposa per charity<\/figcaption><\/figure>\n<p>L'ex <a href=\"http:\/\/www.gossip.it\/vip\/velina\/\">velina<\/a> 36enne, impegnatissima durante la <a href=\"http:\/\/www.gossip.it\/vip\/milano-fashion week\/\">Milano Fashion Week<\/a>, ha scelto di non partire subito per la luna di miele. Il neo marito, chirurgo ortopedico americano, \u00e8 gi\u00e0 tornato negli States per impegni lavorativi. Eli, invece, ha deciso di fermarsi un po' nel capoluogo lombardo. <em>\"Mi manca un sacco Milano<\/em> - ha spiegato la mora al <strong><em>Corriere della Sera<\/em><\/strong> - <em>Per lavoro arrivo a Milano sempre qualche giorno prima rispetto a mio marito. Entro in casa e mi viene un po\u2019 di malinconia perch\u00e9 ho sempre vissuto la mia casa di Milano al mille percento. Oggi invece quando appoggio le valige, mi guardo intorno e vedo tutto cos\u00ec fermo mi fa impressione\"<\/em>. La <a href=\"http:\/\/www.gossip.it\/vip\/moda\/\">moda<\/a> \u00e8 un suo pallino:<em> \"Spesso esco con look molto sportivi. Brian ama molto la mia femminilit\u00e0 ma sta iniziando ad apprezzare anche il mio lato pi\u00f9 maschiaccio. Milano \u00e8 ancora la capitale della moda, anche se alla citt\u00e0, rispetto a New York o Parigi, mancano un po\u2019 di glamour internazionale e i servizi per i turisti\"<\/em>.<\/p>\n<figure class=\"caption\"><img decoding=\"async\" alt=\"\" width=\"620\" height=\"872\" src=\"http:\/\/files.gossip.it\/immagini_news\/2014\/09\/1411381594_2can.jpg\" \/><figcaption>L'ex velina 36enne a Milano si \u00e8 goduta la Fashion Week, ospite pure della sfilata Maria Grazia Severi<\/figcaption><\/figure>\n<p>Impegnata socialmente, la Canalis ha annunciato: <strong><em>\"Ho deciso di mettere all\u2019asta il mio vestito da sposa per sostenere la comunit\u00e0 Criaturas di Alghero che si occupa di accoglienza di minori\"<\/em><\/strong>. Per aggiudicarselo, dalle 10 di luned\u00ec 22 settembre fino al 6 ottobre si possono fare offerte sul Charitystars.com.<br \/>Infine una battuta relativa alla querelle sull'abito che l'amica <a href=\"http:\/\/www.gossip.it\/vip\/belen-rodriguez\/\">Belen Rodriguez<\/a> <a href=\"http:\/\/www.gossip.it\/news\/belen_rodriguez_in_blu_per_la_canalis_news.html?ID=1410774255\">ha indossato per le sue nozze, giudicato troppo appariscente<\/a>. <strong><em>\"Sono solo contenta che ci fosse e che ci fossero tutti i miei amici. Alle polemiche non faccio caso\u201d<\/em><\/strong>.\u00a0<\/p>\n<p>\u00a0<\/p>\n","protected":false},"excerpt":{"rendered":"<p>Sul social ha postato una foto in cui Alessandro Angelozzi, lo stilista che ha creato il suo abito da sposa, le ritocca il vestito con ago e filo. Elisabetta Canalis \u00e8 bellissima. Il giorno dei fiori d'arancio, lo scorso 14 settembre, ha incantato tutti: il suo s\u00ec con Brian Perri \u00e8 stato davvero romantico e [&hellip;]<\/p>\n","protected":false},"author":1,"featured_media":105116,"comment_status":"closed","ping_status":"closed","sticky":false,"template":"","format":"standard","meta":{"footnotes":""},"categories":[54],"tags":[8559,8825,2102,2220,2121,1950,2216,8852,2568,1967,1923,6561],"vip":[396,649],"class_list":["post-49070","post","type-post","status-publish","format-standard","has-post-thumbnail","hentry","category-news","tag-alessandro-angelozzi","tag-brian-perri","tag-dichiarazioni","tag-fiori-darancio","tag-instagram","tag-matrimonio","tag-nozze","tag-pieri","tag-protagonisti","tag-showgirl","tag-social","tag-velina","vip-belen_rodriguez","vip-elisabetta_canalis"],"yoast_head":"<title>Elisabetta Canalis, l&#039;abito da sposa all&#039;asta - Gossip.it | News sul Gossip e VIP<\/title>\n<meta name=\"description\" content=\"Sul social ha postato una foto in cui Alessandro Angelozzi, lo stilista che ha creato il suo abito da sposa, le ritocca il vestito con ago e filo.\" \/>\n<meta name=\"robots\" content=\"index, follow, max-snippet:-1, max-image-preview:large, max-video-preview:-1\" \/>\n<link rel=\"canonical\" href=\"https:\/\/www.gossip.it\/news\/elisabetta-canalis-l-abito-da-sposa-all-asta\/\" \/>\n<meta property=\"og:locale\" content=\"it_IT\" \/>\n<meta property=\"og:type\" content=\"article\" \/>\n<meta property=\"og:title\" content=\"Elisabetta Canalis, l&#039;abito da sposa all&#039;asta - Gossip.it | News sul Gossip e VIP\" \/>\n<meta property=\"og:description\" content=\"Sul social ha postato una foto in cui Alessandro Angelozzi, lo stilista che ha creato il suo abito da sposa, le ritocca il vestito con ago e filo.\" \/>\n<meta property=\"og:url\" content=\"https:\/\/www.gossip.it\/news\/elisabetta-canalis-l-abito-da-sposa-all-asta\/\" \/>\n<meta property=\"og:site_name\" content=\"Gossip.it | News sul Gossip e VIP\" \/>\n<meta property=\"article:publisher\" content=\"https:\/\/www.facebook.com\/GossipIT\" \/>\n<meta property=\"article:published_time\" content=\"2014-09-21T22:00:00+00:00\" \/>\n<meta property=\"og:image\" content=\"http:\/\/files.gossip.it\/immagini_news\/2014\/09\/1411376922_1can.jpg\" \/>\n<meta name=\"author\" content=\"La Redazione\" \/>\n<meta name=\"twitter:card\" content=\"summary_large_image\" \/>\n<meta name=\"twitter:image\" content=\"http:\/\/files.gossip.it\/immagini_news\/2014\/09\/1411376922_1can.jpg\" \/>\n<meta name=\"twitter:creator\" content=\"@gossinews_it\" \/>\n<meta name=\"twitter:site\" content=\"@gossinews_it\" \/>\n<meta name=\"twitter:label1\" content=\"Scritto da\" \/>\n\t<meta name=\"twitter:data1\" content=\"Annamaria Capozzi\" \/>\n\t<meta name=\"twitter:label2\" content=\"Tempo di lettura stimato\" \/>\n\t<meta name=\"twitter:data2\" content=\"2 minuti\" \/>","yoast_head_json":{"title":"Elisabetta Canalis, l'abito da sposa all'asta - Gossip.it | News sul Gossip e VIP","description":"Sul social ha postato una foto in cui Alessandro Angelozzi, lo stilista che ha creato il suo abito da sposa, le ritocca il vestito con ago e filo.","robots":{"index":"index","follow":"follow","max-snippet":"max-snippet:-1","max-image-preview":"max-image-preview:large","max-video-preview":"max-video-preview:-1"},"canonical":"https:\/\/www.gossip.it\/news\/elisabetta-canalis-l-abito-da-sposa-all-asta\/","og_locale":"it_IT","og_type":"article","og_title":"Elisabetta Canalis, l'abito da sposa all'asta - Gossip.it | News sul Gossip e VIP","og_description":"Sul social ha postato una foto in cui Alessandro Angelozzi, lo stilista che ha creato il suo abito da sposa, le ritocca il vestito con ago e filo.","og_url":"https:\/\/www.gossip.it\/news\/elisabetta-canalis-l-abito-da-sposa-all-asta\/","og_site_name":"Gossip.it | News sul Gossip e VIP","article_publisher":"https:\/\/www.facebook.com\/GossipIT","article_published_time":"2014-09-21T22:00:00+00:00","og_image":[{"url":"http:\/\/files.gossip.it\/immagini_news\/2014\/09\/1411376922_1can.jpg"}],"author":"La Redazione","twitter_card":"summary_large_image","twitter_image":"http:\/\/files.gossip.it\/immagini_news\/2014\/09\/1411376922_1can.jpg","twitter_creator":"@gossinews_it","twitter_site":"@gossinews_it","twitter_misc":{"Scritto da":"Annamaria Capozzi","Tempo di lettura stimato":"2 minuti"},"schema":{"@context":"https:\/\/schema.org","@graph":[{"@type":"Article","@id":"https:\/\/www.gossip.it\/news\/elisabetta-canalis-l-abito-da-sposa-all-asta\/#article","isPartOf":{"@id":"https:\/\/www.gossip.it\/news\/elisabetta-canalis-l-abito-da-sposa-all-asta\/"},"author":{"name":"La Redazione","@id":"https:\/\/www.gossip.it\/#\/schema\/person\/488896f75158bff1cc83c6c39d141110"},"headline":"Elisabetta Canalis, l'abito da sposa all'asta","datePublished":"2014-09-21T22:00:00+00:00","dateModified":"2014-09-21T22:00:00+00:00","mainEntityOfPage":{"@id":"https:\/\/www.gossip.it\/news\/elisabetta-canalis-l-abito-da-sposa-all-asta\/"},"wordCount":354,"publisher":{"@id":"https:\/\/www.gossip.it\/#organization"},"image":{"@id":"https:\/\/www.gossip.it\/news\/elisabetta-canalis-l-abito-da-sposa-all-asta\/#primaryimage"},"thumbnailUrl":"http:\/\/files.gossip.it\/immagini_news\/2014\/09\/1411376922_1can.jpg","keywords":["alessandro angelozzi","brian perri","dichiarazioni","fiori d&#039;arancio","instagram","matrimonio","nozze","pieri","protagonisti","showgirl","social","velina"],"articleSection":["News"],"inLanguage":"it-IT"},{"@type":"WebPage","@id":"https:\/\/www.gossip.it\/news\/elisabetta-canalis-l-abito-da-sposa-all-asta\/","url":"https:\/\/www.gossip.it\/news\/elisabetta-canalis-l-abito-da-sposa-all-asta\/","name":"Elisabetta Canalis, l'abito da sposa all'asta - Gossip.it | News sul Gossip e VIP","isPartOf":{"@id":"https:\/\/www.gossip.it\/#website"},"primaryImageOfPage":{"@id":"https:\/\/www.gossip.it\/news\/elisabetta-canalis-l-abito-da-sposa-all-asta\/#primaryimage"},"image":{"@id":"https:\/\/www.gossip.it\/news\/elisabetta-canalis-l-abito-da-sposa-all-asta\/#primaryimage"},"thumbnailUrl":"http:\/\/files.gossip.it\/immagini_news\/2014\/09\/1411376922_1can.jpg","datePublished":"2014-09-21T22:00:00+00:00","dateModified":"2014-09-21T22:00:00+00:00","description":"Sul social ha postato una foto in cui Alessandro Angelozzi, lo stilista che ha creato il suo abito da sposa, le ritocca il vestito con ago e filo.","breadcrumb":{"@id":"https:\/\/www.gossip.it\/news\/elisabetta-canalis-l-abito-da-sposa-all-asta\/#breadcrumb"},"inLanguage":"it-IT","potentialAction":[{"@type":"ReadAction","target":["https:\/\/www.gossip.it\/news\/elisabetta-canalis-l-abito-da-sposa-all-asta\/"]}]},{"@type":"ImageObject","inLanguage":"it-IT","@id":"https:\/\/www.gossip.it\/news\/elisabetta-canalis-l-abito-da-sposa-all-asta\/#primaryimage","url":"http:\/\/files.gossip.it\/immagini_news\/2014\/09\/1411376922_1can.jpg","contentUrl":"http:\/\/files.gossip.it\/immagini_news\/2014\/09\/1411376922_1can.jpg"},{"@type":"BreadcrumbList","@id":"https:\/\/www.gossip.it\/news\/elisabetta-canalis-l-abito-da-sposa-all-asta\/#breadcrumb","itemListElement":[{"@type":"ListItem","position":1,"name":"Home","item":"https:\/\/www.gossip.it\/"},{"@type":"ListItem","position":2,"name":"Elisabetta Canalis, l'abito da sposa all'asta"}]},{"@type":"WebSite","@id":"https:\/\/www.gossip.it\/#website","url":"https:\/\/www.gossip.it\/","name":"Gossip and VIP News","description":"Quotidiano di cronaca rosa, costume e societ\u00e0","publisher":{"@id":"https:\/\/www.gossip.it\/#organization"},"alternateName":"Gossip and VIP News","potentialAction":[{"@type":"SearchAction","target":{"@type":"EntryPoint","urlTemplate":"https:\/\/www.gossip.it\/?s={search_term_string}"},"query-input":{"@type":"PropertyValueSpecification","valueRequired":true,"valueName":"search_term_string"}}],"inLanguage":"it-IT"},{"@type":"Organization","@id":"https:\/\/www.gossip.it\/#organization","name":"Gossip and VIP News","alternateName":"Gossip News","url":"https:\/\/www.gossip.it\/","logo":{"@type":"ImageObject","inLanguage":"it-IT","@id":"https:\/\/www.gossip.it\/#\/schema\/logo\/image\/","url":"https:\/\/www.gossip.it\/wp-content\/uploads\/2022\/04\/cropped-corna-alta-tiny.png","contentUrl":"https:\/\/www.gossip.it\/wp-content\/uploads\/2022\/04\/cropped-corna-alta-tiny.png","width":512,"height":512,"caption":"Gossip and VIP News"},"image":{"@id":"https:\/\/www.gossip.it\/#\/schema\/logo\/image\/"},"sameAs":["https:\/\/www.facebook.com\/GossipIT","https:\/\/x.com\/gossinews_it","https:\/\/instagram.com\/gossip_it"]},{"@type":"Person","@id":"https:\/\/www.gossip.it\/#\/schema\/person\/488896f75158bff1cc83c6c39d141110","name":"La Redazione","image":{"@type":"ImageObject","inLanguage":"it-IT","@id":"https:\/\/www.gossip.it\/#\/schema\/person\/image\/","url":"https:\/\/secure.gravatar.com\/avatar\/5a5f5c6fa3e6700e4249abdad0263a1e94e927d9e0499b1cb09c1cd29c044d80?s=96&d=mm&r=g","contentUrl":"https:\/\/secure.gravatar.com\/avatar\/5a5f5c6fa3e6700e4249abdad0263a1e94e927d9e0499b1cb09c1cd29c044d80?s=96&d=mm&r=g","caption":"La Redazione"},"sameAs":["https:\/\/www.gossip.it"]}]}},"amp_enabled":true,"_links":{"self":[{"href":"https:\/\/www.gossip.it\/api\/wp\/v2\/posts\/49070","targetHints":{"allow":["GET"]}}],"collection":[{"href":"https:\/\/www.gossip.it\/api\/wp\/v2\/posts"}],"about":[{"href":"https:\/\/www.gossip.it\/api\/wp\/v2\/types\/post"}],"author":[{"embeddable":true,"href":"https:\/\/www.gossip.it\/api\/wp\/v2\/users\/1"}],"replies":[{"embeddable":true,"href":"https:\/\/www.gossip.it\/api\/wp\/v2\/comments?post=49070"}],"version-history":[{"count":0,"href":"https:\/\/www.gossip.it\/api\/wp\/v2\/posts\/49070\/revisions"}],"wp:featuredmedia":[{"embeddable":true,"href":"https:\/\/www.gossip.it\/api\/wp\/v2\/media\/105116"}],"wp:attachment":[{"href":"https:\/\/www.gossip.it\/api\/wp\/v2\/media?parent=49070"}],"wp:term":[{"taxonomy":"category","embeddable":true,"href":"https:\/\/www.gossip.it\/api\/wp\/v2\/categories?post=49070"},{"taxonomy":"post_tag","embeddable":true,"href":"https:\/\/www.gossip.it\/api\/wp\/v2\/tags?post=49070"},{"taxonomy":"vip","embeddable":true,"href":"https:\/\/www.gossip.it\/api\/wp\/v2\/vip?post=49070"}],"curies":[{"name":"wp","href":"https:\/\/api.w.org\/{rel}","templated":true}]}}