{"id":49128,"date":"2014-09-25T00:00:00","date_gmt":"2014-09-24T22:00:00","guid":{"rendered":"https:\/\/www.gossip.it\/senza-categoria\/ilary-blasi-stavolta-per-le-iene-e-rossa\/"},"modified":"2014-09-25T00:00:00","modified_gmt":"2014-09-24T22:00:00","slug":"ilary-blasi-stavolta-per-le-iene-e-rossa","status":"publish","type":"post","link":"https:\/\/www.gossip.it\/news\/ilary-blasi-stavolta-per-le-iene-e-rossa\/","title":{"rendered":"Ilary Blasi stavolta per 'Le Iene' \u00e8 rossa"},"content":{"rendered":"<p>Ieri, in onda con la seconda puntata de <strong>\"<\/strong><a href=\"http:\/\/www.gossip.it\/vip\/le-iene\/\">Le Iene<\/a><strong>\"<\/strong> su <strong>Italia 1<\/strong>, in coppia con <a href=\"http:\/\/www.gossip.it\/vip\/teo-mammucari\/\">Teo Mammucari<\/a>, coadiuvata anche da la\u00a0<a href=\"http:\/\/www.gossip.it\/vip\/-gialappa's\/\">Gialappa's<\/a>,\u00a0<a href=\"http:\/\/www.gossip.it\/vip\/-ilary blasi\/\">Ilary Blasi<\/a> ha scelto il red. La bella ex <a href=\"http:\/\/www.gossip.it\/vip\/letterina\/\">Letterina<\/a>, alla conduzione dello show firmato da <a href=\"http:\/\/www.gossip.it\/vip\/davide-parenti\/\">Davide Parenti<\/a> per l'ottavo anno consecutivo, ha indossato un top personalizzato in ecopelle rosso griffato <strong>Odi et Amo<\/strong> e sotto gonna stretta in tono sempre dello stesso materiale <strong>Parosh<\/strong>. Ai piedi le strepitose <strong>Blade<\/strong> di <strong>Casadei<\/strong>, che tanto fanno impazzire le vip e non solo.<\/p>\n<figure class=\"caption\"><img decoding=\"async\" alt=\"\" width=\"620\" height=\"886\" src=\"http:\/\/files.gossip.it\/immagini_news\/2014\/09\/1411647457_1bl.jpg\" \/><figcaption>Ilary Blasi ha scelto l'ecopelle rossa per andare in onda con la seconda puntata de 'Le Iene'<\/figcaption><\/figure>\n<p>Solare pi\u00f9 del solito, scatenata, nonostante la mise, si \u00e8 divertita a fare acrobazie insieme al <em>'suo'<\/em> Teo, incontenibile come non mai.<\/p>\n<figure class=\"caption\"><img decoding=\"async\" alt=\"\" width=\"620\" height=\"849\" src=\"http:\/\/files.gossip.it\/immagini_news\/2014\/09\/1411647511_2bl.jpg\" \/><figcaption>La moglie di Francesco Totti si \u00e8 divertita con Teo Mammucari a fare acrobazie scatenata<\/figcaption><\/figure>\n<p>Finita la trasmissione, la moglie di <a href=\"http:\/\/www.gossip.it\/vip\/francesco-totti\/\">Francesco Totti<\/a>, mamma di <strong>Cristian<\/strong> e <strong>Chanel<\/strong>, si \u00e8 regalata sicuramente il giusto relax, condito pure dalla quarta vittoria di fila dei giallorossi in serata a Parma con il 'suo' Capitano in campo. Qualche giorno fa a Roma, la sua citt\u00e0, si era messa nelle mani della bravissima <strong>Alessia Solidani<\/strong>, hair stylist di fiducia. E' andata a via dei Gracchi e si \u00e8 accomodata nel suo salone, per concedersi un'acconciatura tutta da vedere.\u00a0<\/p>\n<figure class=\"caption\"><img decoding=\"async\" alt=\"\" width=\"620\" height=\"485\" src=\"http:\/\/files.gossip.it\/immagini_news\/2014\/09\/1411647617_3bl.jpg\" \/><figcaption>Ilary in tv \u00e8 sempre pi\u00f9 sexy, anche se nella vita di tutti i giorni dice di preferire la semplicit\u00e0<\/figcaption><\/figure>\n<p>E' stata la stessa Solidani a postare su <em>Instagram<\/em> gli scatti in cui Ilary si lascia trasformare la chioma e ha cinguettato: <em>\"Ilary Blasi Acconciatura...taglio e colore Alessia Solidani per Asalon... #rolllights #superblonde #blonde #hairtrends #hairlook #asalon\"<\/em>.<\/p>\n<figure class=\"caption\"><img decoding=\"async\" alt=\"\" width=\"620\" height=\"350\" src=\"http:\/\/files.gossip.it\/immagini_news\/2014\/09\/1411647681_4bl.jpg\" \/><figcaption>Ilary Blasi dall'hair stylist Alessia Solidani, a Roma, per concedersi un'acconciatura favolosa<\/figcaption><\/figure>\n<p>Il risultato finale ha mostrato la Blasi affascinante e sognante, con l'abito in pizzo bianco indosso, forse pronta per uno shooting o un evento a cui ha partecipato, raccogliendo i soliti sguardi ammirati dei presenti.<\/p>\n<p>\u00a0<\/p>\n<p>\u00a0<\/p>\n","protected":false},"excerpt":{"rendered":"<p>Ieri, in onda con la seconda puntata de \"Le Iene\" su Italia 1, in coppia con Teo Mammucari, coadiuvata anche da la\u00a0Gialappa's,\u00a0Ilary Blasi ha scelto il red. La bella ex Letterina, alla conduzione dello show firmato da Davide Parenti per l'ottavo anno consecutivo, ha indossato un top personalizzato in ecopelle rosso griffato Odi et Amo [&hellip;]<\/p>\n","protected":false},"author":1,"featured_media":105174,"comment_status":"closed","ping_status":"closed","sticky":false,"template":"","format":"standard","meta":{"footnotes":""},"categories":[54],"tags":[2218,3609,2149,1992,7322,2102,2131,1928,1879,1923,2682,2097],"vip":[801,952],"class_list":["post-49128","post","type-post","status-publish","format-standard","has-post-thumbnail","hentry","category-news","tag-calciatore","tag-calcio","tag-chanel","tag-conduttrice","tag-cristian","tag-dichiarazioni","tag-italia-1","tag-le-iene","tag-roma","tag-social","tag-sport","tag-tv","vip-francesco_totti","vip-ilary_blasi"],"yoast_head":"<title>Ilary Blasi stavolta per &#039;Le Iene&#039; \u00e8 rossa - Gossip.it | News sul Gossip e VIP<\/title>\n<meta name=\"description\" content=\"Ieri, in onda con la seconda puntata de &quot;Le Iene&quot; su Italia 1, in coppia con Teo Mammucari, coadiuvata anche da la\u00a0Gialappa&#039;s,\u00a0Ilary Blasi ha scelto il\" \/>\n<meta name=\"robots\" content=\"index, follow, max-snippet:-1, max-image-preview:large, max-video-preview:-1\" \/>\n<link rel=\"canonical\" href=\"https:\/\/www.gossip.it\/news\/ilary-blasi-stavolta-per-le-iene-e-rossa\/\" \/>\n<meta property=\"og:locale\" content=\"it_IT\" \/>\n<meta property=\"og:type\" content=\"article\" \/>\n<meta property=\"og:title\" content=\"Ilary Blasi stavolta per &#039;Le Iene&#039; \u00e8 rossa - Gossip.it | News sul Gossip e VIP\" \/>\n<meta property=\"og:description\" content=\"Ieri, in onda con la seconda puntata de &quot;Le Iene&quot; su Italia 1, in coppia con Teo Mammucari, coadiuvata anche da la\u00a0Gialappa&#039;s,\u00a0Ilary Blasi ha scelto il\" \/>\n<meta property=\"og:url\" content=\"https:\/\/www.gossip.it\/news\/ilary-blasi-stavolta-per-le-iene-e-rossa\/\" \/>\n<meta property=\"og:site_name\" content=\"Gossip.it | News sul Gossip e VIP\" \/>\n<meta property=\"article:publisher\" content=\"https:\/\/www.facebook.com\/GossipIT\" \/>\n<meta property=\"article:published_time\" content=\"2014-09-24T22:00:00+00:00\" \/>\n<meta property=\"og:image\" content=\"http:\/\/files.gossip.it\/immagini_news\/2014\/09\/1411647457_1bl.jpg\" \/>\n<meta name=\"author\" content=\"La Redazione\" \/>\n<meta name=\"twitter:card\" content=\"summary_large_image\" \/>\n<meta name=\"twitter:image\" content=\"http:\/\/files.gossip.it\/immagini_news\/2014\/09\/1411647457_1bl.jpg\" \/>\n<meta name=\"twitter:creator\" content=\"@gossinews_it\" \/>\n<meta name=\"twitter:site\" content=\"@gossinews_it\" \/>\n<meta name=\"twitter:label1\" content=\"Scritto da\" \/>\n\t<meta name=\"twitter:data1\" content=\"Annamaria Capozzi\" \/>\n\t<meta name=\"twitter:label2\" content=\"Tempo di lettura stimato\" \/>\n\t<meta name=\"twitter:data2\" content=\"2 minuti\" \/>","yoast_head_json":{"title":"Ilary Blasi stavolta per 'Le Iene' \u00e8 rossa - Gossip.it | News sul Gossip e VIP","description":"Ieri, in onda con la seconda puntata de \"Le Iene\" su Italia 1, in coppia con Teo Mammucari, coadiuvata anche da la\u00a0Gialappa's,\u00a0Ilary Blasi ha scelto il","robots":{"index":"index","follow":"follow","max-snippet":"max-snippet:-1","max-image-preview":"max-image-preview:large","max-video-preview":"max-video-preview:-1"},"canonical":"https:\/\/www.gossip.it\/news\/ilary-blasi-stavolta-per-le-iene-e-rossa\/","og_locale":"it_IT","og_type":"article","og_title":"Ilary Blasi stavolta per 'Le Iene' \u00e8 rossa - Gossip.it | News sul Gossip e VIP","og_description":"Ieri, in onda con la seconda puntata de \"Le Iene\" su Italia 1, in coppia con Teo Mammucari, coadiuvata anche da la\u00a0Gialappa's,\u00a0Ilary Blasi ha scelto il","og_url":"https:\/\/www.gossip.it\/news\/ilary-blasi-stavolta-per-le-iene-e-rossa\/","og_site_name":"Gossip.it | News sul Gossip e VIP","article_publisher":"https:\/\/www.facebook.com\/GossipIT","article_published_time":"2014-09-24T22:00:00+00:00","og_image":[{"url":"http:\/\/files.gossip.it\/immagini_news\/2014\/09\/1411647457_1bl.jpg"}],"author":"La Redazione","twitter_card":"summary_large_image","twitter_image":"http:\/\/files.gossip.it\/immagini_news\/2014\/09\/1411647457_1bl.jpg","twitter_creator":"@gossinews_it","twitter_site":"@gossinews_it","twitter_misc":{"Scritto da":"Annamaria Capozzi","Tempo di lettura stimato":"2 minuti"},"schema":{"@context":"https:\/\/schema.org","@graph":[{"@type":"Article","@id":"https:\/\/www.gossip.it\/news\/ilary-blasi-stavolta-per-le-iene-e-rossa\/#article","isPartOf":{"@id":"https:\/\/www.gossip.it\/news\/ilary-blasi-stavolta-per-le-iene-e-rossa\/"},"author":{"name":"La Redazione","@id":"https:\/\/www.gossip.it\/#\/schema\/person\/488896f75158bff1cc83c6c39d141110"},"headline":"Ilary Blasi stavolta per 'Le Iene' \u00e8 rossa","datePublished":"2014-09-24T22:00:00+00:00","dateModified":"2014-09-24T22:00:00+00:00","mainEntityOfPage":{"@id":"https:\/\/www.gossip.it\/news\/ilary-blasi-stavolta-per-le-iene-e-rossa\/"},"wordCount":330,"publisher":{"@id":"https:\/\/www.gossip.it\/#organization"},"image":{"@id":"https:\/\/www.gossip.it\/news\/ilary-blasi-stavolta-per-le-iene-e-rossa\/#primaryimage"},"thumbnailUrl":"http:\/\/files.gossip.it\/immagini_news\/2014\/09\/1411647457_1bl.jpg","keywords":["calciatore","calcio","chanel","conduttrice","cristian","dichiarazioni","italia 1","le iene","roma","social","sport","tv"],"articleSection":["News"],"inLanguage":"it-IT"},{"@type":"WebPage","@id":"https:\/\/www.gossip.it\/news\/ilary-blasi-stavolta-per-le-iene-e-rossa\/","url":"https:\/\/www.gossip.it\/news\/ilary-blasi-stavolta-per-le-iene-e-rossa\/","name":"Ilary Blasi stavolta per 'Le Iene' \u00e8 rossa - Gossip.it | News sul Gossip e VIP","isPartOf":{"@id":"https:\/\/www.gossip.it\/#website"},"primaryImageOfPage":{"@id":"https:\/\/www.gossip.it\/news\/ilary-blasi-stavolta-per-le-iene-e-rossa\/#primaryimage"},"image":{"@id":"https:\/\/www.gossip.it\/news\/ilary-blasi-stavolta-per-le-iene-e-rossa\/#primaryimage"},"thumbnailUrl":"http:\/\/files.gossip.it\/immagini_news\/2014\/09\/1411647457_1bl.jpg","datePublished":"2014-09-24T22:00:00+00:00","dateModified":"2014-09-24T22:00:00+00:00","description":"Ieri, in onda con la seconda puntata de \"Le Iene\" su Italia 1, in coppia con Teo Mammucari, coadiuvata anche da la\u00a0Gialappa's,\u00a0Ilary Blasi ha scelto il","breadcrumb":{"@id":"https:\/\/www.gossip.it\/news\/ilary-blasi-stavolta-per-le-iene-e-rossa\/#breadcrumb"},"inLanguage":"it-IT","potentialAction":[{"@type":"ReadAction","target":["https:\/\/www.gossip.it\/news\/ilary-blasi-stavolta-per-le-iene-e-rossa\/"]}]},{"@type":"ImageObject","inLanguage":"it-IT","@id":"https:\/\/www.gossip.it\/news\/ilary-blasi-stavolta-per-le-iene-e-rossa\/#primaryimage","url":"http:\/\/files.gossip.it\/immagini_news\/2014\/09\/1411647457_1bl.jpg","contentUrl":"http:\/\/files.gossip.it\/immagini_news\/2014\/09\/1411647457_1bl.jpg"},{"@type":"BreadcrumbList","@id":"https:\/\/www.gossip.it\/news\/ilary-blasi-stavolta-per-le-iene-e-rossa\/#breadcrumb","itemListElement":[{"@type":"ListItem","position":1,"name":"Home","item":"https:\/\/www.gossip.it\/"},{"@type":"ListItem","position":2,"name":"Ilary Blasi stavolta per 'Le Iene' \u00e8 rossa"}]},{"@type":"WebSite","@id":"https:\/\/www.gossip.it\/#website","url":"https:\/\/www.gossip.it\/","name":"Gossip and VIP News","description":"Quotidiano di cronaca rosa, costume e societ\u00e0","publisher":{"@id":"https:\/\/www.gossip.it\/#organization"},"alternateName":"Gossip and VIP News","potentialAction":[{"@type":"SearchAction","target":{"@type":"EntryPoint","urlTemplate":"https:\/\/www.gossip.it\/?s={search_term_string}"},"query-input":{"@type":"PropertyValueSpecification","valueRequired":true,"valueName":"search_term_string"}}],"inLanguage":"it-IT"},{"@type":"Organization","@id":"https:\/\/www.gossip.it\/#organization","name":"Gossip and VIP News","alternateName":"Gossip News","url":"https:\/\/www.gossip.it\/","logo":{"@type":"ImageObject","inLanguage":"it-IT","@id":"https:\/\/www.gossip.it\/#\/schema\/logo\/image\/","url":"https:\/\/www.gossip.it\/wp-content\/uploads\/2022\/04\/cropped-corna-alta-tiny.png","contentUrl":"https:\/\/www.gossip.it\/wp-content\/uploads\/2022\/04\/cropped-corna-alta-tiny.png","width":512,"height":512,"caption":"Gossip and VIP News"},"image":{"@id":"https:\/\/www.gossip.it\/#\/schema\/logo\/image\/"},"sameAs":["https:\/\/www.facebook.com\/GossipIT","https:\/\/x.com\/gossinews_it","https:\/\/instagram.com\/gossip_it"]},{"@type":"Person","@id":"https:\/\/www.gossip.it\/#\/schema\/person\/488896f75158bff1cc83c6c39d141110","name":"La Redazione","image":{"@type":"ImageObject","inLanguage":"it-IT","@id":"https:\/\/www.gossip.it\/#\/schema\/person\/image\/","url":"https:\/\/secure.gravatar.com\/avatar\/5a5f5c6fa3e6700e4249abdad0263a1e94e927d9e0499b1cb09c1cd29c044d80?s=96&d=mm&r=g","contentUrl":"https:\/\/secure.gravatar.com\/avatar\/5a5f5c6fa3e6700e4249abdad0263a1e94e927d9e0499b1cb09c1cd29c044d80?s=96&d=mm&r=g","caption":"La Redazione"},"sameAs":["https:\/\/www.gossip.it"]}]}},"amp_enabled":true,"_links":{"self":[{"href":"https:\/\/www.gossip.it\/api\/wp\/v2\/posts\/49128","targetHints":{"allow":["GET"]}}],"collection":[{"href":"https:\/\/www.gossip.it\/api\/wp\/v2\/posts"}],"about":[{"href":"https:\/\/www.gossip.it\/api\/wp\/v2\/types\/post"}],"author":[{"embeddable":true,"href":"https:\/\/www.gossip.it\/api\/wp\/v2\/users\/1"}],"replies":[{"embeddable":true,"href":"https:\/\/www.gossip.it\/api\/wp\/v2\/comments?post=49128"}],"version-history":[{"count":0,"href":"https:\/\/www.gossip.it\/api\/wp\/v2\/posts\/49128\/revisions"}],"wp:featuredmedia":[{"embeddable":true,"href":"https:\/\/www.gossip.it\/api\/wp\/v2\/media\/105174"}],"wp:attachment":[{"href":"https:\/\/www.gossip.it\/api\/wp\/v2\/media?parent=49128"}],"wp:term":[{"taxonomy":"category","embeddable":true,"href":"https:\/\/www.gossip.it\/api\/wp\/v2\/categories?post=49128"},{"taxonomy":"post_tag","embeddable":true,"href":"https:\/\/www.gossip.it\/api\/wp\/v2\/tags?post=49128"},{"taxonomy":"vip","embeddable":true,"href":"https:\/\/www.gossip.it\/api\/wp\/v2\/vip?post=49128"}],"curies":[{"name":"wp","href":"https:\/\/api.w.org\/{rel}","templated":true}]}}