{"id":49152,"date":"2014-09-29T00:00:00","date_gmt":"2014-09-28T22:00:00","guid":{"rendered":"https:\/\/www.gossip.it\/senza-categoria\/francesca-de-andre-in-orfanotrofio-a-15-anni\/"},"modified":"2014-09-29T00:00:00","modified_gmt":"2014-09-28T22:00:00","slug":"francesca-de-andre-in-orfanotrofio-a-15-anni","status":"publish","type":"post","link":"https:\/\/www.gossip.it\/news\/francesca-de-andre-in-orfanotrofio-a-15-anni\/","title":{"rendered":"Francesca De Andr\u00e9, in orfanotrofio a 15 anni"},"content":{"rendered":"<p>Ospite della prima puntata di <strong>\"Domenica Live\"<\/strong>, intervistata da <a href=\"http:\/\/www.gossip.it\/vip\/barbara-d'urso\/\">Barbara d'Urso<\/a>, <a href=\"http:\/\/www.gossip.it\/vip\/francesca-de andr\u00e8\/\">Francesca De Andr\u00e8<\/a>, figlia di <a href=\"http:\/\/www.gossip.it\/vip\/cristiano-de-andre\/\">Cristiano<\/a> e nipote di <strong>Fabrizio De Andr\u00e8<\/strong>, ha raccontato la sua difficile adolescenza: <strong>a 15 anni, nonostante i genitori godessero di ottima salute, \u00e8 stata affidata al Comune di Milano e ha vissuto in orfanotrofio<\/strong>. <em>\"I miei genitori<\/em> - ha spiegato la ragazza - <em>si sono separati quando avevo tre anni, <strong>io sono scappata di casa quando ne avevo quindici<\/strong>. Mia madre \u00e8 spagnola, \u00e8 venuta in Italia e si \u00e8 ritrovata da sola con tre bambini (ho due fratelli gemelli) senza nessuno che le potesse darle una mano.<strong> A 15 anni, come dicevo, me ne sono andata perch\u00e9 i rapporti con mia madre erano diventati davvero invivibili<\/strong>. La ringrazio perch\u00e9 mi ha fatto crescere con un'educazione rigida che mi ha aiutato ad essere la donna che sono, per\u00f2 non potevo pi\u00f9 vivere con lei. <strong>Alla fine \u00e8 intervenuto il giudice minorile e sono stata affidata a mio padre ma sono stata l\u00ec solo quattro mesi ed \u00e8 stato tragico perch\u00e9 mio padre era troppo libertino per gestirmi<\/strong>. <strong>Sono finita in orfanotrofio perch\u00e9 nessuno dei miei parenti ha fatto in modo di avere il mio affidamento. Quindi dono finita a casa Nazareth, un orfanotrofio del Comune di Milano<\/strong>\"<\/em>.<\/p>\n<figure class=\"caption\"><img decoding=\"async\" alt=\"\" width=\"620\" height=\"400\" src=\"http:\/\/files.gossip.it\/immagini_news\/2014\/09\/1411990087_nf1.jpg\" \/><figcaption>Francesca De Andr\u00e8 ospite di Barbara d'Urso a Domenica Live ha raccontato di quando, a 15 anni, \u00e8 finita in orfanotrofio<\/figcaption><\/figure>\n<p>Francesca ha raccontato che per lei quel periodo \u00e8 stato un incubo: <em>\"Il mio problema principale<\/em> - ha detto - <em>era che mi avevano dato una tutrice, un'assistente sociale, che \u00e8 stata di una cattiveria tremenda: 'Tu non ha pi\u00f9 una famiglia', mi diceva, 'non hai pi\u00f9 genitori, sorelle o parenti. Questa \u00e8 casa tua e lo sar\u00e0 per sempre'. Voleva togliermi dalla mia scuola, il liceo linguistico che frequentavo, per farmi fare una scuola di estetica. Le altre ragazze erano figlie di persone che avevano avuto problemi grossi, cercavano un po' di nonnismo se vogliamo chiamarlo cos\u00ec. <strong>Nessuno dei miei parenti \u00e8 mai venuto a trovarmi. Nemmeno una chiamata per sapere come stessi. Mio padre, dal momento in cui non mi aveva pi\u00f9 tra le scatole, si sentiva a posto cos\u00ec\"<\/strong><\/em>. <em>\"Io ogni tanto scappavo<\/em> - ha aggiunto la De Andr\u00e9 - <em>vedevo il mio fidanzato di allora. Venivano a prendermi i carabinieri a scuola per riportarmi all'istituto. Mi trovavano a scuola perch\u00e9 frequentavo sempre. <strong>Ho minacciato di andarmene all'estero fino a che non avrei compiuto diciotto anni. Sono tenuti male quei posti, i ragazzi vanno seguiti di pi\u00f9<\/strong>. <strong>Non so come sia la situazione adesso, ma io ho vissuto un incubo<\/strong>\"<\/em>. Infine l'ex naufraga dell'\"Isola dei famosi\", attualmente felicemente fidanzata con <a href=\"http:\/\/www.gossip.it\/vip\/daniele-interrante\/\">Daniele Interrante<\/a>, ha detto che con pap\u00e0 Cristiano ha mantenuto <em>\"un rapporto amichevole\"<\/em>.<\/p>\n<figure class=\"caption\"><img decoding=\"async\" alt=\"\" width=\"620\" height=\"400\" src=\"http:\/\/files.gossip.it\/immagini_news\/2014\/09\/1411990168_nf2.jpg\" \/><figcaption>Francesca, mentre raccontava la sua adolescenza travagliata, si \u00e8 anche commossa<\/figcaption><\/figure>\n<figure class=\"caption\"><img decoding=\"async\" alt=\"\" width=\"620\" height=\"620\" src=\"http:\/\/files.gossip.it\/immagini_news\/2014\/09\/1411990304_nf3.jpg\" \/><figcaption>Francesca ha raccontato alla d'Urso di essere stata abbandonata dai familiari, in primis il padre Cristiano De Andr\u00e8, con cui, per\u00f2, ha mantenuto un rapporto amichevole<\/figcaption><\/figure>\n<p>Le parole di Francesca hanno profondamente colpito <a href=\"http:\/\/www.gossip.it\/vip\/alba-parietti\/\">Alba Parietti<\/a>, un tempo legata a Cristiano De Andr\u00e8. La <a href=\"http:\/\/www.gossip.it\/vip\/showgir\/\">showgir<\/a>l ha scritto un lungo post su <strong>Facebook<\/strong>, esprimendo tutta la sua solidariet\u00e0 nei confronti della ragazza e attaccando Cristiano, colpevole di non essersi preso cura della figlia: <em>\"<strong>Oggi vedendo l'intervista di Francesca ho provato vergogna e dispiacere. Le cose di cui lei parla le sapevo, i comportamenti di suo padre nei confronti dei figli li ho sempre saputi , ero al corrente di tutto, dai loro disperati racconti da ci\u00f2 che avevo visto, ne sono stata sempre cosciente, ma anche io ho chiuso un'occhio, e ho pensato stupidamente che anche lui , povera vittima a sua volta, aveva subito e sofferto e che con me sarebbe stato diverso, come tutte le donne che amano, che compatiscono proteggono il loro aguzzino, ho pensato che con me sarebbe stato un uomo, che lo avrei aiutato a essere consapevole dei suoi tragici errori, da quello che oggi ho visto descrivere. E quello che ne \u00e8 venuto fuori \u00e8 quello che \u00e8<\/strong>. <strong>Nonostante abbia spesso provato tenerezza, per la sua disperata incapacit\u00e0 di amare gli altri e rispettare per primo se stesso. Sono stata sua complice nello sdoganarlo, nel coprire , nel giustificare, come sempre hanno fatto tutti , i suoi comportamenti, inaccettabili, che non sono mai cambiati mai migliorati, senza consapevolezza senza dispiacere per il male fatto e pentimento . Ho provato ad affrontarlo , a dirgli la verit\u00e0' su come si comportava<\/strong>. A fargli da coscienza da specchio, da altre ego, a riportarlo alla realt\u00e0 e sono stata allontanata. Esclusa come un'appestata.Con cattiveria e volont\u00e0 di mortificarmi.<strong> Lui non ha mai chiesto scusa a nessuno per il male che ha sempre fatto a tutti o detto un grazie per l'aiuto ricevuto. Per nessuno. Zero rispetto per s\u00e8 e per gli altri. Totalmente concentrato su un progetto autodistruttivo che coinvolgeva chiunque gli stesse vicino<\/strong>. Francesca ha rotto la catena, ha rotto l'incantesimo del silenzio su una storia di cui tutti siamo consapevoli, tutti, di atteggiamenti che nessuno deve pi\u00f9 giustificare per compatimento perch\u00e9 producono altro dolore e altre vittime come di questo silenzio. Si deve rompere la catena e non coprire non giustificare l'orrore che si riproduce a effetto domino. <strong>Basta giustificare uomini che offendono, mortificano usano violenza psicologica e fisica su figli, mogli, amiche, amici, donne magari deboli. Basta giustificare l'orrore nasconderlo, occultar lo come spazzatura sotto un bel tappeto<\/strong>. <strong>Bisogna avere il coraggio di dire la verit\u00e0' di liberarsi di scomodi e comodi fantasmi.<\/strong> Di distruggere il passato e rielaborarlo per potere guardare il presente con orgoglio dignit\u00e0 e distacco dal dolore prima di tutto. Affrontando la verit\u00e0 e smettere di imbiancare sepolcri in nome del \" buon nome\" ti voglio bene piccola <strong>Francesca e mi hai commosso. Io sono stata una cattiva ragazza come te, e come te provocavo e provoco perch\u00e9 sono stata abituata a difendermi a lottare anche contro chi mi doveva proteggere. L'immagine che ne \u00e8 uscita \u00e8 vera e pulita. \u00c8 una richiesta di aiuto, di scuse che non sono mai arrivate insieme al bisogno di una presenza da padre adulto che un padre deve alla figlia. Io ricordo la notte in cui sei stata ore ad aspettare che io e tuo padre facessimo pace al telefono, e tu 4 ore ad aspettare, per il bene nostro che bene non e' stato. Non ti fare intimorire fatti chiedere scusa da tutti. Te lo devono. Ti abbraccio fortissimo, Alba<\/strong>\"<\/em>.<\/p>\n<figure class=\"caption\"><img decoding=\"async\" alt=\"\" width=\"620\" height=\"500\" src=\"http:\/\/files.gossip.it\/immagini_news\/2014\/09\/1411990480_nf-parietti.jpg\" \/><figcaption>Alba Parietti, dopo aver visto l'intervista della De Andr\u00e8, ha scritto un lungo post su Facebook in sostengo della ragazza e attaccando suo padre Cristiano<\/figcaption><\/figure>\n<p>\u00a0<\/p>\n<p>\u00a0<\/p>\n","protected":false},"excerpt":{"rendered":"<p>Ospite della prima puntata di \"Domenica Live\", intervistata da Barbara d'Urso, Francesca De Andr\u00e8, figlia di Cristiano e nipote di Fabrizio De Andr\u00e8, ha raccontato la sua difficile adolescenza: a 15 anni, nonostante i genitori godessero di ottima salute, \u00e8 stata affidata al Comune di Milano e ha vissuto in orfanotrofio. \"I miei genitori - [&hellip;]<\/p>\n","protected":false},"author":1,"featured_media":105198,"comment_status":"closed","ping_status":"closed","sticky":false,"template":"","format":"standard","meta":{"footnotes":""},"categories":[54],"tags":[32667,2102,7441,8593,1979,31275],"vip":[231,383,558,774],"class_list":["post-49152","post","type-post","status-publish","format-standard","has-post-thumbnail","hentry","category-news","tag-cristiano-de-andre","tag-dichiarazioni","tag-domenica-live","tag-fabrizio-de-andre","tag-milano","tag-orfanotrofio","vip-alba_parietti","vip-barbara_durso","vip-daniele_interrante","vip-francesca_de_andre"],"yoast_head":"<title>Francesca De Andr\u00e9, in orfanotrofio a 15 anni - Gossip.it | News sul Gossip e VIP<\/title>\n<meta name=\"description\" content=\"Ospite della prima puntata di &quot;Domenica Live&quot;, intervistata da Barbara d&#039;Urso, Francesca De Andr\u00e8, figlia di Cristiano e nipote di Fabrizio De Andr\u00e8, ha\" \/>\n<meta name=\"robots\" content=\"index, follow, max-snippet:-1, max-image-preview:large, max-video-preview:-1\" \/>\n<link rel=\"canonical\" href=\"https:\/\/www.gossip.it\/news\/francesca-de-andre-in-orfanotrofio-a-15-anni\/\" \/>\n<meta property=\"og:locale\" content=\"it_IT\" \/>\n<meta property=\"og:type\" content=\"article\" \/>\n<meta property=\"og:title\" content=\"Francesca De Andr\u00e9, in orfanotrofio a 15 anni - Gossip.it | News sul Gossip e VIP\" \/>\n<meta property=\"og:description\" content=\"Ospite della prima puntata di &quot;Domenica Live&quot;, intervistata da Barbara d&#039;Urso, Francesca De Andr\u00e8, figlia di Cristiano e nipote di Fabrizio De Andr\u00e8, ha\" \/>\n<meta property=\"og:url\" content=\"https:\/\/www.gossip.it\/news\/francesca-de-andre-in-orfanotrofio-a-15-anni\/\" \/>\n<meta property=\"og:site_name\" content=\"Gossip.it | News sul Gossip e VIP\" \/>\n<meta property=\"article:publisher\" content=\"https:\/\/www.facebook.com\/GossipIT\" \/>\n<meta property=\"article:published_time\" content=\"2014-09-28T22:00:00+00:00\" \/>\n<meta property=\"og:image\" content=\"http:\/\/files.gossip.it\/immagini_news\/2014\/09\/1411990087_nf1.jpg\" \/>\n<meta name=\"author\" content=\"La Redazione\" \/>\n<meta name=\"twitter:card\" content=\"summary_large_image\" \/>\n<meta name=\"twitter:image\" content=\"http:\/\/files.gossip.it\/immagini_news\/2014\/09\/1411990087_nf1.jpg\" \/>\n<meta name=\"twitter:creator\" content=\"@gossinews_it\" \/>\n<meta name=\"twitter:site\" content=\"@gossinews_it\" \/>\n<meta name=\"twitter:label1\" content=\"Scritto da\" \/>\n\t<meta name=\"twitter:data1\" content=\"Francesca Romana Domenici\" \/>\n\t<meta name=\"twitter:label2\" content=\"Tempo di lettura stimato\" \/>\n\t<meta name=\"twitter:data2\" content=\"5 minuti\" \/>","yoast_head_json":{"title":"Francesca De Andr\u00e9, in orfanotrofio a 15 anni - Gossip.it | News sul Gossip e VIP","description":"Ospite della prima puntata di \"Domenica Live\", intervistata da Barbara d'Urso, Francesca De Andr\u00e8, figlia di Cristiano e nipote di Fabrizio De Andr\u00e8, ha","robots":{"index":"index","follow":"follow","max-snippet":"max-snippet:-1","max-image-preview":"max-image-preview:large","max-video-preview":"max-video-preview:-1"},"canonical":"https:\/\/www.gossip.it\/news\/francesca-de-andre-in-orfanotrofio-a-15-anni\/","og_locale":"it_IT","og_type":"article","og_title":"Francesca De Andr\u00e9, in orfanotrofio a 15 anni - Gossip.it | News sul Gossip e VIP","og_description":"Ospite della prima puntata di \"Domenica Live\", intervistata da Barbara d'Urso, Francesca De Andr\u00e8, figlia di Cristiano e nipote di Fabrizio De Andr\u00e8, ha","og_url":"https:\/\/www.gossip.it\/news\/francesca-de-andre-in-orfanotrofio-a-15-anni\/","og_site_name":"Gossip.it | News sul Gossip e VIP","article_publisher":"https:\/\/www.facebook.com\/GossipIT","article_published_time":"2014-09-28T22:00:00+00:00","og_image":[{"url":"http:\/\/files.gossip.it\/immagini_news\/2014\/09\/1411990087_nf1.jpg"}],"author":"La Redazione","twitter_card":"summary_large_image","twitter_image":"http:\/\/files.gossip.it\/immagini_news\/2014\/09\/1411990087_nf1.jpg","twitter_creator":"@gossinews_it","twitter_site":"@gossinews_it","twitter_misc":{"Scritto da":"Francesca Romana Domenici","Tempo di lettura stimato":"5 minuti"},"schema":{"@context":"https:\/\/schema.org","@graph":[{"@type":"Article","@id":"https:\/\/www.gossip.it\/news\/francesca-de-andre-in-orfanotrofio-a-15-anni\/#article","isPartOf":{"@id":"https:\/\/www.gossip.it\/news\/francesca-de-andre-in-orfanotrofio-a-15-anni\/"},"author":{"name":"La Redazione","@id":"https:\/\/www.gossip.it\/#\/schema\/person\/488896f75158bff1cc83c6c39d141110"},"headline":"Francesca De Andr\u00e9, in orfanotrofio a 15 anni","datePublished":"2014-09-28T22:00:00+00:00","dateModified":"2014-09-28T22:00:00+00:00","mainEntityOfPage":{"@id":"https:\/\/www.gossip.it\/news\/francesca-de-andre-in-orfanotrofio-a-15-anni\/"},"wordCount":1100,"publisher":{"@id":"https:\/\/www.gossip.it\/#organization"},"image":{"@id":"https:\/\/www.gossip.it\/news\/francesca-de-andre-in-orfanotrofio-a-15-anni\/#primaryimage"},"thumbnailUrl":"http:\/\/files.gossip.it\/immagini_news\/2014\/09\/1411990087_nf1.jpg","keywords":["cristiano de andr\u00e8","dichiarazioni","domenica live","fabrizio de andr\u00e8","milano","orfanotrofio"],"articleSection":["News"],"inLanguage":"it-IT"},{"@type":"WebPage","@id":"https:\/\/www.gossip.it\/news\/francesca-de-andre-in-orfanotrofio-a-15-anni\/","url":"https:\/\/www.gossip.it\/news\/francesca-de-andre-in-orfanotrofio-a-15-anni\/","name":"Francesca De Andr\u00e9, in orfanotrofio a 15 anni - Gossip.it | News sul Gossip e VIP","isPartOf":{"@id":"https:\/\/www.gossip.it\/#website"},"primaryImageOfPage":{"@id":"https:\/\/www.gossip.it\/news\/francesca-de-andre-in-orfanotrofio-a-15-anni\/#primaryimage"},"image":{"@id":"https:\/\/www.gossip.it\/news\/francesca-de-andre-in-orfanotrofio-a-15-anni\/#primaryimage"},"thumbnailUrl":"http:\/\/files.gossip.it\/immagini_news\/2014\/09\/1411990087_nf1.jpg","datePublished":"2014-09-28T22:00:00+00:00","dateModified":"2014-09-28T22:00:00+00:00","description":"Ospite della prima puntata di \"Domenica Live\", intervistata da Barbara d'Urso, Francesca De Andr\u00e8, figlia di Cristiano e nipote di Fabrizio De Andr\u00e8, ha","breadcrumb":{"@id":"https:\/\/www.gossip.it\/news\/francesca-de-andre-in-orfanotrofio-a-15-anni\/#breadcrumb"},"inLanguage":"it-IT","potentialAction":[{"@type":"ReadAction","target":["https:\/\/www.gossip.it\/news\/francesca-de-andre-in-orfanotrofio-a-15-anni\/"]}]},{"@type":"ImageObject","inLanguage":"it-IT","@id":"https:\/\/www.gossip.it\/news\/francesca-de-andre-in-orfanotrofio-a-15-anni\/#primaryimage","url":"http:\/\/files.gossip.it\/immagini_news\/2014\/09\/1411990087_nf1.jpg","contentUrl":"http:\/\/files.gossip.it\/immagini_news\/2014\/09\/1411990087_nf1.jpg"},{"@type":"BreadcrumbList","@id":"https:\/\/www.gossip.it\/news\/francesca-de-andre-in-orfanotrofio-a-15-anni\/#breadcrumb","itemListElement":[{"@type":"ListItem","position":1,"name":"Home","item":"https:\/\/www.gossip.it\/"},{"@type":"ListItem","position":2,"name":"Francesca De Andr\u00e9, in orfanotrofio a 15 anni"}]},{"@type":"WebSite","@id":"https:\/\/www.gossip.it\/#website","url":"https:\/\/www.gossip.it\/","name":"Gossip and VIP News","description":"Quotidiano di cronaca rosa, costume e societ\u00e0","publisher":{"@id":"https:\/\/www.gossip.it\/#organization"},"alternateName":"Gossip and VIP News","potentialAction":[{"@type":"SearchAction","target":{"@type":"EntryPoint","urlTemplate":"https:\/\/www.gossip.it\/?s={search_term_string}"},"query-input":{"@type":"PropertyValueSpecification","valueRequired":true,"valueName":"search_term_string"}}],"inLanguage":"it-IT"},{"@type":"Organization","@id":"https:\/\/www.gossip.it\/#organization","name":"Gossip and VIP News","alternateName":"Gossip News","url":"https:\/\/www.gossip.it\/","logo":{"@type":"ImageObject","inLanguage":"it-IT","@id":"https:\/\/www.gossip.it\/#\/schema\/logo\/image\/","url":"https:\/\/www.gossip.it\/wp-content\/uploads\/2022\/04\/cropped-corna-alta-tiny.png","contentUrl":"https:\/\/www.gossip.it\/wp-content\/uploads\/2022\/04\/cropped-corna-alta-tiny.png","width":512,"height":512,"caption":"Gossip and VIP News"},"image":{"@id":"https:\/\/www.gossip.it\/#\/schema\/logo\/image\/"},"sameAs":["https:\/\/www.facebook.com\/GossipIT","https:\/\/x.com\/gossinews_it","https:\/\/instagram.com\/gossip_it"]},{"@type":"Person","@id":"https:\/\/www.gossip.it\/#\/schema\/person\/488896f75158bff1cc83c6c39d141110","name":"La Redazione","image":{"@type":"ImageObject","inLanguage":"it-IT","@id":"https:\/\/www.gossip.it\/#\/schema\/person\/image\/","url":"https:\/\/secure.gravatar.com\/avatar\/5a5f5c6fa3e6700e4249abdad0263a1e94e927d9e0499b1cb09c1cd29c044d80?s=96&d=mm&r=g","contentUrl":"https:\/\/secure.gravatar.com\/avatar\/5a5f5c6fa3e6700e4249abdad0263a1e94e927d9e0499b1cb09c1cd29c044d80?s=96&d=mm&r=g","caption":"La Redazione"},"sameAs":["https:\/\/www.gossip.it"]}]}},"amp_enabled":true,"_links":{"self":[{"href":"https:\/\/www.gossip.it\/api\/wp\/v2\/posts\/49152","targetHints":{"allow":["GET"]}}],"collection":[{"href":"https:\/\/www.gossip.it\/api\/wp\/v2\/posts"}],"about":[{"href":"https:\/\/www.gossip.it\/api\/wp\/v2\/types\/post"}],"author":[{"embeddable":true,"href":"https:\/\/www.gossip.it\/api\/wp\/v2\/users\/1"}],"replies":[{"embeddable":true,"href":"https:\/\/www.gossip.it\/api\/wp\/v2\/comments?post=49152"}],"version-history":[{"count":0,"href":"https:\/\/www.gossip.it\/api\/wp\/v2\/posts\/49152\/revisions"}],"wp:featuredmedia":[{"embeddable":true,"href":"https:\/\/www.gossip.it\/api\/wp\/v2\/media\/105198"}],"wp:attachment":[{"href":"https:\/\/www.gossip.it\/api\/wp\/v2\/media?parent=49152"}],"wp:term":[{"taxonomy":"category","embeddable":true,"href":"https:\/\/www.gossip.it\/api\/wp\/v2\/categories?post=49152"},{"taxonomy":"post_tag","embeddable":true,"href":"https:\/\/www.gossip.it\/api\/wp\/v2\/tags?post=49152"},{"taxonomy":"vip","embeddable":true,"href":"https:\/\/www.gossip.it\/api\/wp\/v2\/vip?post=49152"}],"curies":[{"name":"wp","href":"https:\/\/api.w.org\/{rel}","templated":true}]}}